{"id":5399,"date":"2024-08-14T10:43:44","date_gmt":"2024-08-14T13:43:44","guid":{"rendered":"https:\/\/paginacero.com.uy\/?p=5399"},"modified":"2024-08-14T10:43:44","modified_gmt":"2024-08-14T13:43:44","slug":"el-19-habra-dos-pruebas-en-durazno-para-acreditacion-de-saberes-de-primaria","status":"publish","type":"post","link":"https:\/\/paginacero.com.uy\/?p=5399","title":{"rendered":"El 19 habr\u00e1 dos pruebas en Durazno para acreditaci\u00f3n de saberes de primaria"},"content":{"rendered":"<p><strong><span class=\"TextRun SCXW139700506 BCX0\" lang=\"ES-UY\" xml:lang=\"ES-UY\" data-contrast=\"auto\"><span class=\"NormalTextRun SCXW139700506 BCX0\" data-ccp-parastyle=\"Standard\" data-ccp-parastyle-defn=\"{&quot;ObjectId&quot;:&quot;dce58b40-3ed4-47ef-bb78-04864fef7993|5&quot;,&quot;ClassId&quot;:1073872969,&quot;Properties&quot;:[469775450,&quot;Standard&quot;,201340122,&quot;2&quot;,134233614,&quot;true&quot;,469778129,&quot;Standard&quot;,335572020,&quot;1&quot;,469777841,&quot;Times New Roman&quot;,469777842,&quot;Arial&quot;,469777843,&quot;SimSun&quot;,469777844,&quot;Times New Roman&quot;,469769226,&quot;Times New Roman,Arial,SimSun&quot;,268442635,&quot;24&quot;,335559704,&quot;1081&quot;,335559705,&quot;2052&quot;,335551547,&quot;14346&quot;,134245417,&quot;false&quot;]}\">Una nueva prueba de acreditaci\u00f3n de saberes en Educaci\u00f3n Primaria tendr\u00e1 lugar el 19 de agosto a las 13:00 horas en el Instituto de <\/span><span class=\"NormalTextRun SCXW139700506 BCX0\" data-ccp-parastyle=\"Standard\">Perfeccionamiento y Estudios Superiores (Asilo 3255), Montevideo. En el interior del pa\u00eds la prueba se realizar\u00e1 <\/span><span class=\"NormalTextRun AdvancedProofingIssueV2Themed SCXW139700506 BCX0\" data-ccp-parastyle=\"Standard\">de acuerdo al<\/span><span class=\"NormalTextRun SCXW139700506 BCX0\" data-ccp-parastyle=\"Standard\"> calendario online disponible en el portal de ANEP.<\/span><\/span><span class=\"EOP SCXW139700506 BCX0\" data-ccp-props=\"{&quot;134245417&quot;:false}\">\u00a0<\/span><\/strong><!--more--><\/p>\n<p><span data-contrast=\"auto\">Durazno tendr\u00e1 dos sedes, a la hora 9.00 se realizar\u00e1 la actividad en el INR ubicado en barrio La Curva y a las 14.00 en la Inspecci\u00f3n Departamental.<\/span><span data-ccp-props=\"{&quot;134245417&quot;:false}\">\u00a0<\/span><\/p>\n<p><span data-contrast=\"auto\">La prueba es impulsada por la Direcci\u00f3n de Educaci\u00f3n de J\u00f3venes y Adultos (DEJA) de la ANEP, y permite a quienes la aprueben completar la Educaci\u00f3n Primaria. Se realiza cuatro veces en el a\u00f1o, en febrero, mayo, agosto y noviembre. La elaboraci\u00f3n del instrumento de evaluaci\u00f3n estar\u00e1 estrictamente bajo la responsabilidad de la DEJA.<\/span><span data-ccp-props=\"{&quot;134245417&quot;:false}\">\u00a0<\/span><\/p>\n<p><span data-contrast=\"auto\">Para rendir la prueba la persona tiene que tener 14 a\u00f1os cumplidos. No es condici\u00f3n necesaria haber cursado en escuelas o en espacios o centros de j\u00f3venes y adultos.<\/span><span data-ccp-props=\"{&quot;134245417&quot;:false}\">\u00a0<\/span><\/p>\n<p><span data-contrast=\"auto\">Hasta 2017 exist\u00eda un per\u00edodo para pruebas especiales de acreditaci\u00f3n de j\u00f3venes y adultos, para determinadas situaciones de discapacidad. Dese 2018, en todos los per\u00edodos se incluyen pruebas con adecuaciones para las diversas necesidades.<\/span><span data-ccp-props=\"{&quot;134245417&quot;:false}\">\u00a0<\/span><\/p>\n<p><span data-contrast=\"auto\">Esta modalidad fue propuesta por la ex Inspecci\u00f3n Nacional de Educaci\u00f3n de Adultos del CEP (Consejo de Educaci\u00f3n Primaria), representada en ese entonces por el maestro inspector Heriberto Gesto. El proyecto se present\u00f3 en el a\u00f1o 1987, el Consejo Directivo Central lo aprob\u00f3 en diciembre y se aplic\u00f3 en agosto del siguiente a\u00f1o.<\/span><span data-ccp-props=\"{&quot;134245417&quot;:false}\">\u00a0<\/span><\/p>\n<p><span data-contrast=\"auto\">La Ley Nacional de Educaci\u00f3n (18.437) declara en su primer art\u00edculo que es de inter\u00e9s general \u201cla promoci\u00f3n del goce y el efectivo ejercicio del derecho a la educaci\u00f3n, como un derecho humano fundamental\u201d. Agrega que \u201cel Estado garantizar\u00e1 y promover\u00e1 una educaci\u00f3n de calidad para todos sus habitantes, a lo largo de toda la vida, facilitando la continuidad educativa\u201d. Desde esta perspectiva, la DEJA garantiza el acceso a la educaci\u00f3n de una de las franjas de la poblaci\u00f3n m\u00e1s vulnerable del pa\u00eds.<\/span><span data-ccp-props=\"{&quot;134245417&quot;:false}\">\u00a0<\/span><\/p>\n<p><span data-contrast=\"auto\">Esta prueba permite la obtenci\u00f3n de un certificado que acredita los aprendizajes compatibles con la finalizaci\u00f3n del nivel primario y habilita a la continuaci\u00f3n de estudios en Educaci\u00f3n Media en cualquiera de sus modalidades.<\/span><span data-ccp-props=\"{&quot;134245417&quot;:false}\">\u00a0<\/span><\/p>\n<p><span data-contrast=\"auto\">Para rendir la prueba la persona tiene que tener 14 a\u00f1os cumplidos. No es condici\u00f3n necesaria haber cursado en escuelas o en espacios o centros de j\u00f3venes y adultos.<\/span><span data-ccp-props=\"{&quot;134245417&quot;:false}\">\u00a0<\/span><\/p>\n<p><span data-contrast=\"auto\">La Prueba de Acreditaci\u00f3n de saberes para primaria fue propuesta en el a\u00f1o 1988 por la ex Inspecci\u00f3n Nacional de Educaci\u00f3n de Adultos del entonces CEP \u2013representada en ese entonces por el Inspector Eriberto Gesto-, aprobada por el CODICEN en diciembre y aplicada en agosto del siguiente a\u00f1o.<\/span><span data-ccp-props=\"{&quot;134245417&quot;:false}\">\u00a0<\/span><\/p>\n<p><span data-contrast=\"auto\">En los departamentos del interior ser\u00e1 de tres miembros: el Docente Coordinador Departamental de la DEJA (en los departamentos que cuentan con esta figura), un miembro designado por la Inspecci\u00f3n Departamental del CEIP (Inspector, Director o Maestro con experiencia en 6\u00b0 a\u00f1o), un maestro de la DEJA. Atendiendo la postulaci\u00f3n de aspirantes con medidas de reclusi\u00f3n y\/o amparo de INAU, un Maestro designado por este organismo.<\/span><span data-ccp-props=\"{&quot;134245417&quot;:false}\">\u00a0<\/span><\/p>\n<p><span data-contrast=\"auto\">La evaluaci\u00f3n se realiza con una prueba escrita no eliminatoria, de dos horas de duraci\u00f3n, entrevista con el Tribunal, de car\u00e1cter obligatorio. El resultado ser\u00e1 aprobado o no aprobado, de acuerdo al criterio del tribunal.<\/span><span data-ccp-props=\"{&quot;134245417&quot;:false}\">\u00a0<\/span><\/p>\n<p><span data-contrast=\"auto\">En actas constar\u00e1 el listado de personas que rindieron la prueba y sus resultados. La constancia en la que figurar\u00e1n lugar y fecha de rendida la prueba, es estricta responsabilidad de la\u00a0 DEJA y ser\u00e1 entregada a los aspirantes que aprueban. Debe contar con sello y la \u00fanica firma validada por el MEC: de la Directora Educaci\u00f3n de J\u00f3venes y Adultos.<\/span><span data-ccp-props=\"{&quot;134245417&quot;:false}\">\u00a0<\/span><\/p>\n","protected":false},"excerpt":{"rendered":"<p>Una nueva prueba de acreditaci\u00f3n de saberes en Educaci\u00f3n Primaria tendr\u00e1 lugar el 19 de agosto a las 13:00 horas en el Instituto de Perfeccionamiento y Estudios Superiores (Asilo 3255), Montevideo. En el interior del pa\u00eds la prueba se realizar\u00e1 de acuerdo al calendario online disponible en el portal de ANEP.\u00a0<\/p>\n","protected":false},"author":4,"featured_media":5400,"comment_status":"closed","ping_status":"closed","sticky":false,"template":"","format":"standard","meta":{"footnotes":""},"categories":[5],"tags":[],"class_list":["post-5399","post","type-post","status-publish","format-standard","has-post-thumbnail","hentry","category-durazno"],"_links":{"self":[{"href":"https:\/\/paginacero.com.uy\/index.php?rest_route=\/wp\/v2\/posts\/5399","targetHints":{"allow":["GET"]}}],"collection":[{"href":"https:\/\/paginacero.com.uy\/index.php?rest_route=\/wp\/v2\/posts"}],"about":[{"href":"https:\/\/paginacero.com.uy\/index.php?rest_route=\/wp\/v2\/types\/post"}],"author":[{"embeddable":true,"href":"https:\/\/paginacero.com.uy\/index.php?rest_route=\/wp\/v2\/users\/4"}],"replies":[{"embeddable":true,"href":"https:\/\/paginacero.com.uy\/index.php?rest_route=%2Fwp%2Fv2%2Fcomments&post=5399"}],"version-history":[{"count":1,"href":"https:\/\/paginacero.com.uy\/index.php?rest_route=\/wp\/v2\/posts\/5399\/revisions"}],"predecessor-version":[{"id":5401,"href":"https:\/\/paginacero.com.uy\/index.php?rest_route=\/wp\/v2\/posts\/5399\/revisions\/5401"}],"wp:featuredmedia":[{"embeddable":true,"href":"https:\/\/paginacero.com.uy\/index.php?rest_route=\/wp\/v2\/media\/5400"}],"wp:attachment":[{"href":"https:\/\/paginacero.com.uy\/index.php?rest_route=%2Fwp%2Fv2%2Fmedia&parent=5399"}],"wp:term":[{"taxonomy":"category","embeddable":true,"href":"https:\/\/paginacero.com.uy\/index.php?rest_route=%2Fwp%2Fv2%2Fcategories&post=5399"},{"taxonomy":"post_tag","embeddable":true,"href":"https:\/\/paginacero.com.uy\/index.php?rest_route=%2Fwp%2Fv2%2Ftags&post=5399"}],"curies":[{"name":"wp","href":"https:\/\/api.w.org\/{rel}","templated":true}]}}