{"id":5396,"date":"2024-08-14T10:40:56","date_gmt":"2024-08-14T13:40:56","guid":{"rendered":"https:\/\/paginacero.com.uy\/?p=5396"},"modified":"2024-08-14T10:40:56","modified_gmt":"2024-08-14T13:40:56","slug":"avanza-el-proyecto-de-clasificacion-y-compostaje-en-el-departamento","status":"publish","type":"post","link":"https:\/\/paginacero.com.uy\/?p=5396","title":{"rendered":"Avanza el proyecto de clasificaci\u00f3n y compostaje en el departamento"},"content":{"rendered":"<p><strong><span class=\"TextRun SCXW241998338 BCX0\" lang=\"ES-UY\" xml:lang=\"ES-UY\" data-contrast=\"auto\"><span class=\"NormalTextRun AdvancedProofingIssueV2Themed SCXW241998338 BCX0\" data-ccp-parastyle=\"Standard\" data-ccp-parastyle-defn=\"{&quot;ObjectId&quot;:&quot;ce580966-c8df-4356-85d2-6d7256f6b0a5|5&quot;,&quot;ClassId&quot;:1073872969,&quot;Properties&quot;:[469775450,&quot;Standard&quot;,201340122,&quot;2&quot;,134233614,&quot;true&quot;,469778129,&quot;Standard&quot;,335572020,&quot;1&quot;,469777841,&quot;Times New Roman&quot;,469777842,&quot;Arial&quot;,469777843,&quot;SimSun&quot;,469777844,&quot;Times New Roman&quot;,469769226,&quot;Times New Roman,Arial,SimSun&quot;,268442635,&quot;24&quot;,335559704,&quot;1081&quot;,335559705,&quot;2052&quot;,335551547,&quot;14346&quot;,134245417,&quot;false&quot;]}\">El CCR (Clasificaci\u00f3n, Compostaje y Reciclaje) es un programa que lleva adelante la Divisi\u00f3n Medio Ambiente del Departamento de Desarrollo y que ha impactado <\/span><span class=\"NormalTextRun AdvancedProofingIssueV2Themed SCXW241998338 BCX0\" data-ccp-parastyle=\"Standard\">favorablemente en la comunidad, con una apertura institucional y de la ciudadan\u00eda a recibir las composteras y reciclaje cart\u00f3n, papel y pl\u00e1stico.<\/span><\/span><span class=\"EOP SCXW241998338 BCX0\" data-ccp-props=\"{&quot;134245417&quot;:false}\">\u00a0<\/span><\/strong><!--more--><\/p>\n<p><span data-contrast=\"auto\">Janet Silvera, Jefa de la Divisi\u00f3n Medio Ambiente y Dayana Pi\u00f1eyro, T\u00e9cnica en Control Ambiental, son quienes encabezan esta actividad cotidianamente, llevando adelante los talleres y coordinando las acciones necesarias.<\/span><span data-ccp-props=\"{&quot;134245417&quot;:false}\">\u00a0<\/span><\/p>\n<p><span data-contrast=\"auto\">\u201cEl proyecto CCR ha avanzado notablemente con el tiempo, aumentando la cantidad de composteras y contenedores. La captaci\u00f3n de usuarios ha sido uno de los principales logros a medida que pasa el tiempo. A partir del\u00a0 trabajo en equipo y la sensibilizaci\u00f3n educativa en instituciones y poblaci\u00f3n en general ha sido la clave para promover el mismo\u00a0 y llevarlo a cabo, causando esto un gran crecimiento del proyecto\u201d dijeron desde la Divisi\u00f3n Medio Ambiente del Departamento de Desarrollo.<\/span><span data-ccp-props=\"{&quot;134245417&quot;:false}\">\u00a0<\/span><\/p>\n<p><span data-contrast=\"auto\">\u201cEl funcionamiento ha sido muy din\u00e1mico y positivo, generando esto un gran alcance de poblaci\u00f3n interesada y as\u00ed minimizando en gran porcentaje residuos org\u00e1nicos e inorg\u00e1nicos que llegar\u00edan al vertedero.\u00a0 Hoy contamos con varios contenedores en la ciudad: 16 ecobox y 3 botellones para el dep\u00f3sito de pl\u00e1sticos domiciliarios; en cuanto a las composteras aproximadamente 650 (usuarios de Sarand\u00ed del Y\u00ed y el Carmen) mas de 450 en la ciudad de Durazno, los contenedores para clasificar, aproximadamente 60 familias estan realizando la clasificacion en origen (org\u00e1nicos, pl\u00e1stico y cart\u00f3n). El alcance es variable, ya que el proyecto ha tenido ampliaciones significativas y la b\u00fasqueda de la misma para poder seguir ofreciendo dichos recursos por la demanda que se viene logrando en la comunidad\u201d agregaron.<\/span><span data-ccp-props=\"{&quot;134245417&quot;:false}\">\u00a0<\/span><\/p>\n<p><span data-contrast=\"auto\">El impacto que han tenido estas acciones, cubriendo a una poblaci\u00f3n sensibilizada sobre el tema, ha sido evaluado como importante.<\/span><span data-ccp-props=\"{&quot;134245417&quot;:false}\">\u00a0<\/span><\/p>\n<p><span data-contrast=\"auto\">\u201cSabemos que estas iniciativas en este tipo de tem\u00e1ticas se deben seguir fortaleciendo y generando el alcance necesario para poder seguir minimizando todo aquello que impacta en los recursos naturales. Siempre se sigue pensando y creando ideas para seguir creciendo y captando inter\u00e9s. El an\u00e1lisis que se hace de lo que se reduce con el uso de los dispositivos. El an\u00e1lisis realizado es significativo, considerando que, tiempo atr\u00e1s, este tipo de iniciativas no eran tan comunes dentro del sistema y m\u00e1s pensar que un recurso de esta dimensi\u00f3n puede ser usado por toda aquella persona y su tiempo de uso es ilimitado, solo depender\u00e1 del uso adecuado que haga con la compostera\u201d dijeron.<\/span><span data-ccp-props=\"{&quot;134245417&quot;:false}\">\u00a0<\/span><\/p>\n<p><span data-contrast=\"auto\">\u201cLos valores actuales, que reflejan la cantidad de residuos org\u00e1nicos e inorg\u00e1nicos que ya no est\u00e1n llegando al vertedero, son muy positivos,\u00a0 aunque el n\u00famero de composteras no sea proporcional a la cantidad total de habitantes, es notable que un gran n\u00famero de personas se est\u00e9n sumando y generando un cambio con esta peque\u00f1a, pero importante acci\u00f3n\u201d indicaron.<\/span><span data-ccp-props=\"{&quot;134245417&quot;:false}\">\u00a0<\/span><\/p>\n<p><span data-contrast=\"auto\">A futuro se espera seguir creciendo y aumentando la cantidad de familias comprometidas en estas actividades.<\/span><span data-ccp-props=\"{&quot;134245417&quot;:false}\">\u00a0<\/span><\/p>\n<p><span data-contrast=\"auto\">\u201cLas proyecciones a futuro se enfocan en seguir creciendo, como se ha mencionado anteriormente, manteniendo la sinergia que se ha logrado hasta ahora mediante el trabajo en equipo, la captaci\u00f3n de inter\u00e9s, la sensibilizaci\u00f3n directa y la ense\u00f1anza sobre el uso y los beneficios de formar parte de este proyecto. El crecimiento en la cantidad de composteras y contenedores depender\u00e1 siempre del apoyo Institucional Econ\u00f3mico y en Recursos humanos , como asi tambi\u00e9n de proyectos que se puedan presentar y lograr de esta forma los recursos necesarios para ejecutar las compras, y as\u00ed, luego poder\u00a0 seguir involucrando\u00a0 a la poblaci\u00f3n y las instituciones educativas sin el inter\u00e9s e involucramiento de la comunidad estos procesos no se pueden llevar a cabo\u201d dijeron.<\/span><span data-ccp-props=\"{&quot;134245417&quot;:false}\">\u00a0<\/span><\/p>\n<p><span data-contrast=\"auto\">\u201cEste proyecto realiza una recolecci\u00f3n selectiva de cart\u00f3n y pl\u00e1sticos. El circuito limpio recoge los residuos pl\u00e1sticos de los contenedores diferenciados y sigue un recorrido espec\u00edfico en ciertas zonas para recolectar cart\u00f3n, concentr\u00e1ndose en sectores comerciales de la ciudad y en algunos contenedores domiciliarios, ya que hay usuarios que separan estos materiales en sus hogares y luego los depositan en los contenedores que se encuentran en la ciudad. Se est\u00e1 interviniendo activamente en esta recolecci\u00f3n estrat\u00e9gica, captando cada vez m\u00e1s comercios e incrementando la cantidad de contenedores para abarcar m\u00e1s zonas de la ciudad. Una vez realizada la recolecci\u00f3n, los residuos son enviados a empresas terciarizadas que se encargan de enfardarlos y luego los transportan a Montevideo\u201d agregaron.<\/span><span data-ccp-props=\"{&quot;134245417&quot;:false}\">\u00a0<\/span><\/p>\n<p><span data-contrast=\"auto\">Durante este per\u00edodo han realizado varios talleres en todo el departamento, en cuanto al uso de las composteras, el reciclaje, entre otros temas.<\/span><span data-ccp-props=\"{&quot;134245417&quot;:false}\">\u00a0<\/span><\/p>\n<p><span data-contrast=\"auto\">\u201cLos talleres han sido uno de los principales factores que han tenido mayor incidencia en lo que respecta en captar personas que se interesan por ser parte de este proyecto. Han sido una parte fundamental para captar el inter\u00e9s de las personas en el compostaje y en el\u00a0 reciclaje. El enfoque inicial para generar inter\u00e9s fue a trav\u00e9s de las instituciones educativas, donde los ni\u00f1os, ni\u00f1as y adolescentes llevan la informaci\u00f3n a sus hogares, lo que motiva a sus familias a acercarse y preguntar c\u00f3mo formar parte del CCR (compostando, clasificando y reciclando). Tambi\u00e9n, se ha trabajado en la comunicaci\u00f3n y difusi\u00f3n, explicando de qu\u00e9 se trata el compostaje y reciclaje, resaltando la importancia de participar en estos procesos\u201d indicaron.<\/span><span data-ccp-props=\"{&quot;134245417&quot;:false}\">\u00a0<\/span><\/p>\n<p><span data-contrast=\"auto\">\u201cEn resumen, la estrategia principal ha sido sensibilizar directamente a la poblaci\u00f3n mediante talleres, charlas y encuentros informativos, donde se demuestra y explica el proceso de compostaje y el reciclaje y su relevancia para contribuir al cuidado de la naturaleza, promoviendo un cambio de h\u00e1bitos y fomentando acciones concretas para causar cambios significativos en el comportamiento de la comunidad\u201d dijeron.<\/span><span data-ccp-props=\"{&quot;134245417&quot;:false}\">\u00a0<\/span><\/p>\n<p><span data-contrast=\"auto\">En medio de la actividad, se han encontrado con instituciones educativas sensibles al tema.<\/span><span data-ccp-props=\"{&quot;134245417&quot;:false}\">\u00a0<\/span><\/p>\n<p><span data-contrast=\"auto\">\u201cLos proyectos escolares que nos hemos encontrado en este recorrido sensibilizando directamente en las instituciones es que est\u00e1n con ideas, ganas y est\u00e1n trabajando mucho sobre estos temas, hay mucho inter\u00e9s a nivel institucional y\u00a0 llegar con este proyecto fue muy bueno , ya que est\u00e1n las ideas y ahora los recursos para llevarlos a la pr\u00e1ctica y as\u00ed lograr cerrar el ciclo sostenible que estos procesos implican. Hay instituciones que son parte de este proyecto desde el 2022 el a\u00f1o que se inici\u00f3 y logramos llevarlo a acabo por dicha aprobaci\u00f3n de este proyecto\u201d agregaron.<\/span><span data-ccp-props=\"{&quot;134245417&quot;:false}\">\u00a0<\/span><\/p>\n<p><span data-contrast=\"auto\">\u201cAl d\u00eda de hoy ya hay muchas instituciones educativas que ya llevan numerosas cantidades de pl\u00e1sticos, tapitas entre otros tipos pl\u00e1sticos recolectados desde que se arranc\u00f3 a trabajar con el CCR.\u00a0 Lo mismo con la compostera no es lo mismo tener las ideas que poder complementar desde la pr\u00e1ctica con la teor\u00eda, por esto ha sido muy bueno el trabajo que se ha logrado. Al d\u00eda de hoy gran parte de las instituciones est\u00e1n viendo que han logrado mediante ese trabajo de clasificaci\u00f3n de residuos org\u00e1nicos e inorg\u00e1nicos y as\u00ed visualizar que recursos est\u00e1n generando mediante un residuo. Podemos decir que la mayor\u00eda de las instituciones del departamento han tenido dichos talleres y tienen una compostera con un contenedor que los padres tambi\u00e9n se han encargado de elaborar mediante estas iniciativas\u201d dijeron.<\/span><span data-ccp-props=\"{&quot;134245417&quot;:false}\">\u00a0<\/span><\/p>\n<p><span data-contrast=\"auto\">\u201cLa idea principal es estar abiertos y que las instituciones lleguen a nosotros para poder tener alcance a este proyecto y por ende contar con los recursos. El apoyo que se brinda a las instituciones es abierto y somos receptores de poder complementar con las instituciones para poder generar mayores resultados. Que las instituciones busquen integrarse es muy valioso, ya que muestra el inter\u00e9s necesario para que estos temas puedan seguir creciendo y generando lindos cambios en conjunto. Otro punto clave a nivel institucional es que siempre existen maestros\/as y docentes l\u00edderes en estas tem\u00e1ticas, entonces es m\u00e1s f\u00e1cil poder implementar desde ese lugar, ya que el monitoreo de dichos procesos esta evaluado de un lugar m\u00e1s cercano. Es decir que tambi\u00e9n es clave poder encontrar l\u00edderes institucionales y barriales para que la sostenibilidad y los resultados sean m\u00e1s notorios\u201d indicaron.<\/span><span data-ccp-props=\"{&quot;134245417&quot;:false}\">\u00a0<\/span><\/p>\n<p><span data-contrast=\"auto\">\u201cLas instituciones interesadas solicitan el taller y la compostera y nosotros coordinamos para dictar el mismo. El taller en general se enfoca en sensibilizar en Econom\u00eda circular llevando a cabo directamente el reciclaje de lo org\u00e1nico e inorg\u00e1nico para incidir de menor medida en los recursos naturales. Despu\u00e9s en la din\u00e1mica surgen muchas ideas y se generan contactos para seguir abarcando m\u00e1s instituciones para poder seguir creciendo\u201d finalizaron diciendo.<\/span><span data-ccp-props=\"{&quot;134245417&quot;:false}\">\u00a0<\/span><\/p>\n","protected":false},"excerpt":{"rendered":"<p>El CCR (Clasificaci\u00f3n, Compostaje y Reciclaje) es un programa que lleva adelante la Divisi\u00f3n Medio Ambiente del Departamento de Desarrollo y que ha impactado favorablemente en la comunidad, con una apertura institucional y de la ciudadan\u00eda a recibir las composteras y reciclaje cart\u00f3n, papel y pl\u00e1stico.\u00a0<\/p>\n","protected":false},"author":4,"featured_media":5397,"comment_status":"closed","ping_status":"closed","sticky":false,"template":"","format":"standard","meta":{"footnotes":""},"categories":[5],"tags":[],"class_list":["post-5396","post","type-post","status-publish","format-standard","has-post-thumbnail","hentry","category-durazno"],"_links":{"self":[{"href":"https:\/\/paginacero.com.uy\/index.php?rest_route=\/wp\/v2\/posts\/5396","targetHints":{"allow":["GET"]}}],"collection":[{"href":"https:\/\/paginacero.com.uy\/index.php?rest_route=\/wp\/v2\/posts"}],"about":[{"href":"https:\/\/paginacero.com.uy\/index.php?rest_route=\/wp\/v2\/types\/post"}],"author":[{"embeddable":true,"href":"https:\/\/paginacero.com.uy\/index.php?rest_route=\/wp\/v2\/users\/4"}],"replies":[{"embeddable":true,"href":"https:\/\/paginacero.com.uy\/index.php?rest_route=%2Fwp%2Fv2%2Fcomments&post=5396"}],"version-history":[{"count":1,"href":"https:\/\/paginacero.com.uy\/index.php?rest_route=\/wp\/v2\/posts\/5396\/revisions"}],"predecessor-version":[{"id":5398,"href":"https:\/\/paginacero.com.uy\/index.php?rest_route=\/wp\/v2\/posts\/5396\/revisions\/5398"}],"wp:featuredmedia":[{"embeddable":true,"href":"https:\/\/paginacero.com.uy\/index.php?rest_route=\/wp\/v2\/media\/5397"}],"wp:attachment":[{"href":"https:\/\/paginacero.com.uy\/index.php?rest_route=%2Fwp%2Fv2%2Fmedia&parent=5396"}],"wp:term":[{"taxonomy":"category","embeddable":true,"href":"https:\/\/paginacero.com.uy\/index.php?rest_route=%2Fwp%2Fv2%2Fcategories&post=5396"},{"taxonomy":"post_tag","embeddable":true,"href":"https:\/\/paginacero.com.uy\/index.php?rest_route=%2Fwp%2Fv2%2Ftags&post=5396"}],"curies":[{"name":"wp","href":"https:\/\/api.w.org\/{rel}","templated":true}]}}