{"id":5380,"date":"2024-08-13T10:41:59","date_gmt":"2024-08-13T13:41:59","guid":{"rendered":"https:\/\/paginacero.com.uy\/?p=5380"},"modified":"2024-08-13T10:41:59","modified_gmt":"2024-08-13T13:41:59","slug":"jornada-de-charla-e-intercambios-sobre-la-educacion-inclusiva-en-utu","status":"publish","type":"post","link":"https:\/\/paginacero.com.uy\/?p=5380","title":{"rendered":"Jornada de charla e intercambios sobre la Educaci\u00f3n Inclusiva en UTU"},"content":{"rendered":"<p><strong><span class=\"TextRun SCXW143048984 BCX0\" lang=\"ES-UY\" xml:lang=\"ES-UY\" data-contrast=\"auto\"><span class=\"NormalTextRun SCXW143048984 BCX0\" data-ccp-parastyle=\"Standard\" data-ccp-parastyle-defn=\"{&quot;ObjectId&quot;:&quot;3b768d6b-e0a8-49f4-acac-f2879feb72ee|7&quot;,&quot;ClassId&quot;:1073872969,&quot;Properties&quot;:[469775450,&quot;Standard&quot;,201340122,&quot;2&quot;,134233614,&quot;true&quot;,469778129,&quot;Standard&quot;,335572020,&quot;1&quot;,469777841,&quot;Times New Roman&quot;,469777842,&quot;Arial&quot;,469777843,&quot;SimSun&quot;,469777844,&quot;Times New Roman&quot;,469769226,&quot;Times New Roman,Arial,SimSun&quot;,268442635,&quot;24&quot;,335559704,&quot;1081&quot;,335559705,&quot;2052&quot;,335551547,&quot;14346&quot;,134245417,&quot;false&quot;]}\">Se desarroll\u00f3 la jornada El proceso de la DGETP hacia la Educaci\u00f3n Inclusiva; la primera charla de agosto en el marco de la nueva edici\u00f3n del ciclo de <\/span><span class=\"NormalTextRun SCXW143048984 BCX0\" data-ccp-parastyle=\"Standard\">conversaciones educativas 2024, organizadas por la Direcci\u00f3n T\u00e9cnica de Gesti\u00f3n Acad\u00e9mica. Cont\u00f3 con la presencia de la subdirectora de la DGETP, Laura Otamendi, la directora t\u00e9cnica de Gesti\u00f3n Acad\u00e9mica, Laura Bianchi, y de Julio Rodr\u00edguez <\/span><span class=\"NormalTextRun SpellingErrorV2Themed SCXW143048984 BCX0\" data-ccp-parastyle=\"Standard\">Vaucher<\/span><span class=\"NormalTextRun SCXW143048984 BCX0\" data-ccp-parastyle=\"Standard\">, director del Programa de Educaci\u00f3n Media, adem\u00e1s de docentes y funcionarios interesados.<\/span><\/span><span class=\"EOP SCXW143048984 BCX0\" data-ccp-props=\"{&quot;134245417&quot;:false}\">\u00a0<\/span><\/strong><!--more--><\/p>\n<p><span data-contrast=\"auto\">Rodr\u00edguez explic\u00f3 la importancia que tienen estas actividades para difundir los trabajos realizados dentro del programa a toda la comunidad educativa. La charla estuvo a cargo de tres integrantes del Programa de Educaci\u00f3n Media: Soledad G\u00f3mez, Triana Cardoso y Rossana Bruno.<\/span><span data-ccp-props=\"{&quot;134245417&quot;:false}\">\u00a0<\/span><\/p>\n<p><span data-contrast=\"auto\">La presentaci\u00f3n comenz\u00f3 con un viaje al pasado a trav\u00e9s de im\u00e1genes de UTU, donde recordaron los diferentes par\u00e1metros y prohibiciones que marcaron ciertas \u00e9pocas de la historia y se\u00f1alaron como ejemplo, cuando la educaci\u00f3n era exclusivamente para varones.<\/span><span data-ccp-props=\"{&quot;134245417&quot;:false}\">\u00a0<\/span><\/p>\n<p><span data-contrast=\"auto\">Destacaron la transformaci\u00f3n educativa hasta el d\u00eda de hoy y la evoluci\u00f3n de los derechos, tomando como referencia el marco nacional e internacional de ellos. Se enfatiz\u00f3 en los protocolos y resoluciones de la DGETP sobre la actuaci\u00f3n para la inclusi\u00f3n de personas con discapacidades en los centros educativos.<\/span><span data-ccp-props=\"{&quot;134245417&quot;:false}\">\u00a0<\/span><\/p>\n<p><span data-contrast=\"auto\">La jornada finaliz\u00f3 con una ronda de preguntas del p\u00fablico donde las encargadas de la charla evacuaron todas las dudas. La actividad se enmarca en el Ciclo de martes, encuentros que se realizan de forma presencial, abiertos a las autoridades y equipos educativos de la instituci\u00f3n, con inscripci\u00f3n previa.<\/span><span data-ccp-props=\"{&quot;134245417&quot;:false}\">\u00a0<\/span><\/p>\n<p><span data-contrast=\"auto\">La idea de \u201caprender juntos\u201d es central en la\u00a0 educaci\u00f3n p\u00fablica uruguaya y surge del\u00a0 ideario\u00a0\u00a0 sintetizado en la visi\u00f3n de escuela planteada por Jos\u00e9 Pedro Varela en los a\u00f1os de gestaci\u00f3n de la ense\u00f1anza primaria: \u201caquellos que se han encontrado juntos en los bancos de una escuela en la que eran iguales y a la que concurr\u00edan usando un mismo derecho, se acostumbrar\u00e1n f\u00e1cilmente a considerarse iguales\u2026\u201d<\/span><span data-ccp-props=\"{&quot;134245417&quot;:false}\">\u00a0<\/span><\/p>\n<p><span data-contrast=\"auto\">Desde entonces, este ideario\u00a0 ha estado presente de muchas maneras en las pol\u00edticas y programas educativos del Uruguay: a trav\u00e9s de propuestas de mejoramiento educativo, en instancias de formaci\u00f3n y capacitaci\u00f3n docente, en espacios que procuran la participaci\u00f3n de familias y comunidad, en incentivos para proyectos institucionales que procuran mejorar la convivencia y los aprendizajes.<\/span><span data-ccp-props=\"{&quot;134245417&quot;:false}\">\u00a0<\/span><\/p>\n<p><span data-contrast=\"auto\">Lo que todos estos esfuerzos tienen en com\u00fan es el reconocimiento de un desaf\u00edo que tiene la sociedad uruguaya para responder a su creciente diversidad con equidad y asegurando los mismos derechos y oportunidades a todos los ni\u00f1os.<\/span><span data-ccp-props=\"{&quot;134245417&quot;:false}\">\u00a0<\/span><\/p>\n<p><span data-contrast=\"auto\">Evidentemente, las modificaciones necesarias para adaptar el sistema educativo a todos introducen un campo problem\u00e1tico a las instituciones,\u00a0 a la labor docente y a su profesionalizaci\u00f3n, pero tambi\u00e9n enriquecedor ya que implica desaf\u00edos y cambios. Es necesario que toda la escuela se prepare para un trabajo con las diferencias y facilite los apoyos necesarios y ajustes razonables para que todos y todas puedan aprender.<\/span><span data-ccp-props=\"{&quot;134245417&quot;:false}\">\u00a0<\/span><\/p>\n<p><span data-contrast=\"auto\">Iniciativas como la Red de Escuelas y Jardines de infantes Mandela, la concepci\u00f3n de la educaci\u00f3n especial \u201cno ya como un sistema segregado , sino como una modalidad educativa transversal a la educaci\u00f3n general, con fortalecimiento y expansi\u00f3n de la red de maestros de apoyo y transformaci\u00f3n de las escuelas especiales en centros de recursos\u201d, el Programa A.PR.EN.D.E.R, el Programa de Maestros Comunitarios y el Programa de Escuelas Disfrutables integran l\u00edneas\u00a0 de\u00a0 pol\u00edtica educativa que contribuyen\u00a0 al desarrollo de las condiciones necesarias para que las escuelas atiendan las necesidades y promuevan el m\u00e1ximo potencial de todos sus estudiantes. En este contexto , es necesario tambi\u00e9n resignificar el papel de los apoyos a la educaci\u00f3n inclusiva.<\/span><span data-ccp-props=\"{&quot;134245417&quot;:false}\">\u00a0<\/span><\/p>\n<p><span data-contrast=\"auto\">Si bien el concepto de inclusi\u00f3n suele asociarse a los estudiantes con discapacidad, a los ni\u00f1os con dificultades para aprender o a quienes viven en contextos de pobreza , su contribuci\u00f3n es universal.\u00a0 Se concreta en\u00a0 un gesto inicial de hospitalidad hacia todos y un gesto singular de atenci\u00f3n a cada uno, derrotando las barreras culturales y los prejuicios que limitan las posibilidades de desarrollo y creando entornos favorables a la diversidad.\u00a0 Son estas las primeras contribuciones\u00a0 para cambiar la visi\u00f3n predominante sobre la discapacidad y las expectativas predominantes sobre los ni\u00f1os y ni\u00f1as con discapacidades.<\/span><span data-ccp-props=\"{&quot;134245417&quot;:false}\">\u00a0<\/span><\/p>\n<p><span data-contrast=\"auto\">Las escuelas y maestros deben compartir esta tarea y estos desaf\u00edos con\u00a0\u00a0 la comunidad. La necesidad de movilizar el apoyo de familias y comunidad parte del reconocimiento de que los factores determinantes en los procesos de inclusi\u00f3n, trascienden el aula y la labor docente. Es necesario fortalecer\u00a0 la labor cotidiana de las instituciones educativas con el respaldo de su comunidad, cuestionar conjuntamente toda\u00a0\u00a0 discriminaci\u00f3n y fomentar formas de convivencia igualitarias en cada escuela y cada hogar. Las familias y las organizaciones de padres pueden desarrollar acciones de\u00a0 promoci\u00f3n de derechos que estimulan la educaci\u00f3n inclusiva en beneficio de todos y todas.<\/span><span data-ccp-props=\"{&quot;134245417&quot;:false}\">\u00a0<\/span><\/p>\n<p><span data-contrast=\"auto\">Cuando una escuela, un maestro o un grupo de ni\u00f1os se preparan para incluir a alguien con discapacidad y buscan desarrollar al m\u00e1ximo su capacidad de aprendizaje, esa escuela, esa aula y ese grupo de maestros y ni\u00f1os est\u00e1n mejor preparados para que todos y todas aprovechen al m\u00e1ximo su potencial.<\/span><span data-ccp-props=\"{&quot;134245417&quot;:false}\">\u00a0<\/span><\/p>\n<p><span data-contrast=\"auto\">El programa de Educaci\u00f3n Inclusiva dise\u00f1a e implementa acciones que promueven la atenci\u00f3n a la diversidad desde un enfoque de Derechos Humanos. La iniciativa forma parte de una serie de programas integrantes del eje Educaci\u00f3n y Derechos Humanos de la Direcci\u00f3n Nacional de Educaci\u00f3n. En este sentido, se formulan estrategias y dise\u00f1an instrumentos y herramientas en clave de accesibilidad. Este aporte tiene el objetivo de promover pol\u00edticas educativas inclusivas, tanto desde aspectos normativos como de articulaci\u00f3n interinstitucional y dise\u00f1o de proyectos territoriales innovadores.<\/span><span data-ccp-props=\"{&quot;134245417&quot;:false}\">\u00a0<\/span><\/p>\n<p><span data-contrast=\"auto\">El objetivo de las jornadas es garantizar el Derecho a la Educaci\u00f3n inclusiva, equitativa y de calidad a trav\u00e9s de promover la presencia, participaci\u00f3n y aprendizaje de todo el estudiantado, el fortalecimiento de acciones para la transversalizaci\u00f3n de la accesibilidad e inclusi\u00f3n en el MEC.<\/span><span data-ccp-props=\"{&quot;134245417&quot;:false}\">\u00a0<\/span><\/p>\n<p><span data-contrast=\"auto\">Asesoramiento y orientaci\u00f3n a otras instituciones y la ciudadan\u00eda en materia de Educaci\u00f3n Inclusiva, tambi\u00e9n la recepci\u00f3n, seguimiento y sistematizaci\u00f3n de situaciones de vulneraci\u00f3n de derechos relativos a estudiantes en riesgo de exclusi\u00f3n o marginalizaci\u00f3n por motivos de discapacidad y otros, sensibilizaci\u00f3n y formaci\u00f3n sobre la tem\u00e1tica.<\/span><span data-ccp-props=\"{&quot;134245417&quot;:false}\">\u00a0<\/span><\/p>\n","protected":false},"excerpt":{"rendered":"<p>Se desarroll\u00f3 la jornada El proceso de la DGETP hacia la Educaci\u00f3n Inclusiva; la primera charla de agosto en el marco de la nueva edici\u00f3n del ciclo de conversaciones educativas 2024, organizadas por la Direcci\u00f3n T\u00e9cnica de Gesti\u00f3n Acad\u00e9mica. Cont\u00f3 con la presencia de la subdirectora de la DGETP, Laura Otamendi, la directora t\u00e9cnica de [&hellip;]<\/p>\n","protected":false},"author":4,"featured_media":5381,"comment_status":"closed","ping_status":"closed","sticky":false,"template":"","format":"standard","meta":{"_monsterinsights_skip_tracking":false,"_monsterinsights_sitenote_active":false,"_monsterinsights_sitenote_note":"","_monsterinsights_sitenote_category":0,"footnotes":""},"categories":[5,62],"tags":[],"class_list":["post-5380","post","type-post","status-publish","format-standard","has-post-thumbnail","hentry","category-durazno","category-inclusion"],"_links":{"self":[{"href":"https:\/\/paginacero.com.uy\/index.php?rest_route=\/wp\/v2\/posts\/5380","targetHints":{"allow":["GET"]}}],"collection":[{"href":"https:\/\/paginacero.com.uy\/index.php?rest_route=\/wp\/v2\/posts"}],"about":[{"href":"https:\/\/paginacero.com.uy\/index.php?rest_route=\/wp\/v2\/types\/post"}],"author":[{"embeddable":true,"href":"https:\/\/paginacero.com.uy\/index.php?rest_route=\/wp\/v2\/users\/4"}],"replies":[{"embeddable":true,"href":"https:\/\/paginacero.com.uy\/index.php?rest_route=%2Fwp%2Fv2%2Fcomments&post=5380"}],"version-history":[{"count":1,"href":"https:\/\/paginacero.com.uy\/index.php?rest_route=\/wp\/v2\/posts\/5380\/revisions"}],"predecessor-version":[{"id":5382,"href":"https:\/\/paginacero.com.uy\/index.php?rest_route=\/wp\/v2\/posts\/5380\/revisions\/5382"}],"wp:featuredmedia":[{"embeddable":true,"href":"https:\/\/paginacero.com.uy\/index.php?rest_route=\/wp\/v2\/media\/5381"}],"wp:attachment":[{"href":"https:\/\/paginacero.com.uy\/index.php?rest_route=%2Fwp%2Fv2%2Fmedia&parent=5380"}],"wp:term":[{"taxonomy":"category","embeddable":true,"href":"https:\/\/paginacero.com.uy\/index.php?rest_route=%2Fwp%2Fv2%2Fcategories&post=5380"},{"taxonomy":"post_tag","embeddable":true,"href":"https:\/\/paginacero.com.uy\/index.php?rest_route=%2Fwp%2Fv2%2Ftags&post=5380"}],"curies":[{"name":"wp","href":"https:\/\/api.w.org\/{rel}","templated":true}]}}