{"id":5376,"date":"2024-08-12T11:50:17","date_gmt":"2024-08-12T14:50:17","guid":{"rendered":"https:\/\/paginacero.com.uy\/?p=5376"},"modified":"2024-08-12T11:50:17","modified_gmt":"2024-08-12T14:50:17","slug":"mitos-americanos-forman-parte-de-muestra-en-el-museo-casa-de-rivera","status":"publish","type":"post","link":"https:\/\/paginacero.com.uy\/?p=5376","title":{"rendered":"Mitos americanos forman parte de muestra en el Museo Casa de Rivera"},"content":{"rendered":"<p><strong><span class=\"TextRun SCXW209704007 BCX0\" lang=\"ES-UY\" xml:lang=\"ES-UY\" data-contrast=\"auto\"><span class=\"NormalTextRun SCXW209704007 BCX0\" data-ccp-parastyle=\"Standard\" data-ccp-parastyle-defn=\"{&quot;ObjectId&quot;:&quot;dba05910-1699-4bff-9f9a-78cd92c0b815|5&quot;,&quot;ClassId&quot;:1073872969,&quot;Properties&quot;:[469775450,&quot;Standard&quot;,201340122,&quot;2&quot;,134233614,&quot;true&quot;,469778129,&quot;Standard&quot;,335572020,&quot;1&quot;,469777841,&quot;Times New Roman&quot;,469777842,&quot;Arial&quot;,469777843,&quot;SimSun&quot;,469777844,&quot;Times New Roman&quot;,469769226,&quot;Times New Roman,Arial,SimSun&quot;,268442635,&quot;24&quot;,335559704,&quot;1081&quot;,335559705,&quot;2052&quot;,335551547,&quot;14346&quot;,134245417,&quot;false&quot;]}\">Se inaugur\u00f3 la muestra \u201cEl mito del <\/span><span class=\"NormalTextRun ContextualSpellingAndGrammarErrorV2Themed SCXW209704007 BCX0\" data-ccp-parastyle=\"Standard\">hombre\u00a0 p\u00e1jaro<\/span><span class=\"NormalTextRun SCXW209704007 BCX0\" data-ccp-parastyle=\"Standard\"> y la mujer p\u00e1jaro\u201d, un reconocimiento a la mitolog\u00eda americana que fue realizada por el artista Nelson del R\u00edo, que <\/span><span class=\"NormalTextRun SCXW209704007 BCX0\" data-ccp-parastyle=\"Standard\">estuvo presente en nuestra ciudad con motivo del evento en el Museo Casa de Rivera.<\/span><\/span><span class=\"EOP SCXW209704007 BCX0\" data-ccp-props=\"{&quot;134245417&quot;:false}\">\u00a0<\/span><\/strong><!--more--><\/p>\n<p><span data-contrast=\"auto\">\u201cEs un gusto recibir a Nelson del R\u00edo, este artista pl\u00e1stico que nos est\u00e1 acompa\u00f1ando con su obra, estupenda, que nos trae un poco lo habl\u00e1bamos hace un ratito, esta cultura latinoamericana, donde rescata algunos mitos que est\u00e1 bueno poder acercarnos a ellos y conocerlos. Primero que nada darte la bienvenida, agradecer tu presencia y que hayas elegido Durazno para compartir tu obra es importante\u201d dijo el Coordinador de Cultura Walter Fumero.<\/span><span data-ccp-props=\"{&quot;134245417&quot;:false}\">\u00a0<\/span><\/p>\n<p><span data-contrast=\"auto\">\u201cSon mitos viejos, que busco rescatarlos del olvido. No me apoyo en ninguna cultura en particular, si bien he visto \u00faltimamente algunas figuraciones de hombre p\u00e1jaro, mujer p\u00e1jaro, no las copio, no las imito, son creaciones personales y empez\u00f3 todo como un juego, trabajo mucho los opuestos en el arte, el masculino y femenino, como podr\u00e1n apreciar muchas parejas de p\u00e1jaros en la propuesta, el blanco y negro, rojo y negro, por ah\u00ed me apoy\u00e9 en un libro de filosof\u00eda, que son indios mexicanos que dicen que los opuestos son los que generan el mundo, generan la vida\u201d dijo el autor.<\/span><span data-ccp-props=\"{&quot;134245417&quot;:false}\">\u00a0<\/span><\/p>\n<p><span data-contrast=\"auto\">\u201cEsta es una necesidad antropol\u00f3gica hist\u00f3rica, el hombre siempre quiso volar, que mejor que eso traer estos mitos ancestrales. Siempre digo que la pintura te debilita y la escultura te alimenta. Uno en la pintura pone mucho, saca de su interior muchas cosas y a veces termin\u00e1s desgastado, en cambio la escultura te alimenta internamente, el mosaico te ordena, con esta t\u00e9cnica ten\u00e9s que ir ordenando no solamente los colores sino la figuraci\u00f3n y hacer un orden en mosaico que tenga determinado orden, movimiento\u201d agreg\u00f3.<\/span><span data-ccp-props=\"{&quot;134245417&quot;:false}\">\u00a0<\/span><\/p>\n<p><span data-contrast=\"auto\">\u201cLa escultura, el volumen en s\u00ed es interesante, siempre digo, a veces con Directores de Cultura, el Uruguay no tiene simposios de escultura, a mi me duele que las mejores maderas de nuestra tierra terminen en un parrillero, porque es la triste realidad. Perfectamente se pueden hacer parques de escultura o murales en mosaico, les comento porque fui cofundador de San Gregorio de Polanco, a esa ciudad la pusimos en el mapa quince pintores. Fue en el a\u00f1o 90, en el a\u00f1o 95 fui a hacer una escultura y hab\u00edan cinco alemanes, es casi como encontrar marcianos\u201d cont\u00f3.<\/span><span data-ccp-props=\"{&quot;134245417&quot;:false}\">\u00a0<\/span><\/p>\n<p><span data-contrast=\"auto\">\u201cEso es lo que hace la cultura, es impresionante la transformaci\u00f3n que tuvo San Gregorio con el primer museo a cielo abierto de artes visuales. La escultura de hombre p\u00e1jaro y mujer fuego es la que uso para hacer el ritual de fuego, me interesa traer estas figuraciones, estos mitos, para que se conozcan y los disfruten. Tambi\u00e9n hay un video con respecto a este ritual y pueden ingresar a las redes sociales donde pueden ver parte de estos cuadros\u201d indic\u00f3.<\/span><span data-ccp-props=\"{&quot;134245417&quot;:false}\">\u00a0<\/span><\/p>\n<p><span data-contrast=\"auto\">El artista destac\u00f3 que \u201ces de mi inter\u00e9s traer al presente toda la riqueza arquet\u00edpica, simb\u00f3lica y mitol\u00f3gica de Am\u00e9rica Latina, partiendo de un expresionismo salvaje fui depurando,\u00a0 hasta llegar al s\u00edmbolo, ra\u00edz, arquetipo, pintando unas puertas de heladera invertidas, la huevera de dientes y el porta botella de frente, invente el T\u00f3tem, tengo una maqueta de Primera Plaza Americanista Tot\u00e9mica e Universal que la quiero llevar a escala monumental, defendiendo este orden primitivo he realizado 5 Rituales de fuego, presentar y desaparecer a trav\u00e9s del fuego es un doble acto simb\u00f3lico, se dice que el fuego y el humo contienen todas las im\u00e1genes, los mitos que trato de traer al Presente son El \u00c1rbol de La Vida , El Totemismo y el mito del Hombre P\u00e1jaro y la Mujer P\u00e1jaro,\u00a0 estos \u00faltimos ya estaban en una tribu ind\u00edgena de AL\u201d dijo.<\/span><span data-ccp-props=\"{&quot;134245417&quot;:false}\">\u00a0<\/span><\/p>\n<p><span data-contrast=\"auto\">\u201cHe trabajado la escultura en madera, con premios en Valdivia y Cajabamba 4to premio Internacional. Soy el autor del conjunto l\u00fadico escult\u00f3rico Mesas de Ajedrez en Mosaicos Parque Rodo, Prado y Plaza 11 del Cerro, restaure el Mural en mosaico de C.Gardel en la Plaza a su nombre calle Cuareim\u201d agreg\u00f3.<\/span><span data-ccp-props=\"{&quot;134245417&quot;:false}\">\u00a0<\/span><\/p>\n<p><span data-contrast=\"auto\">Tambi\u00e9n ha participado en numerosas exposiciones individuales y grupales en todo el pa\u00eds y ha sido premiado repetidas veces en diferentes eventos.<\/span><span data-ccp-props=\"{&quot;134245417&quot;:false}\">\u00a0<\/span><\/p>\n","protected":false},"excerpt":{"rendered":"<p>Se inaugur\u00f3 la muestra \u201cEl mito del hombre\u00a0 p\u00e1jaro y la mujer p\u00e1jaro\u201d, un reconocimiento a la mitolog\u00eda americana que fue realizada por el artista Nelson del R\u00edo, que estuvo presente en nuestra ciudad con motivo del evento en el Museo Casa de Rivera.\u00a0<\/p>\n","protected":false},"author":4,"featured_media":5377,"comment_status":"closed","ping_status":"closed","sticky":false,"template":"","format":"standard","meta":{"footnotes":""},"categories":[5],"tags":[],"class_list":["post-5376","post","type-post","status-publish","format-standard","has-post-thumbnail","hentry","category-durazno"],"_links":{"self":[{"href":"https:\/\/paginacero.com.uy\/index.php?rest_route=\/wp\/v2\/posts\/5376","targetHints":{"allow":["GET"]}}],"collection":[{"href":"https:\/\/paginacero.com.uy\/index.php?rest_route=\/wp\/v2\/posts"}],"about":[{"href":"https:\/\/paginacero.com.uy\/index.php?rest_route=\/wp\/v2\/types\/post"}],"author":[{"embeddable":true,"href":"https:\/\/paginacero.com.uy\/index.php?rest_route=\/wp\/v2\/users\/4"}],"replies":[{"embeddable":true,"href":"https:\/\/paginacero.com.uy\/index.php?rest_route=%2Fwp%2Fv2%2Fcomments&post=5376"}],"version-history":[{"count":1,"href":"https:\/\/paginacero.com.uy\/index.php?rest_route=\/wp\/v2\/posts\/5376\/revisions"}],"predecessor-version":[{"id":5378,"href":"https:\/\/paginacero.com.uy\/index.php?rest_route=\/wp\/v2\/posts\/5376\/revisions\/5378"}],"wp:featuredmedia":[{"embeddable":true,"href":"https:\/\/paginacero.com.uy\/index.php?rest_route=\/wp\/v2\/media\/5377"}],"wp:attachment":[{"href":"https:\/\/paginacero.com.uy\/index.php?rest_route=%2Fwp%2Fv2%2Fmedia&parent=5376"}],"wp:term":[{"taxonomy":"category","embeddable":true,"href":"https:\/\/paginacero.com.uy\/index.php?rest_route=%2Fwp%2Fv2%2Fcategories&post=5376"},{"taxonomy":"post_tag","embeddable":true,"href":"https:\/\/paginacero.com.uy\/index.php?rest_route=%2Fwp%2Fv2%2Ftags&post=5376"}],"curies":[{"name":"wp","href":"https:\/\/api.w.org\/{rel}","templated":true}]}}