{"id":5373,"date":"2024-08-12T11:47:20","date_gmt":"2024-08-12T14:47:20","guid":{"rendered":"https:\/\/paginacero.com.uy\/?p=5373"},"modified":"2024-08-12T11:47:20","modified_gmt":"2024-08-12T14:47:20","slug":"se-prepara-la-temporada-de-veranoactivo-en-el-departamento","status":"publish","type":"post","link":"https:\/\/paginacero.com.uy\/?p=5373","title":{"rendered":"Se prepara la temporada de Verano+Activo en el departamento"},"content":{"rendered":"<p><strong><span class=\"TextRun SCXW142892249 BCX0\" lang=\"ES-UY\" xml:lang=\"ES-UY\" data-contrast=\"auto\"><span class=\"NormalTextRun SpellingErrorV2Themed SCXW142892249 BCX0\" data-ccp-parastyle=\"Standard\" data-ccp-parastyle-defn=\"{&quot;ObjectId&quot;:&quot;39b6fcfb-5559-4ca0-9ec4-e69a1039515e|5&quot;,&quot;ClassId&quot;:1073872969,&quot;Properties&quot;:[469775450,&quot;Standard&quot;,201340122,&quot;2&quot;,134233614,&quot;true&quot;,469778129,&quot;Standard&quot;,335572020,&quot;1&quot;,469777841,&quot;Times New Roman&quot;,469777842,&quot;Arial&quot;,469777843,&quot;SimSun&quot;,469777844,&quot;Times New Roman&quot;,469769226,&quot;Times New Roman,Arial,SimSun&quot;,268442635,&quot;24&quot;,335559704,&quot;1081&quot;,335559705,&quot;2052&quot;,335551547,&quot;14346&quot;,134245417,&quot;false&quot;]}\">Verano+Activo<\/span><span class=\"NormalTextRun SCXW142892249 BCX0\" data-ccp-parastyle=\"Standard\"> para la temporada 2024-2025 ha lanzado el llamado para todos los cargos a implementarse durante la misma. Se proyecta <\/span><span class=\"NormalTextRun ContextualSpellingAndGrammarErrorV2Themed SCXW142892249 BCX0\" data-ccp-parastyle=\"Standard\">re impulsar<\/span><span class=\"NormalTextRun SCXW142892249 BCX0\" data-ccp-parastyle=\"Standard\"> y visibilizar el programa de <\/span><span class=\"NormalTextRun SCXW142892249 BCX0\" data-ccp-parastyle=\"Standard\">verano <\/span><span class=\"NormalTextRun ContextualSpellingAndGrammarErrorV2Themed SCXW142892249 BCX0\" data-ccp-parastyle=\"Standard\">como :<\/span><span class=\"NormalTextRun SCXW142892249 BCX0\" data-ccp-parastyle=\"Standard\"> VERANO + ACTIVO con la intenci\u00f3n de fortalecer y fundamentalmente habilitar las actividades que ya se realizan en los centros deportivos del pa\u00eds contextualizado a cada territorio con una mirada integral.<\/span><\/span><span class=\"EOP SCXW142892249 BCX0\" data-ccp-props=\"{&quot;134245417&quot;:false}\">\u00a0<\/span><\/strong><!--more--><\/p>\n<p><span data-contrast=\"auto\">Los objetivos del programa son incrementar el acceso a las actividades f\u00edsicas del verano a la mayor cantidad de personas, promoviendo estrategias y actividades que favorezcan a toda la poblaci\u00f3n de acuerdo a sus posibilidades e intereses, promover estilos de vidas saludables a trav\u00e9s de la actividad f\u00edsica y el deporte comunitario, la inclusi\u00f3n y la convivencia pac\u00edfica y potenciar la imagen de los programas brindados por la Secretar\u00eda Nacional del Deporte, coordinados con otros agentes deportivos y educativos, p\u00fablicos y privados.<\/span><br \/>\n<span data-contrast=\"auto\">Tambi\u00e9n aspira a brindar la log\u00edstica necesaria para el accionar seguro y placentero en las actividades f\u00edsicas a la poblaci\u00f3n en todas sus edades, aprovechando al m\u00e1ximo el tiempo y los recursos y continuar difundiendo el valor de las actividades acu\u00e1ticas como agente de seguridad, de salud, recreaci\u00f3n, deporte y de educaci\u00f3n permanente. Destacando el impacto social y beneficios, que el programa brinda a la Comunidad.<\/span><span data-ccp-props=\"{&quot;134245417&quot;:false}\">\u00a0<\/span><\/p>\n<p><span data-contrast=\"auto\">El llamado se realiza en todos los cargos disponibles y la \u00fanica modalidad de contrataci\u00f3n en la pr\u00f3xima temporada ser\u00e1 a trav\u00e9s de la ONSC, para lo cual es necesario que los interesados se inscriban a trav\u00e9s del enlace correspondiente.<\/span><span data-ccp-props=\"{&quot;134245417&quot;:false}\">\u00a0<\/span><\/p>\n<p><span data-contrast=\"auto\">Uno de los puestos es de 10 horas destinado a la playa como docente, para lo cual es requisito excluyente tener aprobado como m\u00ednimo el 75% de la Licenciatura de Educaci\u00f3n F\u00edsica o del Profesorado de Educaci\u00f3n F\u00edsica de la Universidad de la Rep\u00fablica o su equivalente en instituciones reconocidas por autoridad competente o T\u00edtulo de Entrenador y\/o T\u00e9cnico Deportivo expedido por la Universidad de la Rep\u00fablica o su equivalente otorgado por instituciones reconocidas por autoridad competente.<\/span><span data-ccp-props=\"{&quot;134245417&quot;:false}\">\u00a0<\/span><\/p>\n<p><span data-contrast=\"auto\">Todo ciudadano que se registre como postulante en la web de la SND\u00a0 (<\/span><a href=\"http:\/\/www.deporte.gub.uy\/\"><span data-contrast=\"auto\">www.deporte.gub.uy<\/span><\/a><span data-contrast=\"auto\">) quedar\u00e1 incorporado en una base de datos. Una vez que se complete el formulario, el postulante obtendr\u00e1 una constancia de\u00a0 postulaci\u00f3n que contendr\u00e1 un n\u00famero de identificaci\u00f3n que le garantiza la inscripci\u00f3n al\u00a0 mismo. Ese n\u00famero de postulaci\u00f3n ser\u00e1 solicitado al momento de realizar la presentaci\u00f3n\u00a0 de la carpeta de los m\u00e9ritos y antecedentes.<\/span><span data-ccp-props=\"{&quot;134245417&quot;:false}\">\u00a0<\/span><\/p>\n<p><span data-contrast=\"auto\">La persona ser\u00e1 responsable de la veracidad de los datos brindados, la informaci\u00f3n\u00a0 registrada en el portal de la SND tiene el car\u00e1cter de Declaraci\u00f3n Jurada. El postulante ingresar\u00e1 los datos personales solicitados en el formulario de inscripci\u00f3n y\u00a0 en el mismo seleccionar\u00e1 el o los Departamentos a los que desea postularse. En caso de\u00a0 inscribirse en m\u00e1s de una oportunidad, la Secretar\u00eda Nacional del Deporte tomar\u00e1 como\u00a0 v\u00e1lida \u00fanicamente, la \u00faltima inscripci\u00f3n realizada, anul\u00e1ndose de forma autom\u00e1tica\u00a0 todas las anteriores.<\/span><span data-ccp-props=\"{&quot;134245417&quot;:false}\">\u00a0<\/span><\/p>\n<p><span data-contrast=\"auto\">Se solicita previo a enviar la inscripci\u00f3n verificar el correcto ingreso de todos los datos\u00a0 en el momento de la postulaci\u00f3n, en especial las v\u00edas de comunicaci\u00f3n (tel\u00e9fono\u00a0 particular, celular, correo electr\u00f3nico). Ser\u00e1 responsabilidad de los postulantes, si los datos ingresados no son correctos y, por\u00a0 lo tanto, no permiten una comunicaci\u00f3n en tiempo y forma.<\/span><span data-ccp-props=\"{&quot;134245417&quot;:false}\">\u00a0<\/span><\/p>\n<p><span data-contrast=\"auto\">Una vez seleccionado el docente deber\u00e1 colaborar en planificar y ejecutar el de Verano+ Activo, desde una visi\u00f3n institucional, considerando al mismo como una de las fortalezas de la Secretar\u00eda Nacional del Deporte, valorar la competencia de nuestro recurso humano, a fin de no superponer esfuerzos, contribuir desde las diferentes \u00e1reas, a potenciar un cambio de imagen del Programa Verano, donde se vislumbre un aprovechamiento de infraestructuras, recursos econ\u00f3micos, recursos humanos y recursos temporales, concretar desde la interna, referentes responsables de llevar adelante las diferentes acciones desde sus distintas reparticiones, teniendo como objetivo com\u00fan el Programa de Verano.<\/span><span data-ccp-props=\"{&quot;134245417&quot;:false}\">\u00a0<\/span><\/p>\n<p>&nbsp;<\/p>\n","protected":false},"excerpt":{"rendered":"<p>Verano+Activo para la temporada 2024-2025 ha lanzado el llamado para todos los cargos a implementarse durante la misma. Se proyecta re impulsar y visibilizar el programa de verano como : VERANO + ACTIVO con la intenci\u00f3n de fortalecer y fundamentalmente habilitar las actividades que ya se realizan en los centros deportivos del pa\u00eds contextualizado a [&hellip;]<\/p>\n","protected":false},"author":4,"featured_media":5374,"comment_status":"closed","ping_status":"closed","sticky":false,"template":"","format":"standard","meta":{"footnotes":""},"categories":[5],"tags":[],"class_list":["post-5373","post","type-post","status-publish","format-standard","has-post-thumbnail","hentry","category-durazno"],"_links":{"self":[{"href":"https:\/\/paginacero.com.uy\/index.php?rest_route=\/wp\/v2\/posts\/5373","targetHints":{"allow":["GET"]}}],"collection":[{"href":"https:\/\/paginacero.com.uy\/index.php?rest_route=\/wp\/v2\/posts"}],"about":[{"href":"https:\/\/paginacero.com.uy\/index.php?rest_route=\/wp\/v2\/types\/post"}],"author":[{"embeddable":true,"href":"https:\/\/paginacero.com.uy\/index.php?rest_route=\/wp\/v2\/users\/4"}],"replies":[{"embeddable":true,"href":"https:\/\/paginacero.com.uy\/index.php?rest_route=%2Fwp%2Fv2%2Fcomments&post=5373"}],"version-history":[{"count":1,"href":"https:\/\/paginacero.com.uy\/index.php?rest_route=\/wp\/v2\/posts\/5373\/revisions"}],"predecessor-version":[{"id":5375,"href":"https:\/\/paginacero.com.uy\/index.php?rest_route=\/wp\/v2\/posts\/5373\/revisions\/5375"}],"wp:featuredmedia":[{"embeddable":true,"href":"https:\/\/paginacero.com.uy\/index.php?rest_route=\/wp\/v2\/media\/5374"}],"wp:attachment":[{"href":"https:\/\/paginacero.com.uy\/index.php?rest_route=%2Fwp%2Fv2%2Fmedia&parent=5373"}],"wp:term":[{"taxonomy":"category","embeddable":true,"href":"https:\/\/paginacero.com.uy\/index.php?rest_route=%2Fwp%2Fv2%2Fcategories&post=5373"},{"taxonomy":"post_tag","embeddable":true,"href":"https:\/\/paginacero.com.uy\/index.php?rest_route=%2Fwp%2Fv2%2Ftags&post=5373"}],"curies":[{"name":"wp","href":"https:\/\/api.w.org\/{rel}","templated":true}]}}