{"id":5366,"date":"2024-08-09T15:40:51","date_gmt":"2024-08-09T18:40:51","guid":{"rendered":"https:\/\/paginacero.com.uy\/?p=5366"},"modified":"2024-08-09T15:40:51","modified_gmt":"2024-08-09T18:40:51","slug":"analisis-de-politicas-en-materia-de-primera-infancia-muestran-buenas-practicas-en-uruguay","status":"publish","type":"post","link":"https:\/\/paginacero.com.uy\/?p=5366","title":{"rendered":"An\u00e1lisis de pol\u00edticas en materia de primera infancia muestran buenas pr\u00e1cticas en Uruguay"},"content":{"rendered":"<p><strong><span class=\"TextRun SCXW235695127 BCX0\" lang=\"ES-UY\" xml:lang=\"ES-UY\" data-contrast=\"auto\"><span class=\"NormalTextRun SCXW235695127 BCX0\" data-ccp-parastyle=\"Standard\" data-ccp-parastyle-defn=\"{&quot;ObjectId&quot;:&quot;3073073b-f1fb-452b-8a17-f2458a57b044|5&quot;,&quot;ClassId&quot;:1073872969,&quot;Properties&quot;:[469775450,&quot;Standard&quot;,201340122,&quot;2&quot;,134233614,&quot;true&quot;,469778129,&quot;Standard&quot;,335572020,&quot;1&quot;,469777841,&quot;Times New Roman&quot;,469777842,&quot;Arial&quot;,469777843,&quot;SimSun&quot;,469777844,&quot;Times New Roman&quot;,469769226,&quot;Times New Roman,Arial,SimSun&quot;,268442635,&quot;24&quot;,335559704,&quot;1081&quot;,335559705,&quot;2052&quot;,335551547,&quot;14346&quot;,134245417,&quot;false&quot;]}\">Se realiz\u00f3 un conversatorio sobre las pol\u00edticas que se est\u00e1n desarrollando en nuestro pa\u00eds en el \u00e1rea de primera infancia, la actividad <\/span><span class=\"NormalTextRun SCXW235695127 BCX0\" data-ccp-parastyle=\"Standard\">denominada \u201cDi\u00e1logos del hoy para el ma\u00f1ana\u201d, se desarroll\u00f3 en Montevideo y se trata de la primera actividad de un ciclo que tiene como finalidad poner en discusi\u00f3n las pol\u00edticas p\u00fablicas de infancia buscando consensos entre el Estado, la sociedad civil organizada, fundaciones, profesionales y acad\u00e9micos.<\/span><\/span><span class=\"EOP SCXW235695127 BCX0\" data-ccp-props=\"{&quot;134245417&quot;:false}\">\u00a0<\/span><\/strong><!--more--><\/p>\n<p><span data-contrast=\"auto\">La periodista Valeria Milman dio apertura y moder\u00f3 la actividad. La acompa\u00f1aron en la mesa de expositores, la directora nacional de Desarrollo Social del Ministerio de Desarrollo Social Cecilia Sena; y el economista y docente del Instituto de Econom\u00eda de la UdelaR y de la universidad ORT, Mat\u00edas Brum. El auditorio estuvo conformado por el ministro de Desarrollo Social, Alejandro Sciarra; la subsecretaria de la cartera, Andrea Brugman; personalidades de la pol\u00edtica; representantes de organismos p\u00fablicos y privados, y organizaciones vinculadas a la tem\u00e1tica.<\/span><span data-ccp-props=\"{&quot;134245417&quot;:false}\">\u00a0<\/span><\/p>\n<p><span data-contrast=\"auto\">Milman indic\u00f3 que este encuentro fue organizado por la\u00a0 Direcci\u00f3n Nacional de Desarrollo Social del MIDES y la Agencia Uruguaya de Cooperaci\u00f3n Internacional (AUCI) en el marco de los objetivos de desarrollo sostenible de la agenda 2030 impulsados por la Organizaci\u00f3n de las Naciones Unidas (ONU) y que se trata de un \u201c\u00e1mbito para reflexionar sobre las pol\u00edticas que el Estado ha ido introduciendo y dirigiendo hacia ni\u00f1os, ni\u00f1as, adolescentes y embarazadas y los desaf\u00edos para el futuro como sociedad\u201d.<\/span><span data-ccp-props=\"{&quot;134245417&quot;:false}\">\u00a0<\/span><\/p>\n<p><span data-contrast=\"auto\">Las cifras muestran que \u201cla pobreza tiene cara de ni\u00f1o\u201d: en la \u00faltima d\u00e9cada la tasa de pobreza infantil ha superado por diez puntos porcentuales a la de pobreza nacional. Tanto dem\u00f3grafos como soci\u00f3logos hacen hincapi\u00e9 en que se debe trabajar\u00a0 en la educaci\u00f3n e inserci\u00f3n al mercado laboral para tener adultos productivos que vuelquen m\u00e1s recursos a la sociedad. Esto indica que la inversi\u00f3n que no se hace en la temprana edad repercute en la vida de los ni\u00f1os -futuros adultos- quienes deben tener las necesidades b\u00e1sicas satisfechas: alimentaci\u00f3n, educaci\u00f3n, vivienda digna, salud, etc.<\/span><span data-ccp-props=\"{&quot;134245417&quot;:false}\">\u00a0<\/span><\/p>\n<p><span data-contrast=\"auto\">El economista Brum que expuso un an\u00e1lisis de la tem\u00e1tica y propuso un esquema sustentado en los siguientes tres componentes: inversi\u00f3n en primera infancia: es extremadamente importante invertir en edades tempranas para que los ni\u00f1os tengan un desarrollo cerebral, cognitivo y emocional razonables y as\u00ed evitar \u201ctapar esos baches\u201d o remediarlos m\u00e1s adelante en sus vidas; sistema de cuidados: dijo que el Instituto Nacional de Estad\u00edsticas (INE) trabaja con un grupo de nutricionistas expertos que definen la canasta b\u00e1sica alimentaria y en base a esta se define otra canasta que incluye bienes no alimentarios como ser electricidad, abrigo, calefacci\u00f3n, gastos en educaci\u00f3n y salud. Todos los hogares que se encuentran por debajo de esta l\u00ednea se consideran pobres. Reflexiona que la pobreza infantil ata\u00f1e a hogares que no son capaces de generar los ingresos suficientes como para que los ni\u00f1os est\u00e9n por encima de la l\u00ednea de pobreza. \u201cEl problema de la pobreza infantil es de los adultos que est\u00e1n a cargo de ese hogar y que no est\u00e1n en condiciones de generar suficientes ingresos para que el hogar en su conjunto supere la l\u00ednea de pobreza\u201d, indic\u00f3. En t\u00e9rminos cuantitativos, desde el punto de vista del indicador de pobreza infantil, observ\u00f3 como muy importantes las transferencias econ\u00f3micas pero dijo que no son suficientes para garantizar que los ni\u00f1os generen capacidades y herramientas para salir de la situaci\u00f3n de pobreza, ni para evitar la transmisi\u00f3n intergeneracional de la pobreza (de padres a hijos).\u00a0\u00a0<\/span><span data-ccp-props=\"{&quot;134245417&quot;:false}\">\u00a0<\/span><\/p>\n<p><span data-contrast=\"auto\">Brum destac\u00f3 la creaci\u00f3n y puesta en marcha del Bono Crianza y propuso expandir su cobertura y aumentar las asignaciones, al tiempo que sugiri\u00f3 pensar e implementar otro conjunto de pol\u00edticas que le permitan a los hogares generar ingresos suficientes para generar autonom\u00eda.<\/span><span data-ccp-props=\"{&quot;134245417&quot;:false}\">\u00a0<\/span><\/p>\n<p><span data-contrast=\"auto\">Como dato relevante, manifest\u00f3 que la estructura de los hogares con pobreza infantil suelen ser monoparentales y con carencias educativas,\u00a0 por lo que considera que un componente importante de estrategia de lucha contra la pobreza infantil ser\u00eda mejorar el sistema de cuidados en formato guarder\u00eda, a trav\u00e9s de la\u00a0 atenci\u00f3n de los centros CAIF, ampliando sus horarios y cobertura para que madres y padres puedan salir a trabajar sin restricciones horarias.<\/span><span data-ccp-props=\"{&quot;134245417&quot;:false}\">\u00a0<\/span><\/p>\n<p><span data-contrast=\"auto\">Por intermedio del componente sociolaboral de acompa\u00f1amiento ofreciendo un programa dise\u00f1ado a medida que tenga la capacidad de cuidar a los ni\u00f1os para que los adultos puedan culminar primaria, ciclo b\u00e1sico, secundaria e insertarse en empleos formales que los dote de habilidades para generar continuidad en el mercado de trabajo.<\/span><span data-ccp-props=\"{&quot;134245417&quot;:false}\">\u00a0<\/span><\/p>\n<p><span data-contrast=\"auto\">Cecilia Sena dio cierre a la actividad expresando que Uruguay muestra al mundo las buenas pr\u00e1cticas de pol\u00edticas en materia de primera infancia e infancia mediante el fortalecimiento e intercambio de las capacidades t\u00e9cnicas de los equipos encargados de brindar atenci\u00f3n integral a la primera infancia y a la mujer embarazada,\u00a0 en colaboraci\u00f3n con instituciones ejecutoras de Ecuador y Portugal. Puntualiz\u00f3 que las capacidades para que un hogar no sea pobre las tienen los adultos, y las gestiones pol\u00edticas y econ\u00f3micas tambi\u00e9n corresponden a los\u00a0 adultos:\u00a0 la academia y la evidencia cient\u00edfica de la realidad de por qu\u00e9 las familias llegan a una situaci\u00f3n de pobreza;\u00a0 la sociedad civil organizada tratando de poner el tema en la agenda de pol\u00edticas p\u00fablicas; las fundaciones con objetivos espec\u00edficos para cada poblaci\u00f3n; y en el centro de todo est\u00e1 el Estado que pasa a ser el \u00fanico responsable ante los n\u00fameros que suelen no gustar. \u201cTodos somos responsables y jugamos un rol en esa cadena y en ese ciclo\u201d, manifest\u00f3.<\/span><span data-ccp-props=\"{&quot;134245417&quot;:false}\">\u00a0<\/span><\/p>\n<p><span data-contrast=\"auto\">Consider\u00f3 que las pol\u00edticas de infancia son pol\u00edticas de educaci\u00f3n, pol\u00edticas de cuidados, pol\u00edticas de g\u00e9nero y pol\u00edticas econ\u00f3micas destinadas a desarrollar adecuadamente al capital humano productivo y libre, para que las personas no queden atadas a prestaciones econ\u00f3micas del Estado.<\/span><span data-ccp-props=\"{&quot;134245417&quot;:false}\">\u00a0<\/span><\/p>\n<p><span data-contrast=\"auto\">\u201cLos resultados no son a corto plazo, hay que generar cimientos mediante la madurez pol\u00edtica y el accionar de cada uno, poniendo el tema en agenda y destinando recursos. La otra pobreza, la que no se mide por el dinero, la que tiene que ver con la realidad de las familias, con su convivencia, con situaciones de\u00a0 violencia dentro de los hogares, esa para la que las transferencias no son suficientes, es ah\u00ed donde se debe fortalecer la territorialidad, los acompa\u00f1amientos, con controles de salud para embarazadas; reforzar la alimentaci\u00f3n, crear entornos propicios para el nacimiento de un ni\u00f1o. No es un tema de partidos pol\u00edticos, es un tema de sociedad. Cualquier acci\u00f3n puede incidir en la vida y el desarrollo futuro de nuestro pa\u00eds\u201d, as\u00ed cerr\u00f3 su alocuci\u00f3n.<\/span><\/p>\n","protected":false},"excerpt":{"rendered":"<p>Se realiz\u00f3 un conversatorio sobre las pol\u00edticas que se est\u00e1n desarrollando en nuestro pa\u00eds en el \u00e1rea de primera infancia, la actividad denominada \u201cDi\u00e1logos del hoy para el ma\u00f1ana\u201d, se desarroll\u00f3 en Montevideo y se trata de la primera actividad de un ciclo que tiene como finalidad poner en discusi\u00f3n las pol\u00edticas p\u00fablicas de infancia [&hellip;]<\/p>\n","protected":false},"author":4,"featured_media":5367,"comment_status":"closed","ping_status":"closed","sticky":false,"template":"","format":"standard","meta":{"footnotes":""},"categories":[5],"tags":[],"class_list":["post-5366","post","type-post","status-publish","format-standard","has-post-thumbnail","hentry","category-durazno"],"_links":{"self":[{"href":"https:\/\/paginacero.com.uy\/index.php?rest_route=\/wp\/v2\/posts\/5366","targetHints":{"allow":["GET"]}}],"collection":[{"href":"https:\/\/paginacero.com.uy\/index.php?rest_route=\/wp\/v2\/posts"}],"about":[{"href":"https:\/\/paginacero.com.uy\/index.php?rest_route=\/wp\/v2\/types\/post"}],"author":[{"embeddable":true,"href":"https:\/\/paginacero.com.uy\/index.php?rest_route=\/wp\/v2\/users\/4"}],"replies":[{"embeddable":true,"href":"https:\/\/paginacero.com.uy\/index.php?rest_route=%2Fwp%2Fv2%2Fcomments&post=5366"}],"version-history":[{"count":1,"href":"https:\/\/paginacero.com.uy\/index.php?rest_route=\/wp\/v2\/posts\/5366\/revisions"}],"predecessor-version":[{"id":5368,"href":"https:\/\/paginacero.com.uy\/index.php?rest_route=\/wp\/v2\/posts\/5366\/revisions\/5368"}],"wp:featuredmedia":[{"embeddable":true,"href":"https:\/\/paginacero.com.uy\/index.php?rest_route=\/wp\/v2\/media\/5367"}],"wp:attachment":[{"href":"https:\/\/paginacero.com.uy\/index.php?rest_route=%2Fwp%2Fv2%2Fmedia&parent=5366"}],"wp:term":[{"taxonomy":"category","embeddable":true,"href":"https:\/\/paginacero.com.uy\/index.php?rest_route=%2Fwp%2Fv2%2Fcategories&post=5366"},{"taxonomy":"post_tag","embeddable":true,"href":"https:\/\/paginacero.com.uy\/index.php?rest_route=%2Fwp%2Fv2%2Ftags&post=5366"}],"curies":[{"name":"wp","href":"https:\/\/api.w.org\/{rel}","templated":true}]}}