{"id":5363,"date":"2024-08-09T15:37:30","date_gmt":"2024-08-09T18:37:30","guid":{"rendered":"https:\/\/paginacero.com.uy\/?p=5363"},"modified":"2024-08-09T15:37:30","modified_gmt":"2024-08-09T18:37:30","slug":"katherine-silvera-sera-la-representante-de-durazno-en-evento-de-belleza-nacional","status":"publish","type":"post","link":"https:\/\/paginacero.com.uy\/?p=5363","title":{"rendered":"Katherine Silvera ser\u00e1 la representante de Durazno en evento de belleza nacional"},"content":{"rendered":"<p><strong><span class=\"TextRun SCXW143989594 BCX0\" lang=\"ES-UY\" xml:lang=\"ES-UY\" data-contrast=\"auto\"><span class=\"NormalTextRun SCXW143989594 BCX0\" data-ccp-parastyle=\"Standard\" data-ccp-parastyle-defn=\"{&quot;ObjectId&quot;:&quot;cb2c2116-0da9-432e-842d-d4349af599f9|5&quot;,&quot;ClassId&quot;:1073872969,&quot;Properties&quot;:[469775450,&quot;Standard&quot;,201340122,&quot;2&quot;,134233614,&quot;true&quot;,469778129,&quot;Standard&quot;,335572020,&quot;1&quot;,469777841,&quot;Times New Roman&quot;,469777842,&quot;Arial&quot;,469777843,&quot;SimSun&quot;,469777844,&quot;Times New Roman&quot;,469769226,&quot;Times New Roman,Arial,SimSun&quot;,268442635,&quot;24&quot;,335559704,&quot;1081&quot;,335559705,&quot;2052&quot;,335551547,&quot;14346&quot;,134245417,&quot;false&quot;]}\">Katherine es un joven duraznense que ha sido seleccionada para participar del evento nacional Reina Hispanoamericana, que llevar\u00e1 a sus ganadoras a una <\/span><span class=\"NormalTextRun SCXW143989594 BCX0\" data-ccp-parastyle=\"Standard\">instancia internacional en Bolivia en el mes de febrero. Ahora, est\u00e1n preparando con toda la expectativa su participaci\u00f3n nacional, de la mano de la Academia de Modelaje PM.<\/span><\/span><span class=\"EOP SCXW143989594 BCX0\" data-ccp-props=\"{&quot;134245417&quot;:false}\">\u00a0<\/span><\/strong><!--more--><\/p>\n<p><span data-contrast=\"auto\">\u201cEstoy muy contenta con la recepci\u00f3n de la bandera, estoy muy contenta con todas las personas que me han ayudado, con la academia, con la Intendencia. El domingo 11 es la final del evento\u201d dijo durante la presentaci\u00f3n de la actividad que se realizar\u00e1 el fin de semana.<\/span><span data-ccp-props=\"{&quot;134245417&quot;:false}\">\u00a0<\/span><\/p>\n<p><span data-contrast=\"auto\">\u201cComenc\u00e9 el a\u00f1o pasado con 19 a\u00f1os en una Academia local PM, cuya directora es Paola Molina, comenc\u00e9 con pasarela, top model, mix, fue mucha formaci\u00f3n para llegar a esto en lo cual hoy estoy por segunda vez representando a mi departamento en un evento nacional. Desde chica siempre me gust\u00f3 lo que era fotos, modelar y cuando se lo plantee a mis padres porque hab\u00eda en redes sociales sobre la Academia, me dijeron que si me gustaba comenzara y lo hiciera, ellos me han impulsado siempre en lo que quiero hacer\u201d cont\u00f3.<\/span><span data-ccp-props=\"{&quot;134245417&quot;:false}\">\u00a0<\/span><\/p>\n<p><span data-contrast=\"auto\">\u201cEmpec\u00e9 probando y me encant\u00f3. Lo hago con pasi\u00f3n porque me gusta, le pongo dedicaci\u00f3n, ensayo, practico, todos los eventos sean top model o mix estoy concurriendo, gracias a Paola que siempre me est\u00e1 apoyando para hacerlo. Nosotros para este evento tenemos pr\u00e1cticas donde nos conocimos con chicas de diferentes departamento, un couch de pasarela que nos iba preparando y una semifinal donde hicimos casi lo mismo que ser\u00e1 la final\u201d agreg\u00f3.<\/span><span data-ccp-props=\"{&quot;134245417&quot;:false}\">\u00a0<\/span><\/p>\n<p><span data-contrast=\"auto\">El certamen internacional para el cual est\u00e1 compitiendo tendr\u00e1 su instancia final nacional este fin de semana y luego una participaci\u00f3n internacional.<\/span><span data-ccp-props=\"{&quot;134245417&quot;:false}\">\u00a0<\/span><\/p>\n<p><span data-contrast=\"auto\">\u201cMe encuentro concursando en el evento nacional Reina Hispanoamericana Uruguay, la organizaci\u00f3n nacional es CNB.\u00a0 Fui seleccionada por La Directora Departamental Paola Molina para representar a Durazno. Somos 15\u00a0 candidatas de diferentes departamentos y este domingo 11 de agosto se llevar\u00e1 a cabo la final de este evento, la misma es en el Hotel Esplendor de Montevideo en el cual la ganadora ir\u00e1 al concurso internacional en Bolivia del 23 de enero al 10 de febrero del pr\u00f3ximo a\u00f1o\u201d dijo.<\/span><span data-ccp-props=\"{&quot;134245417&quot;:false}\">\u00a0<\/span><\/p>\n<p><span data-contrast=\"auto\">\u201cLa instancia del fin de semana es la final, son unas 16 candidatas las que estar\u00e1n en el hotel Cervantes de Montevideo y all\u00ed tambi\u00e9n se nos har\u00e1n preguntas sobre el departamento del que provenimos, por lo que hay un componente extra\u201d dijo.<\/span><span data-ccp-props=\"{&quot;134245417&quot;:false}\">\u00a0<\/span><\/p>\n<p><span data-contrast=\"auto\">\u201cAdem\u00e1s soy cosmet\u00f3loga y masajista profesional,\u00a0 soy una apasionada del mundo de la\u00a0 belleza en todas sus \u00e1reas. Soy alumna de la Academia PM en Durazno, la cual nos da oportunidades de trabajo como\u00a0 promotora para agencias de publicidad, adem\u00e1s de modelar en diferentes eventos en Punta del Este\u201d cont\u00f3.<\/span><span data-ccp-props=\"{&quot;134245417&quot;:false}\">\u00a0<\/span><\/p>\n<p><span data-contrast=\"auto\">\u201cEste certamen es una oportunidad m\u00e1s para mostrar que no solo se trata de belleza f\u00edsica, sino que en lo personal quiero dar ese mensaje de empoderamiento, empat\u00eda, solidaridad y compromiso con la sociedad. Mis proyectos a futuro es seguir perfeccion\u00e1ndome en esto del modelaje y abrirme a todas las oportunidades que se presenten. Para m\u00ed representar a mi departamento es un orgullo y una forma de mostrar que en el interior tambi\u00e9n hay oportunidades para el mundo del modelaje\u201d agreg\u00f3.<\/span><span data-ccp-props=\"{&quot;134245417&quot;:false}\">\u00a0<\/span><\/p>\n<p><span data-contrast=\"auto\">Para su profesi\u00f3n de masajista y maquilladora Katherine cont\u00f3 que \u201ccomo la mayor\u00eda de los j\u00f3venes, tuve que viajar a Montevideo para poder formarme profesionalmente durante meses.\u00a0 Estoy armando mi consultorio, pero ya estoy trabajando a domicilio, tengo mi Instagram para que conozcan mi trabajo @beauty__cosmetics31\u201d finaliz\u00f3.<\/span><span data-ccp-props=\"{&quot;134245417&quot;:false}\">\u00a0<\/span><\/p>\n<p><span data-contrast=\"auto\">Reina Hispanoamericana, certamen que hasta el a\u00f1o 2006 era denominado Reina Sudamericana, es un concurso de belleza femenina internacional donde participan todas las delegadas de los pa\u00edses de lengua o ascendencia hispana. Desde su surgimiento en 1991 el concurso ha obtenido fama en Am\u00e9rica y en parte de Asia y \u00c1frica. La actual Reina Hispanoamericana es Isabel Cristina Pernalete Bustos de Venezuela coronada como Reina Hispanoamericana 2023 en 2024.<\/span><span data-ccp-props=\"{&quot;134245417&quot;:false}\">\u00a0<\/span><\/p>\n","protected":false},"excerpt":{"rendered":"<p>Katherine es un joven duraznense que ha sido seleccionada para participar del evento nacional Reina Hispanoamericana, que llevar\u00e1 a sus ganadoras a una instancia internacional en Bolivia en el mes de febrero. Ahora, est\u00e1n preparando con toda la expectativa su participaci\u00f3n nacional, de la mano de la Academia de Modelaje PM.\u00a0<\/p>\n","protected":false},"author":4,"featured_media":5364,"comment_status":"closed","ping_status":"closed","sticky":false,"template":"","format":"standard","meta":{"footnotes":""},"categories":[5,17],"tags":[],"class_list":["post-5363","post","type-post","status-publish","format-standard","has-post-thumbnail","hentry","category-durazno","category-suplemento-mujer"],"_links":{"self":[{"href":"https:\/\/paginacero.com.uy\/index.php?rest_route=\/wp\/v2\/posts\/5363","targetHints":{"allow":["GET"]}}],"collection":[{"href":"https:\/\/paginacero.com.uy\/index.php?rest_route=\/wp\/v2\/posts"}],"about":[{"href":"https:\/\/paginacero.com.uy\/index.php?rest_route=\/wp\/v2\/types\/post"}],"author":[{"embeddable":true,"href":"https:\/\/paginacero.com.uy\/index.php?rest_route=\/wp\/v2\/users\/4"}],"replies":[{"embeddable":true,"href":"https:\/\/paginacero.com.uy\/index.php?rest_route=%2Fwp%2Fv2%2Fcomments&post=5363"}],"version-history":[{"count":1,"href":"https:\/\/paginacero.com.uy\/index.php?rest_route=\/wp\/v2\/posts\/5363\/revisions"}],"predecessor-version":[{"id":5365,"href":"https:\/\/paginacero.com.uy\/index.php?rest_route=\/wp\/v2\/posts\/5363\/revisions\/5365"}],"wp:featuredmedia":[{"embeddable":true,"href":"https:\/\/paginacero.com.uy\/index.php?rest_route=\/wp\/v2\/media\/5364"}],"wp:attachment":[{"href":"https:\/\/paginacero.com.uy\/index.php?rest_route=%2Fwp%2Fv2%2Fmedia&parent=5363"}],"wp:term":[{"taxonomy":"category","embeddable":true,"href":"https:\/\/paginacero.com.uy\/index.php?rest_route=%2Fwp%2Fv2%2Fcategories&post=5363"},{"taxonomy":"post_tag","embeddable":true,"href":"https:\/\/paginacero.com.uy\/index.php?rest_route=%2Fwp%2Fv2%2Ftags&post=5363"}],"curies":[{"name":"wp","href":"https:\/\/api.w.org\/{rel}","templated":true}]}}