{"id":5357,"date":"2024-08-09T15:27:44","date_gmt":"2024-08-09T18:27:44","guid":{"rendered":"https:\/\/paginacero.com.uy\/?p=5357"},"modified":"2024-08-09T15:27:44","modified_gmt":"2024-08-09T18:27:44","slug":"la-escuela-no-3-de-durazno-obtuvo-el-primer-premio-en-el-concurso-de-competencia-digital","status":"publish","type":"post","link":"https:\/\/paginacero.com.uy\/?p=5357","title":{"rendered":"La escuela N\u00ba 3 de Durazno obtuvo el primer premio en el concurso de Competencia Digital"},"content":{"rendered":"<p><strong><span class=\"TextRun SCXW73473719 BCX0\" lang=\"ES-UY\" xml:lang=\"ES-UY\" data-contrast=\"auto\"><span class=\"NormalTextRun AdvancedProofingIssueV2Themed SCXW73473719 BCX0\" data-ccp-parastyle=\"Standard\" data-ccp-parastyle-defn=\"{&quot;ObjectId&quot;:&quot;40f36dcb-0b80-45cd-b30f-cb2af9616f2a|5&quot;,&quot;ClassId&quot;:1073872969,&quot;Properties&quot;:[469775450,&quot;Standard&quot;,201340122,&quot;2&quot;,134233614,&quot;true&quot;,469778129,&quot;Standard&quot;,335572020,&quot;1&quot;,469777841,&quot;Times New Roman&quot;,469777842,&quot;Arial&quot;,469777843,&quot;SimSun&quot;,469777844,&quot;Times New Roman&quot;,469769226,&quot;Times New Roman,Arial,SimSun&quot;,268442635,&quot;24&quot;,335559704,&quot;1081&quot;,335559705,&quot;2052&quot;,335551547,&quot;14346&quot;,134245417,&quot;false&quot;]}\">Desde el 1 de abril hasta el 30 de junio se llev\u00f3 adelante el certamen donde participaron 8.659 estudiantes y 513 docentes de 27 escuelas <\/span><span class=\"NormalTextRun AdvancedProofingIssueV2Themed SCXW73473719 BCX0\" data-ccp-parastyle=\"Standard\">p\u00fablicas urbanas comunes, aprender y de pr\u00e1ctica de todo el pa\u00eds, quienes se enfrentaron a desaf\u00edos a trav\u00e9s de la Plataforma Competencia Digital.<\/span><span class=\"NormalTextRun SCXW73473719 BCX0\" data-ccp-parastyle=\"Standard\"> La escuela <\/span><span class=\"NormalTextRun SpellingErrorV2Themed SCXW73473719 BCX0\" data-ccp-parastyle=\"Standard\">N\u00ba<\/span><span class=\"NormalTextRun SCXW73473719 BCX0\" data-ccp-parastyle=\"Standard\"> 3 de Sarand\u00ed del Y\u00ed, Durazno, obtuvo el primer lugar en la edici\u00f3n 2024 del concurso con 43.750 puntos, seguida de la escuela <\/span><span class=\"NormalTextRun SpellingErrorV2Themed SCXW73473719 BCX0\" data-ccp-parastyle=\"Standard\">N\u00ba<\/span><span class=\"NormalTextRun SCXW73473719 BCX0\" data-ccp-parastyle=\"Standard\"> 4 de Florida con 36.690 puntos, y la escuela <\/span><span class=\"NormalTextRun SpellingErrorV2Themed SCXW73473719 BCX0\" data-ccp-parastyle=\"Standard\">N\u00ba<\/span><span class=\"NormalTextRun SCXW73473719 BCX0\" data-ccp-parastyle=\"Standard\"> 3 de Flores con 23.350 puntos.<\/span><\/span><span class=\"EOP SCXW73473719 BCX0\" data-ccp-props=\"{&quot;134245417&quot;:false}\">\u00a0<\/span><\/strong><!--more--><\/p>\n<p><span data-contrast=\"auto\">Asimismo, la Unidad Reguladora y de Control de Datos Personales (URCDP) otorg\u00f3 una menci\u00f3n especial a la escuela N\u00ba 3 de Flores por su alta participaci\u00f3n de docentes en la capacitaci\u00f3n sobre protecci\u00f3n de datos personales.<\/span><span data-ccp-props=\"{&quot;134245417&quot;:false}\">\u00a0<\/span><\/p>\n<p><span data-contrast=\"auto\">La ceremonia de premiaci\u00f3n se realiz\u00f3 el 31 de julio en la escuela N\u00ba 3 de Sarand\u00ed del Y\u00ed, Durazno, y cont\u00f3 con la participaci\u00f3n de Gonzalo Sosa, coordinador de la URCDP y encargado de la Secretar\u00eda General y Letrada de Agesic; integrantes de la divisi\u00f3n Ciudadan\u00eda Digital de Agesic; Florencia Balbi, representante de la Direcci\u00f3n Nacional de Educaci\u00f3n del Ministerio de Educaci\u00f3n y Cultura (MEC); Silvia Paredes, directora del departamento de Tecnolog\u00edas Educativas Aplicadas y Virtualidad de la Administraci\u00f3n Nacional de Educaci\u00f3n P\u00fablica (Anep); y Patricia Go\u00f1ez, coordinadora del departamento de Ciudadan\u00eda y Bienestar Digital de Ceibal.<\/span><span data-ccp-props=\"{&quot;134245417&quot;:false}\">\u00a0<\/span><\/p>\n<p><span data-contrast=\"auto\">El concurso tuvo por objetivo sensibilizar sobre la ciudadan\u00eda digital y la protecci\u00f3n de datos personales para reflexionar sobre comportamientos digitales, aprender sobre tecnolog\u00edas y desarrollar habilidades para la ciudadan\u00eda en entornos digitales. Adem\u00e1s, promovi\u00f3 la colaboraci\u00f3n entre docentes y estudiantes para completar desaf\u00edos que incluyeron cursos, talleres, capacitaciones y juegos a trav\u00e9s de la plataforma Competencia Digital, acumulando puntos para el centro educativo desde nivel preescolar hasta sexto de escuela. La convocatoria fue organizada por Agesic y la URCDP, con el apoyo de la Direcci\u00f3n Nacional de Educaci\u00f3n del Ministerio de Educaci\u00f3n y Cultura (MEC), Anep y Ceibal.<\/span><span data-ccp-props=\"{&quot;134245417&quot;:false}\">\u00a0<\/span><\/p>\n<p><span data-contrast=\"auto\">Patricia Marino, activa docente de la instituci\u00f3n fue destacada como referente de la actividad y nos contaba que \u201cparticipamos del concurso Competencia Digital los maestros de los sextos a\u00f1os de la escuela con nuestros grupos y luego se fueron sumando ni\u00f1os de otras clases motivados por la invitaci\u00f3n de nuestros estudiantes. La participaci\u00f3n en el mismo consist\u00eda en la realizaci\u00f3n de desaf\u00edos propuestos en forma grupal e individual en relaci\u00f3n a ciudadan\u00eda digital. Ellos se basaban en la reflexi\u00f3n sobre el uso responsable de las redes sociales, fake news, navegaci\u00f3n en linea, huella digital, cyberbullying, entre otros temas presentes y\u202fde\u202factualidad\u201d.<\/span><span data-ccp-props=\"{&quot;134245417&quot;:false}\">\u00a0<\/span><\/p>\n<p><span data-contrast=\"auto\">\u201cTrabajamos en los desaf\u00edos durante tres meses y fuimos sumando puntos con nuestra participaci\u00f3n. Al finalizar el trabajo en el concurso, debimos dise\u00f1ar una campa\u00f1a en l\u00ednea, de extensi\u00f3n a la comunidad, sobre una de las tem\u00e1ticas abordadas y los ni\u00f1os eligieron que fuese sobre \u00abcyberbullying\u00bb. La ceremonia de premiaci\u00f3n se realiz\u00f3 d\u00edas atr\u00e1s en la escuela y cont\u00f3 con la visita de autoridades de Agesic, Anep, Ceibal y Mec. Fuimos reconocidos con un certificado por nuestra participaci\u00f3n a nivel institucional y premios para los ni\u00f1os de ludoteca, juegos de mesa, libros y un dron para la escuela. Tambi\u00e9n los chicos disfrutaron de una jornada diferente con una propuesta musical y show en vivo de\u202fLos\u202fRockolis\u201d agreg\u00f3.<\/span><span data-ccp-props=\"{&quot;134245417&quot;:false}\">\u00a0<\/span><\/p>\n<p><span data-contrast=\"auto\">Patricia es una inquieta docente, involucrada en muchos proyectos institucionales que la han llevado incluso fuera de fronteras.<\/span><span data-ccp-props=\"{&quot;134245417&quot;:false}\">\u00a0<\/span><\/p>\n<p><span data-contrast=\"auto\">\u201cHace trece a\u00f1os soy Maestra. Trabaje la mitad de mi carrera en la ciudad de Durazno y ahora vivo en Sarand\u00ed del Y\u00ed. Soy efectiva en la Escuela 3 y la maestra de sexto del turno vespertino. <\/span><br \/>\n<span data-contrast=\"auto\">Fui becaria de la Comisi\u00f3n Fulbright por la Embajada de Estados Unidos y tambi\u00e9n desarrollo desde el a\u00f1o pasado un proyecto en el London Institute by Fernanda Mederos de ense\u00f1anza del idioma ingl\u00e9s en contexto de pasteler\u00eda, con enfoque en STEM (ciencia, tecnolog\u00eda\u202fy\u202fmatem\u00e1tica).\u00a0 A la educaci\u00f3n de hoy no le importa solo lo que nuestros estudiantes saben sino qu\u00e9 pueden hacer con lo que saben. Buscamos en la actualidad que los chicos puedan a trav\u00e9s de distintas metodolog\u00edas activas incorporar las tem\u00e1ticas de estudio. Tem\u00e1ticas conectadas con su propio inter\u00e9s, reales y presentes en el mundo afuera, con sentido, para poder apropiarse de ellas, activar procesos cognitivos de orden superior y as\u00ed lograr un aprendizaje\u202fverdadero\u201d finaliz\u00f3.<\/span><span data-ccp-props=\"{&quot;134245417&quot;:false}\">\u00a0<\/span><\/p>\n","protected":false},"excerpt":{"rendered":"<p>Desde el 1 de abril hasta el 30 de junio se llev\u00f3 adelante el certamen donde participaron 8.659 estudiantes y 513 docentes de 27 escuelas p\u00fablicas urbanas comunes, aprender y de pr\u00e1ctica de todo el pa\u00eds, quienes se enfrentaron a desaf\u00edos a trav\u00e9s de la Plataforma Competencia Digital. La escuela N\u00ba 3 de Sarand\u00ed del [&hellip;]<\/p>\n","protected":false},"author":4,"featured_media":5358,"comment_status":"closed","ping_status":"closed","sticky":false,"template":"","format":"standard","meta":{"footnotes":""},"categories":[5,17],"tags":[],"class_list":["post-5357","post","type-post","status-publish","format-standard","has-post-thumbnail","hentry","category-durazno","category-suplemento-mujer"],"_links":{"self":[{"href":"https:\/\/paginacero.com.uy\/index.php?rest_route=\/wp\/v2\/posts\/5357","targetHints":{"allow":["GET"]}}],"collection":[{"href":"https:\/\/paginacero.com.uy\/index.php?rest_route=\/wp\/v2\/posts"}],"about":[{"href":"https:\/\/paginacero.com.uy\/index.php?rest_route=\/wp\/v2\/types\/post"}],"author":[{"embeddable":true,"href":"https:\/\/paginacero.com.uy\/index.php?rest_route=\/wp\/v2\/users\/4"}],"replies":[{"embeddable":true,"href":"https:\/\/paginacero.com.uy\/index.php?rest_route=%2Fwp%2Fv2%2Fcomments&post=5357"}],"version-history":[{"count":1,"href":"https:\/\/paginacero.com.uy\/index.php?rest_route=\/wp\/v2\/posts\/5357\/revisions"}],"predecessor-version":[{"id":5359,"href":"https:\/\/paginacero.com.uy\/index.php?rest_route=\/wp\/v2\/posts\/5357\/revisions\/5359"}],"wp:featuredmedia":[{"embeddable":true,"href":"https:\/\/paginacero.com.uy\/index.php?rest_route=\/wp\/v2\/media\/5358"}],"wp:attachment":[{"href":"https:\/\/paginacero.com.uy\/index.php?rest_route=%2Fwp%2Fv2%2Fmedia&parent=5357"}],"wp:term":[{"taxonomy":"category","embeddable":true,"href":"https:\/\/paginacero.com.uy\/index.php?rest_route=%2Fwp%2Fv2%2Fcategories&post=5357"},{"taxonomy":"post_tag","embeddable":true,"href":"https:\/\/paginacero.com.uy\/index.php?rest_route=%2Fwp%2Fv2%2Ftags&post=5357"}],"curies":[{"name":"wp","href":"https:\/\/api.w.org\/{rel}","templated":true}]}}