{"id":5353,"date":"2024-08-07T16:33:13","date_gmt":"2024-08-07T19:33:13","guid":{"rendered":"https:\/\/paginacero.com.uy\/?p=5353"},"modified":"2024-08-07T16:33:13","modified_gmt":"2024-08-07T19:33:13","slug":"exposicion-de-eduardo-cortazzo-continua-en-el-museo-casa-de-rivera","status":"publish","type":"post","link":"https:\/\/paginacero.com.uy\/?p=5353","title":{"rendered":"Exposici\u00f3n de Eduardo Cortazzo contin\u00faa en el Museo Casa de Rivera"},"content":{"rendered":"<p><strong><span class=\"TextRun SCXW25980495 BCX0\" lang=\"ES-UY\" xml:lang=\"ES-UY\" data-contrast=\"auto\"><span class=\"NormalTextRun SCXW25980495 BCX0\" data-ccp-parastyle=\"Standard\" data-ccp-parastyle-defn=\"{&quot;ObjectId&quot;:&quot;158b2d07-514a-4c08-93d6-87eaeec22334|5&quot;,&quot;ClassId&quot;:1073872969,&quot;Properties&quot;:[469775450,&quot;Standard&quot;,201340122,&quot;2&quot;,134233614,&quot;true&quot;,469778129,&quot;Standard&quot;,335572020,&quot;1&quot;,469777841,&quot;Times New Roman&quot;,469777842,&quot;Arial&quot;,469777843,&quot;SimSun&quot;,469777844,&quot;Times New Roman&quot;,469769226,&quot;Times New Roman,Arial,SimSun&quot;,268442635,&quot;24&quot;,335559704,&quot;1081&quot;,335559705,&quot;2052&quot;,335551547,&quot;14346&quot;,134245417,&quot;false&quot;]}\">En el Museo Hist\u00f3rico de Durazno \u201cCasa de Rivera\u201d est\u00e1 abierta al p\u00fablico la muestra de trabajos del artista pl\u00e1stico duraznense, Eduardo <\/span><span class=\"NormalTextRun SpellingErrorV2Themed SCXW25980495 BCX0\" data-ccp-parastyle=\"Standard\">Cortazzo<\/span><span class=\"NormalTextRun SCXW25980495 BCX0\" data-ccp-parastyle=\"Standard\"> Quinteros. La <\/span><span class=\"NormalTextRun SCXW25980495 BCX0\" data-ccp-parastyle=\"Standard\">inauguraci\u00f3n se realiz\u00f3 el viernes y se trata de una serie de obras donde se muestran personajes y lugares de Durazno, con la paleta particular del autor.<\/span><\/span><span class=\"EOP SCXW25980495 BCX0\" data-ccp-props=\"{&quot;134245417&quot;:false}\">\u00a0<\/span><\/strong><!--more--><\/p>\n<p><span data-contrast=\"auto\">\u201cAgradecer al artista en esta presentaci\u00f3n de sus obras. Eduardo ya lleva seis o siete inauguraciones en nuestro Museo, comenz\u00f3 la primera all\u00e1 en el a\u00f1o 2005 y desde ese momento no ha dejado de producir, acompa\u00f1arnos con su hermos\u00edsimo contenido. Es un duraznense que tiene esa sensibilidad, ese arte, esa calidez, esa forma tan hermosa, tan particular, de plasmar lo que es el arte. Cosa dif\u00edcil, cosa solamente para elegidos, as\u00ed como el escritor plasma en sus letras, poemas o una canci\u00f3n, Eduardo lo hace a trav\u00e9s de sus obras\u201d dijo el Director de Museos Cristian Pintos durante la inauguraci\u00f3n de la muestra que seguir\u00e1 abierta en el Museo \u201cCasa de Rivera\u201d.<\/span><span data-ccp-props=\"{&quot;134245417&quot;:false}\">\u00a0<\/span><\/p>\n<p><span data-contrast=\"auto\">\u201cDetalles de los personajes de Durazno, de tantos que se mueven por las calles de nuestra ciudad, son parte de lo que vemos plasmado. Es una manera de dejar testimonio de la memoria de los duraznenses a trav\u00e9s de esta obra\u201d agreg\u00f3.<\/span><span data-ccp-props=\"{&quot;134245417&quot;:false}\">\u00a0<\/span><\/p>\n<p><span data-contrast=\"auto\">El artista agradeci\u00f3 la disponibilidad de la casa que lo recibi\u00f3 para la muestra y cont\u00f3 alguna an\u00e9cdota referida a sus obras.<\/span><span data-ccp-props=\"{&quot;134245417&quot;:false}\">\u00a0<\/span><\/p>\n<p><span data-contrast=\"auto\">\u201cPor siempre agradecer tambi\u00e9n este espacio, tienen que estar a la orden del dia, a Natalia que me ha sido de gran apoyo, agradecer a esta casa y tambi\u00e9n al personal del Museo porque cada vez que vengo est\u00e1n dispuestos a atenderme, conversamos, son quienes hacen el trabajo silencioso en cada obra, tienen esta casa siempre abierta\u201d dijo el artista.<\/span><span data-ccp-props=\"{&quot;134245417&quot;:false}\">\u00a0<\/span><\/p>\n<p><span data-contrast=\"auto\">\u201cA quienes me est\u00e1n acompa\u00f1ando, amigos, que son lo m\u00e1s importante, que est\u00e9n ac\u00e1 es el mayor de los \u00e9xitos porque tambi\u00e9n me han acompa\u00f1ado a lo largo de la vida. Hace largo tiempo que estoy trabajando, a veces en escultura y a veces en pintura. Estas obras las pint\u00e9 antes de la pandemia, pero por ese motivo tuve que dejarlas guardadas, hasta que lleg\u00f3 el tiempo de mostrarlas, porque en mi cabeza ya hay otras cosas en cuanto al arte\u201d agreg\u00f3.<\/span><span data-ccp-props=\"{&quot;134245417&quot;:false}\">\u00a0<\/span><\/p>\n<p><span data-contrast=\"auto\">\u201cLas personas tenemos estados de \u00e1nimos y en eso trabajamos, me gusta mucho el color, la luz. Con respecto a los personajes que est\u00e1n ac\u00e1 en la muestra, hay uno de ellos que est\u00e1 con una carretilla que es Aries, se trata de alguien conocido por los m\u00e1s viejos, por una an\u00e9cdota del sol, que en la cancha de Rampla lo mandaron a buscar hielo al molino, era de esos personajes de antes que ten\u00eda esa mentalidad sana, se tom\u00f3 la plata del hielo en vino y volvi\u00f3 con la carretilla mojada\u201d cont\u00f3.<\/span><span data-ccp-props=\"{&quot;134245417&quot;:false}\">\u00a0<\/span><\/p>\n<p><span data-contrast=\"auto\">\u201cYo siempre pasaba por los ranchos donde \u00e9l viv\u00eda, un d\u00eda escuch\u00e9 que unos obreros trabajando en la casa y me llam\u00f3 la atenci\u00f3n, resulta que Aries en esa pobreza que ten\u00eda, eran dos hermanos, hab\u00eda encontrado un malet\u00edn con d\u00f3lares y lo hab\u00eda devuelto, eso me qued\u00f3 marcado muy profundo, porque a veces la honestidad van de la mano con la pobreza, y eso no hay que dejarlo de lado. Por eso quise pintar este cuadro, porque a pesar de la bohemia de ese personaje, ten\u00eda una gran honestidad. La persona a la que le devolvi\u00f3 el dinero, contrat\u00f3 unos obreros para que le arreglaran el rancho\u201d dijo.<\/span><span data-ccp-props=\"{&quot;134245417&quot;:false}\">\u00a0<\/span><\/p>\n<p><span data-contrast=\"auto\">\u201cVan a encontrar cosas en los cuadros cosas que puse y otras que ni siquiera me di cuenta que puse. Cada cuadro puede interpretarse, el arte tiene la libertad de ser y de disfrutarse\u201d finaliz\u00f3.<\/span><span data-ccp-props=\"{&quot;134245417&quot;:false}\">\u00a0<\/span><\/p>\n","protected":false},"excerpt":{"rendered":"<p>En el Museo Hist\u00f3rico de Durazno \u201cCasa de Rivera\u201d est\u00e1 abierta al p\u00fablico la muestra de trabajos del artista pl\u00e1stico duraznense, Eduardo Cortazzo Quinteros. La inauguraci\u00f3n se realiz\u00f3 el viernes y se trata de una serie de obras donde se muestran personajes y lugares de Durazno, con la paleta particular del autor.\u00a0<\/p>\n","protected":false},"author":4,"featured_media":5354,"comment_status":"closed","ping_status":"closed","sticky":false,"template":"","format":"standard","meta":{"footnotes":""},"categories":[5],"tags":[],"class_list":["post-5353","post","type-post","status-publish","format-standard","has-post-thumbnail","hentry","category-durazno"],"_links":{"self":[{"href":"https:\/\/paginacero.com.uy\/index.php?rest_route=\/wp\/v2\/posts\/5353","targetHints":{"allow":["GET"]}}],"collection":[{"href":"https:\/\/paginacero.com.uy\/index.php?rest_route=\/wp\/v2\/posts"}],"about":[{"href":"https:\/\/paginacero.com.uy\/index.php?rest_route=\/wp\/v2\/types\/post"}],"author":[{"embeddable":true,"href":"https:\/\/paginacero.com.uy\/index.php?rest_route=\/wp\/v2\/users\/4"}],"replies":[{"embeddable":true,"href":"https:\/\/paginacero.com.uy\/index.php?rest_route=%2Fwp%2Fv2%2Fcomments&post=5353"}],"version-history":[{"count":1,"href":"https:\/\/paginacero.com.uy\/index.php?rest_route=\/wp\/v2\/posts\/5353\/revisions"}],"predecessor-version":[{"id":5355,"href":"https:\/\/paginacero.com.uy\/index.php?rest_route=\/wp\/v2\/posts\/5353\/revisions\/5355"}],"wp:featuredmedia":[{"embeddable":true,"href":"https:\/\/paginacero.com.uy\/index.php?rest_route=\/wp\/v2\/media\/5354"}],"wp:attachment":[{"href":"https:\/\/paginacero.com.uy\/index.php?rest_route=%2Fwp%2Fv2%2Fmedia&parent=5353"}],"wp:term":[{"taxonomy":"category","embeddable":true,"href":"https:\/\/paginacero.com.uy\/index.php?rest_route=%2Fwp%2Fv2%2Fcategories&post=5353"},{"taxonomy":"post_tag","embeddable":true,"href":"https:\/\/paginacero.com.uy\/index.php?rest_route=%2Fwp%2Fv2%2Ftags&post=5353"}],"curies":[{"name":"wp","href":"https:\/\/api.w.org\/{rel}","templated":true}]}}