{"id":5349,"date":"2024-08-07T11:24:32","date_gmt":"2024-08-07T14:24:32","guid":{"rendered":"https:\/\/paginacero.com.uy\/?p=5349"},"modified":"2024-08-07T11:40:08","modified_gmt":"2024-08-07T14:40:08","slug":"talleres-de-comunicacion-continuan-en-el-dispositivo-ciudadela-con-buena-participacion","status":"publish","type":"post","link":"https:\/\/paginacero.com.uy\/?p=5349","title":{"rendered":"\u00abTalleres de comunicaci\u00f3n en Ciudadela siguen con alta participaci\u00f3n\u00bb"},"content":{"rendered":"<p><strong><span class=\"TextRun SCXW211112284 BCX0\" lang=\"ES-UY\" xml:lang=\"ES-UY\" data-contrast=\"auto\"><span class=\"NormalTextRun AdvancedProofingIssueV2Themed SCXW211112284 BCX0\" data-ccp-parastyle=\"Standard\" data-ccp-parastyle-defn=\"{&quot;ObjectId&quot;:&quot;18961c62-f87c-4a8b-bc63-9989387d1517|5&quot;,&quot;ClassId&quot;:1073872969,&quot;Properties&quot;:[469775450,&quot;Standard&quot;,201340122,&quot;2&quot;,134233614,&quot;true&quot;,469778129,&quot;Standard&quot;,335572020,&quot;1&quot;,469777841,&quot;Times New Roman&quot;,469777842,&quot;Arial&quot;,469777843,&quot;SimSun&quot;,469777844,&quot;Times New Roman&quot;,469769226,&quot;Times New Roman,Arial,SimSun&quot;,268442635,&quot;24&quot;,335559704,&quot;1081&quot;,335559705,&quot;2052&quot;,335551547,&quot;14346&quot;,134245417,&quot;false&quot;]}\">La Intendencia de Durazno, a trav\u00e9s de la Oficina de la Juventud, Departamento de Promoci\u00f3n Social contin\u00faa con la realizaci\u00f3n del Taller de <\/span><span class=\"NormalTextRun AdvancedProofingIssueV2Themed SCXW211112284 BCX0\" data-ccp-parastyle=\"Standard\">Radio en el Dispositivo Ciudadela, orientado a las personas que asisten al lugar.<\/span><span class=\"NormalTextRun SCXW211112284 BCX0\" data-ccp-parastyle=\"Standard\"> se trabaja en la metodolog\u00eda de entrevistas, noticias y dar a conocer las actividades del lugar.<\/span><\/span><span class=\"EOP SCXW211112284 BCX0\" data-ccp-props=\"{&quot;134245417&quot;:false}\">\u00a0<\/span><\/strong><!--more--><\/p>\n<p><span data-contrast=\"auto\">Los talleres son espacios que permiten la integraci\u00f3n de herramientas para los asistentes al Dispositivo, para su inserci\u00f3n social y laboral futura. Concretamente en el caso de la comunicaci\u00f3n, se espera que puedan promover sus acciones en el lugar y las oportunidades que brinda, replicando sus experiencias.<\/span><span data-ccp-props=\"{&quot;134245417&quot;:false}\">\u00a0<\/span><\/p>\n<p><span data-contrast=\"auto\">Los dispositivos ciudadelas surgen en el marco de la pol\u00edtica de drogas implementada a los efectos de abordar la problem\u00e1tica en el uso problem\u00e1tico de sustancias. Pensados como centros de asesoramiento, orientaci\u00f3n, diagn\u00f3stico y derivaci\u00f3n.<\/span><span data-ccp-props=\"{&quot;134245417&quot;:false}\">\u00a0<\/span><\/p>\n<p><span data-contrast=\"auto\">Es as\u00ed que a fines del a\u00f1o 2012 se comienza a trabajar en la Junta Departamental de Drogas de Salto (JDDSalto) una propuesta de intervenci\u00f3n dise\u00f1ada en la misma l\u00ednea de las pol\u00edticas nacionales de drogas. Estableci\u00e9ndose acuerdos interinstitucionales para el aporte de t\u00e9cnicos capacitados en la tem\u00e1tica, logr\u00e1ndose el apoyo de la Secretar\u00eda Nacional de Drogas (SND) mediante la formaci\u00f3n y capacitaci\u00f3n de recursos t\u00e9cnicos.<\/span><span data-ccp-props=\"{&quot;134245417&quot;:false}\">\u00a0<\/span><\/p>\n<p><span data-contrast=\"auto\">Se empieza a gestar por parte de un grupo de t\u00e9cnicos, referentes institucionales comprometidos con la tarea, y con la ayuda de la SND un centro de\u00a0 atenci\u00f3n a las personas con uso problem\u00e1tico de sustancias. Inaugur\u00e1ndose (luego de casi un a\u00f1o de trabajo en conjunto), el primer Dispositivo Ciudadela del interior del pa\u00eds y el segundo del Uruguay, con caracter\u00edsticas muy particulares. El dispositivo Ciudadela Salto, brindar\u00eda adem\u00e1s, una atenci\u00f3n ambulatoria y un abordaje comunitario.<\/span><span data-ccp-props=\"{&quot;134245417&quot;:false}\">\u00a0<\/span><\/p>\n<p><span data-contrast=\"auto\">Hoy luego de transitar estos a\u00f1os desde ese comienzo tienen una evaluaci\u00f3n constante del camino transitado y las experiencias recogidas, donde los recodos del mismo han actuado como espacios para pensar y estaciones de subida y bajada, algunos est\u00e1n con nosotros, muchos se han sumado y otros han optado por otra forma de apoyar el proceso.<\/span><span data-ccp-props=\"{&quot;134245417&quot;:false}\">\u00a0<\/span><\/p>\n<p><span data-contrast=\"auto\">Ofician como espacio de referencia\u00a0 y puerta de ingreso al sistema nacional de atenci\u00f3n y tratamiento para los usuarios, sus familias o ciudadanos que requieran informaci\u00f3n sobre la tem\u00e1tica de Drogas por diferentes motivos, brindando diagn\u00f3stico, asesoramiento, derivaci\u00f3n oportuna, asistencia ambulatoria y seguimiento a personas con uso problem\u00e1tico de sustancias (PUPS), familiares y\/o referentes socio-afectivos (RSA) provenientes del sistema asistencial p\u00fablico y privado, judicial (DJ) o por motivaci\u00f3n personal.<\/span><span data-ccp-props=\"{&quot;134245417&quot;:false}\">\u00a0<\/span><\/p>\n<p><span data-contrast=\"auto\">Tambi\u00e9n hacen la captaci\u00f3n de PUPS a nivel comunitario y promoci\u00f3n de redes institucionales, sociales y locales con un enfoque integral (aspectos preventivos, asistenciales y de inclusi\u00f3n social).<\/span><span data-ccp-props=\"{&quot;134245417&quot;:false}\">\u00a0<\/span><\/p>\n<p><span data-contrast=\"auto\">Su misi\u00f3n es generar un espacio de escucha y contenci\u00f3n, permitiendo intervenir de acuerdo a la demanda planteada, con respeto por los derechos humanos, inherentes a las personas que tienen un consumo problem\u00e1tico de sustancias, priorizando\u00a0 la libre elecci\u00f3n basada en la responsabilidad y el conocimiento, atendiendo a la prevenci\u00f3n, asistencia, rehabilitaci\u00f3n e inserci\u00f3n social de las personas afectadas por las consecuencias negativas del consumo de sustancias o con especial dificultad para la integraci\u00f3n social, incidiendo en las causas y contexto que lo provoca.<\/span><span data-ccp-props=\"{&quot;134245417&quot;:false}\">\u00a0<\/span><\/p>\n<p><span data-contrast=\"auto\">Dentro de sus acciones realizan el diagn\u00f3stico de personas con uso problem\u00e1tico de sustancias (PUPS). Se cuenta con un equipo multidisciplinario, capacitado en la tem\u00e1tica, quien realiza las entrevistas a los efectos de elaborar una primera hip\u00f3tesis diagn\u00f3stica que permita dise\u00f1ar y acordar una propuesta terap\u00e9utica acorde a la persona y su situaci\u00f3n. Se brinda asesoramiento e informaci\u00f3n promoviendo una motivaci\u00f3n para el cambio, a trav\u00e9s de entrevistas motivacionales, apoyo y orientaci\u00f3n al n\u00facleo familiar o referentes socioafectivos.<\/span><span data-ccp-props=\"{&quot;134245417&quot;:false}\">\u00a0<\/span><\/p>\n<p><span data-contrast=\"auto\">Mediante la herramienta de talleres grupales, se brinda un espacio para las familias y o referentes, donde se los apoya, orienta e integra al tratamiento de las PUPS. Cuando el proceso lo determine y la propuesta se indique se realizan derivaciones a centros de rehabilitaci\u00f3n residenciales.<\/span><span data-ccp-props=\"{&quot;134245417&quot;:false}\">\u00a0<\/span><\/p>\n","protected":false},"excerpt":{"rendered":"<p>La Intendencia de Durazno, a trav\u00e9s de la Oficina de la Juventud, Departamento de Promoci\u00f3n Social contin\u00faa con la realizaci\u00f3n del Taller de Radio en el Dispositivo Ciudadela, orientado a las personas que asisten al lugar. se trabaja en la metodolog\u00eda de entrevistas, noticias y dar a conocer las actividades del lugar.\u00a0<\/p>\n","protected":false},"author":4,"featured_media":5350,"comment_status":"closed","ping_status":"closed","sticky":false,"template":"","format":"standard","meta":{"footnotes":""},"categories":[5],"tags":[],"class_list":["post-5349","post","type-post","status-publish","format-standard","has-post-thumbnail","hentry","category-durazno"],"_links":{"self":[{"href":"https:\/\/paginacero.com.uy\/index.php?rest_route=\/wp\/v2\/posts\/5349","targetHints":{"allow":["GET"]}}],"collection":[{"href":"https:\/\/paginacero.com.uy\/index.php?rest_route=\/wp\/v2\/posts"}],"about":[{"href":"https:\/\/paginacero.com.uy\/index.php?rest_route=\/wp\/v2\/types\/post"}],"author":[{"embeddable":true,"href":"https:\/\/paginacero.com.uy\/index.php?rest_route=\/wp\/v2\/users\/4"}],"replies":[{"embeddable":true,"href":"https:\/\/paginacero.com.uy\/index.php?rest_route=%2Fwp%2Fv2%2Fcomments&post=5349"}],"version-history":[{"count":2,"href":"https:\/\/paginacero.com.uy\/index.php?rest_route=\/wp\/v2\/posts\/5349\/revisions"}],"predecessor-version":[{"id":5352,"href":"https:\/\/paginacero.com.uy\/index.php?rest_route=\/wp\/v2\/posts\/5349\/revisions\/5352"}],"wp:featuredmedia":[{"embeddable":true,"href":"https:\/\/paginacero.com.uy\/index.php?rest_route=\/wp\/v2\/media\/5350"}],"wp:attachment":[{"href":"https:\/\/paginacero.com.uy\/index.php?rest_route=%2Fwp%2Fv2%2Fmedia&parent=5349"}],"wp:term":[{"taxonomy":"category","embeddable":true,"href":"https:\/\/paginacero.com.uy\/index.php?rest_route=%2Fwp%2Fv2%2Fcategories&post=5349"},{"taxonomy":"post_tag","embeddable":true,"href":"https:\/\/paginacero.com.uy\/index.php?rest_route=%2Fwp%2Fv2%2Ftags&post=5349"}],"curies":[{"name":"wp","href":"https:\/\/api.w.org\/{rel}","templated":true}]}}