{"id":5318,"date":"2024-08-01T17:10:06","date_gmt":"2024-08-01T20:10:06","guid":{"rendered":"https:\/\/paginacero.com.uy\/?p=5318"},"modified":"2024-08-01T17:10:06","modified_gmt":"2024-08-01T20:10:06","slug":"quince-anos-generando-cambios-en-los-ninos-con-tea","status":"publish","type":"post","link":"https:\/\/paginacero.com.uy\/?p=5318","title":{"rendered":"Quince a\u00f1os generando  cambios en los ni\u00f1os con TEA"},"content":{"rendered":"<p><strong><span class=\"TextRun SCXW119042358 BCX0\" lang=\"ES-UY\" xml:lang=\"ES-UY\" data-contrast=\"auto\"><span class=\"NormalTextRun SpellingErrorV2Themed SCXW119042358 BCX0\" data-ccp-parastyle=\"Standard\" data-ccp-parastyle-defn=\"{&quot;ObjectId&quot;:&quot;8c82bafe-f2d9-42e7-8f8d-74b81e380fe8|5&quot;,&quot;ClassId&quot;:1073872969,&quot;Properties&quot;:[469775450,&quot;Standard&quot;,201340122,&quot;2&quot;,134233614,&quot;true&quot;,469778129,&quot;Standard&quot;,335572020,&quot;1&quot;,469777841,&quot;Times New Roman&quot;,469777842,&quot;Arial&quot;,469777843,&quot;SimSun&quot;,469777844,&quot;Times New Roman&quot;,469769226,&quot;Times New Roman,Arial,SimSun&quot;,268442635,&quot;24&quot;,335559704,&quot;1081&quot;,335559705,&quot;2052&quot;,335551547,&quot;14346&quot;,134245417,&quot;false&quot;]}\">Panitea<\/span><span class=\"NormalTextRun SCXW119042358 BCX0\" data-ccp-parastyle=\"Standard\"> cumpli\u00f3 sus 15 a\u00f1os de trabajo intenso en la sociedad, dirigido espec\u00edficamente a la atenci\u00f3n de los ni\u00f1os y adolescentes con Trastorno del Espectro Autista, pero tambi\u00e9n a la <\/span><span class=\"NormalTextRun SCXW119042358 BCX0\" data-ccp-parastyle=\"Standard\">concientizaci\u00f3n a nivel de la sociedad y la integraci\u00f3n.<\/span><\/span><span class=\"EOP SCXW119042358 BCX0\" data-ccp-props=\"{&quot;134245417&quot;:false}\">\u00a0<\/span><\/strong><!--more--><\/p>\n<p><span data-contrast=\"auto\">\u201cEstos quince a\u00f1os de Panitea los vivimos con mucha emoci\u00f3n porque comenzamos un 4 de julio del a\u00f1o 2009, seis familias todas con hijos con trastorno del espectro autista, necesit\u00e1bamos tener en el centro del pa\u00eds un lugar de referencia para las familias y tambi\u00e9n un lugar de atenci\u00f3n para los ni\u00f1os. Entonces haber podido lograr el objetivo y crecer estos a\u00f1os es lo que m\u00e1s nos moviliza, porque en definitiva comenzamos con el apoyo de la sociedad en ese momento, muy de abajo\u201d cont\u00f3 Solange Lacuesta, directora del centro de atenci\u00f3n.<\/span><span data-ccp-props=\"{&quot;134245417&quot;:false}\">\u00a0<\/span><\/p>\n<p><span data-contrast=\"auto\">\u201cPanitea ha crecido gracias al apoyo de la gente, de las familias y de varias instituciones que han cre\u00eddo en el proyecto y hemos ido creciendo a medida que los ni\u00f1os van creciendo y surgen nuevas necesidades. Todo el equipo de trabajo ha vivido con mucha emoci\u00f3n estos quince a\u00f1os, hay gente que est\u00e1 desde el comienzo, codo a codo con nosotros y la Comisi\u00f3n Directiva para lograr lo mejor, el equipo tiene sentimiento de pertenencia y eso es fundamental, as\u00ed como las familias y el equipo de gesti\u00f3n, la Comisi\u00f3n Directiva, todos tenemos la camiseta puesta y sabemos que es una obra, una causa en com\u00fan que vale la pena el sacrificio, porque vamos cambiando poco a poco la calidad d vida de nuestros hijos con autismo\u201d agreg\u00f3.<\/span><span data-ccp-props=\"{&quot;134245417&quot;:false}\">\u00a0<\/span><\/p>\n<p><span data-contrast=\"auto\">\u201cTenemos en la actualidad 60 ni\u00f1os, ni\u00f1as y adolescentes, 40 asisten al centro educativo terap\u00e9utico y 20 a la estaci\u00f3n La Cordobesa. En el centro educativo terap\u00e9utico ofrecemos una terapia individual, que se llama neurocognitiva de enfoque conductual, los ni\u00f1os luego de recibir el diagn\u00f3stico, aproximadamente a los dos a\u00f1os, comienzan con esa terapia individual que dura toda la etapa preescolar, luego comenzamos con un enfoque grupal para que adquieran habilidades socioemocionales que les van a servir para insertarse en la escuela y en lo social\u201d dijo.<\/span><span data-ccp-props=\"{&quot;134245417&quot;:false}\">\u00a0<\/span><\/p>\n<p><span data-contrast=\"auto\">Adem\u00e1s de los talleres y terapias, cuenta con servicios para atender demandas espec\u00edficas de los ni\u00f1os, adolescentes y sus familias.<\/span><span data-ccp-props=\"{&quot;134245417&quot;:false}\">\u00a0<\/span><\/p>\n<p><span data-contrast=\"auto\">\u201cTenemos un servicio de apoyo pedag\u00f3gico que es para los ni\u00f1os y adolescentes que van a primaria y educaci\u00f3n media, con dificultades m\u00e1s que nada en matem\u00e1ticas y lengua. Hay en este servicio la atenci\u00f3n que ellos necesitan en esa \u00e1rea. Tenemos el equipo sicosocial que atiende a las familias y realiza talleres mensuales, con emergentes que surgen de los encuentros con los padres, el intercambio es muy rico y ah\u00ed vamos intercambiando estrategias con los padres y nos hace bien a todas las familias para esto que es la cotidianeidad y el d\u00eda a d\u00eda con nuestros hijos\u201d cont\u00f3.<\/span><span data-ccp-props=\"{&quot;134245417&quot;:false}\">\u00a0<\/span><\/p>\n<p><span data-contrast=\"auto\">\u201cActualmente los chicos tambi\u00e9n tienen clases de yoga los d\u00edas lunes, donde aprenden t\u00e9cnicas de relajaci\u00f3n, a bajar la ansiedad, trabajar la conciencia de su propio cuerpo. Para acceder a Panitea por lo general la neuropediatra o la siquiatra infantil env\u00eda a los chicos con diagn\u00f3stico, nosotros los evaluamos para armar un programa de intervenci\u00f3n, es como un traje a medida de cada ni\u00f1o y adolescente que asiste, muchas veces vienen derivados por las educadoras de los Caif y las maestras que tienen idea de lo que es el trastorno del espectro autista y cuando ven alguna se\u00f1al de alerta los recibimos, y si est\u00e1 dentro del trastorno se ingresa para que reciba el tratamiento\u201d agreg\u00f3.<\/span><span data-ccp-props=\"{&quot;134245417&quot;:false}\">\u00a0<\/span><\/p>\n<p><span data-contrast=\"auto\">La instituci\u00f3n se ha convertido en un referente a nivel nacional en cuanto a la atenci\u00f3n del trastorno del espectro autista.<\/span><span data-ccp-props=\"{&quot;134245417&quot;:false}\">\u00a0<\/span><\/p>\n<p><span data-contrast=\"auto\">\u201cPanitea es un referente a nivel nacional, porque est\u00e1 ubicado en el centro del pa\u00eds y porque tenemos 15 a\u00f1os de trayectoria, que ha sido mantenida, permanente, donde hemos ido creciendo, tratando de colmar las necesidades de todos los chicos que est\u00e1n dentro del espectro del autismo, la primera asociaci\u00f3n es la de San Jos\u00e9 que se llama Florecer y luego est\u00e1 Panitea, actualmente la Federaci\u00f3n Autismo Uruguay de la que formamos parte tiene la idea de que en cada departamento haya una asociaci\u00f3n de padres y un centro de atenci\u00f3n para los ni\u00f1os con autismo as\u00ed no tienen que viajar, porque eso les produce mucho estr\u00e9s\u201d agreg\u00f3.<\/span><span data-ccp-props=\"{&quot;134245417&quot;:false}\">\u00a0<\/span><\/p>\n<p><span data-contrast=\"auto\">\u201cLo m\u00e1s importante ha sido el tema de la inclusi\u00f3n educativa, tenemos a todos los ni\u00f1os de Panitea inclu\u00eddos, ya sea desde el Caif, Primaria, Educaci\u00f3n Media, algunos han terminado el bachillerato, en el Polo Tecnol\u00f3gico por ejemplo, entonces ahora el gran desaf\u00edo es la b\u00fasqueda laboral, insertarse a ese nivel. Hemos podido observar que dentro de las caracter\u00edsticas que cada ni\u00f1o presenta, evolucionan de forma positiva, en algunos casos hay remisi\u00f3n de s\u00edntomas del diagn\u00f3stico y han tenido excelentes trayectoria educativas y de inserci\u00f3n social. En otros casos, cuando el chico est\u00e1 m\u00e1s severamente afectado necesita otros apoyos pero siempre es algo positivo\u201d dijo.<\/span><span data-ccp-props=\"{&quot;134245417&quot;:false}\">\u00a0<\/span><\/p>\n<p><span data-contrast=\"auto\">\u201cPanitea ha trabajado en estos 15 a\u00f1os de forma importante en Durazno, hablar de trastorno del espectro autista resulta algo conocido, la gente tiene informaci\u00f3n, sabe que puede acceder al centro terap\u00e9utico si necesita atenci\u00f3n, hemos estado acompa\u00f1ados por los medios de prensa que nos han permitido llegar a todos, eso ha facilitado la apertura a nivel social y educativo, estamos muy agradecidos por todos eso\u201d indic\u00f3.<\/span><span data-ccp-props=\"{&quot;134245417&quot;:false}\">\u00a0<\/span><\/p>\n<p><span data-contrast=\"auto\">La Cordobesa es un anexo esencial para Panitea, donde los adolescentes comienzan a tomar contacto con la producci\u00f3n y la recreaci\u00f3n, el trabajo en equipo y el futuro.<\/span><span data-ccp-props=\"{&quot;134245417&quot;:false}\">\u00a0<\/span><\/p>\n<p><span data-contrast=\"auto\">\u201cEl centro de La Cordobesa comenz\u00f3 a funcionar formalmente en el a\u00f1o 2023, tres d\u00edas a la semana, con el taller de gastronom\u00eda, inform\u00e1tica y huerta, en un convenio con Utu. Este a\u00f1o el convenio se ampl\u00eda y estamos de lunes a viernes de 14 a 17 horas, van todos los chicos de 12 a\u00f1os en adelante, tenemos hasta 23 a\u00f1os, asisten a cuatro talleres, huerta, gastronom\u00eda, inform\u00e1tica y deporte y recreaci\u00f3n, que se incorpor\u00f3 este a\u00f1o. La idea es que cada grupo transcurra por los cuatro talleres y tambi\u00e9n vamos viendo los perfiles de ellos, lo que m\u00e1s les gusta, vamos definiendo las intervenciones\u201d dijo.<\/span><span data-ccp-props=\"{&quot;134245417&quot;:false}\">\u00a0<\/span><\/p>\n<p><span data-contrast=\"auto\">\u201cLa Cordobesa tiene mucho potencial, la idea es tener tambi\u00e9n un lugar de recreaci\u00f3n, poder criar animales de granja, actualmente est\u00e1 para construirse un vivero que mide 4 por 12 metros, fue donado por la Iglesia Mormona, ah\u00ed los chicos van a poder trabajar, sembrar, producir, y luego todo lo que se produce en huerta se elabora en el taller de gastronom\u00eda, los cuatro talleres trabajan as\u00ed de forma integrada\u201d cont\u00f3.<\/span><span data-ccp-props=\"{&quot;134245417&quot;:false}\">\u00a0<\/span><\/p>\n<p><span data-contrast=\"auto\">\u201cEl otro desaf\u00edo nuestro es poder tener m\u00e1s horas de atenci\u00f3n, como un centro de d\u00eda, nos estamos proyectando hacia lo que es la adultez, con respecto a eso estamos pensando en casas de tipo tutelada o de ese modelo, m\u00e1s que nada, centrados en la calidad de vida, donde las personas con autismo puedan vivir y tener la atenci\u00f3n necesaria, que tengan actividades durante todo el d\u00eda, que les lleve a no perder los h\u00e1bitos y habilidades que han adquirido durante la infancia y la adolescencia\u201d dijo.<\/span><span data-ccp-props=\"{&quot;134245417&quot;:false}\">\u00a0<\/span><\/p>\n<p><span data-contrast=\"auto\">\u201cEstamos en formaci\u00f3n continua, es un gran desaf\u00edo, el autismo sigue siendo misterioso y enigm\u00e1tico, siempre se est\u00e1 recibiendo nueva informaci\u00f3n. Este a\u00f1o concurrimos invitados a los 40 a\u00f1os de Autismo Burgos, ellos atienden a personas con autismo durante todo el ciclo vital, desde los 2 a los 64 a\u00f1os, fue una gran experiencia y la idea es poder replicar esos buenos modelos que existen en el primer mundo\u201d agreg\u00f3.<\/span><span data-ccp-props=\"{&quot;134245417&quot;:false}\">\u00a0<\/span><\/p>\n<p><span data-contrast=\"auto\">Solange destac\u00f3 el agradecimiento a toda la sociedad y las instituciones en esta celebraci\u00f3n tan especial.<\/span><span data-ccp-props=\"{&quot;134245417&quot;:false}\">\u00a0<\/span><\/p>\n<p><span data-contrast=\"auto\">\u201cEs importante agradecer a todas las instituciones que han hecho posible la existencia de Panitea, por ejemplo la Intendencia Departamental de Durazno, Inau, Afe, Utu, Club de Leones, Rotary Club, los medios de prensa, la Fundaci\u00f3n Isabelina, los Hermanos Maristas por la confianza en Panitea ya que all\u00ed funciona el Centro Terap\u00e9utico, los socios colaboradores, las familias y todas las personas que d\u00eda a d\u00eda est\u00e1n colaborando con nosotros\u201d finaliz\u00f3.<\/span><span data-ccp-props=\"{&quot;134245417&quot;:false}\">\u00a0<\/span><\/p>\n","protected":false},"excerpt":{"rendered":"<p>Panitea cumpli\u00f3 sus 15 a\u00f1os de trabajo intenso en la sociedad, dirigido espec\u00edficamente a la atenci\u00f3n de los ni\u00f1os y adolescentes con Trastorno del Espectro Autista, pero tambi\u00e9n a la concientizaci\u00f3n a nivel de la sociedad y la integraci\u00f3n.\u00a0<\/p>\n","protected":false},"author":4,"featured_media":5319,"comment_status":"closed","ping_status":"closed","sticky":false,"template":"","format":"standard","meta":{"footnotes":""},"categories":[5,17],"tags":[],"class_list":["post-5318","post","type-post","status-publish","format-standard","has-post-thumbnail","hentry","category-durazno","category-suplemento-mujer"],"_links":{"self":[{"href":"https:\/\/paginacero.com.uy\/index.php?rest_route=\/wp\/v2\/posts\/5318","targetHints":{"allow":["GET"]}}],"collection":[{"href":"https:\/\/paginacero.com.uy\/index.php?rest_route=\/wp\/v2\/posts"}],"about":[{"href":"https:\/\/paginacero.com.uy\/index.php?rest_route=\/wp\/v2\/types\/post"}],"author":[{"embeddable":true,"href":"https:\/\/paginacero.com.uy\/index.php?rest_route=\/wp\/v2\/users\/4"}],"replies":[{"embeddable":true,"href":"https:\/\/paginacero.com.uy\/index.php?rest_route=%2Fwp%2Fv2%2Fcomments&post=5318"}],"version-history":[{"count":1,"href":"https:\/\/paginacero.com.uy\/index.php?rest_route=\/wp\/v2\/posts\/5318\/revisions"}],"predecessor-version":[{"id":5320,"href":"https:\/\/paginacero.com.uy\/index.php?rest_route=\/wp\/v2\/posts\/5318\/revisions\/5320"}],"wp:featuredmedia":[{"embeddable":true,"href":"https:\/\/paginacero.com.uy\/index.php?rest_route=\/wp\/v2\/media\/5319"}],"wp:attachment":[{"href":"https:\/\/paginacero.com.uy\/index.php?rest_route=%2Fwp%2Fv2%2Fmedia&parent=5318"}],"wp:term":[{"taxonomy":"category","embeddable":true,"href":"https:\/\/paginacero.com.uy\/index.php?rest_route=%2Fwp%2Fv2%2Fcategories&post=5318"},{"taxonomy":"post_tag","embeddable":true,"href":"https:\/\/paginacero.com.uy\/index.php?rest_route=%2Fwp%2Fv2%2Ftags&post=5318"}],"curies":[{"name":"wp","href":"https:\/\/api.w.org\/{rel}","templated":true}]}}