{"id":5315,"date":"2024-08-01T17:02:06","date_gmt":"2024-08-01T20:02:06","guid":{"rendered":"https:\/\/paginacero.com.uy\/?p=5315"},"modified":"2024-08-01T17:02:06","modified_gmt":"2024-08-01T20:02:06","slug":"montes-del-plata-impulsa-oportunidades-laborales-para-mujeres-del-medio-rural","status":"publish","type":"post","link":"https:\/\/paginacero.com.uy\/?p=5315","title":{"rendered":"Montes del Plata impulsa oportunidades laborales para mujeres del medio rural"},"content":{"rendered":"<p><strong>forestal-industrial presenta una iniciativa para crear oportunidades de empleo de calidad para mujeres en \u00e1reas hist\u00f3ricamente subrepresentadas, impulsando el desarrollo sostenible y la inclusi\u00f3n en las comunidades rurales donde opera\u00a0<\/strong><!--more--><\/p>\n<p>R\u00edo Negro, 30 de julio de 2024. Montes del Plata lanz\u00f3 una nueva iniciativa destinada a generar oportunidades de empleo de calidad para mujeres en el interior del pa\u00eds, con el objetivo de impulsar su acceso a \u00e1reas y roles en los que tradicionalmente han tenido menor participaci\u00f3n. Este esfuerzo se enmarca en una estrategia de desarrollo sostenible a largo plazo, enfocada en potenciar las capacidades y la empleabilidad en las comunidades donde opera la empresa. La novedad radica en la creaci\u00f3n de un nuevo equipo de cosecha mecanizada, con el objetivo de incorporar mujeres desde el inicio y asegurar su representatividad. A diferencia de otras \u00e1reas de la empresa, hasta ahora no hab\u00eda mujeres en el equipo de cosecha. Montes del Plata, como empresa grande referente en el sector, desea dar un paso afirmativo en este tema, sirviendo de ejemplo para otras empresas del pa\u00eds. En esta l\u00ednea, la propuesta busca establecer este nuevo frente de cosecha con una perspectiva de g\u00e9nero, promoviendo la inclusi\u00f3n y la diversidad en todos los niveles de la operaci\u00f3n forestal. La empresa ya viene trabajando con mujeres en distintas \u00e1reas, brind\u00e1ndoles capacitaci\u00f3n y apoyo para que puedan crecer y asentarse en sus roles. En este caso, se trata de una oportunidad laboral que permitir\u00e1 a las personas seleccionadas acceder a capacitaci\u00f3n y entrenamiento desde cero, todo de forma gratuita. La capacitaci\u00f3n inicial en manejo de los equipos tendr\u00e1 una duraci\u00f3n de 3 meses, durante los cuales las participantes recibir\u00e1n un salario. No se necesita experiencia laboral previa para ingresar. La capacitaci\u00f3n permitir\u00e1 desarrollar habilidades necesarias para desempe\u00f1arse en roles forestales calificados y especializados. El equipo de trabajo tendr\u00e1 base en Young, lo que permite generar una oportunidad de empleo de calidad para personas de zonas como Colonia El Omb\u00fa, Bellaco, Tres Bocas, Algorta (Menafra, Paso de la Cruz, Piedras, Pandule), Grecco, Guich\u00f3n (Pi\u00f1era, Morat\u00f3), Nuevo Berl\u00edn (San Javier), y Quebracho. \u00abEstamos comprometidos con la creaci\u00f3n de un entorno saludable que permita el desarrollo de las personas en equipos heterog\u00e9neos, inclusivos y equitativos de trabajo en todas nuestras operaciones\u201d, dijo Laura Cibils, Team Leader Personas y Cultura Forestal. \u00abEsta propuesta es una muestra de nuestro compromiso por promover la generaci\u00f3n de oportunidades genuinas de empleo para mujeres y fortalecer el desarrollo de nuestras comunidades rurales\u201d, apunt\u00f3. Acerca de Montes del Plata Montes del Plata es una empresa forestal-industrial fundada en Uruguay en el a\u00f1o 2009 a partir de la uni\u00f3n en Uruguay de dos compa\u00f1\u00edas l\u00edderes de la industria forestal: Stora Enso (sueco-finlandesa) y Arauco (chilena), dedicada a la producci\u00f3n de pulpa de celulosa de Eucalyptus. Su celulosa se produce en un complejo industrial de \u00faltima tecnolog\u00eda pr\u00f3ximo a Conchillas, en el departamento de Colonia, que genera a su vez energ\u00eda el\u00e9ctrica renovable. Tiene m\u00e1s de 190.000 hect\u00e1reas de plantaciones forestales propias y en acuerdos con productores locales distribuidas en 16 departamentos del pa\u00eds, las cuales se integran con montes nativos y otras \u00e1reas naturales que se conservan. Desde la producci\u00f3n de plantines en un vivero propio hasta la exportaci\u00f3n de celulosa, Montes del Plata involucra en toda su cadena productiva a unas 6500 personas. La empresa mantiene di\u00e1logo permanente con las comunidades cercanas a sus operaciones, apoyando el desarrollo local.<\/p>\n","protected":false},"excerpt":{"rendered":"<p>forestal-industrial presenta una iniciativa para crear oportunidades de empleo de calidad para mujeres en \u00e1reas hist\u00f3ricamente subrepresentadas, impulsando el desarrollo sostenible y la inclusi\u00f3n en las comunidades rurales donde opera\u00a0<\/p>\n","protected":false},"author":4,"featured_media":5316,"comment_status":"closed","ping_status":"closed","sticky":false,"template":"","format":"standard","meta":{"footnotes":""},"categories":[5,17],"tags":[],"class_list":["post-5315","post","type-post","status-publish","format-standard","has-post-thumbnail","hentry","category-durazno","category-suplemento-mujer"],"_links":{"self":[{"href":"https:\/\/paginacero.com.uy\/index.php?rest_route=\/wp\/v2\/posts\/5315","targetHints":{"allow":["GET"]}}],"collection":[{"href":"https:\/\/paginacero.com.uy\/index.php?rest_route=\/wp\/v2\/posts"}],"about":[{"href":"https:\/\/paginacero.com.uy\/index.php?rest_route=\/wp\/v2\/types\/post"}],"author":[{"embeddable":true,"href":"https:\/\/paginacero.com.uy\/index.php?rest_route=\/wp\/v2\/users\/4"}],"replies":[{"embeddable":true,"href":"https:\/\/paginacero.com.uy\/index.php?rest_route=%2Fwp%2Fv2%2Fcomments&post=5315"}],"version-history":[{"count":1,"href":"https:\/\/paginacero.com.uy\/index.php?rest_route=\/wp\/v2\/posts\/5315\/revisions"}],"predecessor-version":[{"id":5317,"href":"https:\/\/paginacero.com.uy\/index.php?rest_route=\/wp\/v2\/posts\/5315\/revisions\/5317"}],"wp:featuredmedia":[{"embeddable":true,"href":"https:\/\/paginacero.com.uy\/index.php?rest_route=\/wp\/v2\/media\/5316"}],"wp:attachment":[{"href":"https:\/\/paginacero.com.uy\/index.php?rest_route=%2Fwp%2Fv2%2Fmedia&parent=5315"}],"wp:term":[{"taxonomy":"category","embeddable":true,"href":"https:\/\/paginacero.com.uy\/index.php?rest_route=%2Fwp%2Fv2%2Fcategories&post=5315"},{"taxonomy":"post_tag","embeddable":true,"href":"https:\/\/paginacero.com.uy\/index.php?rest_route=%2Fwp%2Fv2%2Ftags&post=5315"}],"curies":[{"name":"wp","href":"https:\/\/api.w.org\/{rel}","templated":true}]}}