{"id":5309,"date":"2024-08-01T16:40:18","date_gmt":"2024-08-01T19:40:18","guid":{"rendered":"https:\/\/paginacero.com.uy\/?p=5309"},"modified":"2024-08-01T16:40:18","modified_gmt":"2024-08-01T19:40:18","slug":"voluntarios-de-durazno-recaudan-fondos-para-la-fundacion-perez-scremini","status":"publish","type":"post","link":"https:\/\/paginacero.com.uy\/?p=5309","title":{"rendered":"Voluntarios de Durazno recaudan fondos para la Fundaci\u00f3n P\u00e9rez Scremini"},"content":{"rendered":"<p><strong><span class=\"NormalTextRun SCXW36702000 BCX0\" data-ccp-parastyle=\"Standard\" data-ccp-parastyle-defn=\"{&quot;ObjectId&quot;:&quot;1b97fdfd-0bcb-4017-830d-e0c59a3be855|5&quot;,&quot;ClassId&quot;:1073872969,&quot;Properties&quot;:[469775450,&quot;Standard&quot;,201340122,&quot;2&quot;,134233614,&quot;true&quot;,469778129,&quot;Standard&quot;,335572020,&quot;1&quot;,469777841,&quot;Times New Roman&quot;,469777842,&quot;Arial&quot;,469777843,&quot;SimSun&quot;,469777844,&quot;Times New Roman&quot;,469769226,&quot;Times New Roman,Arial,SimSun&quot;,268442635,&quot;24&quot;,335559704,&quot;1081&quot;,335559705,&quot;2052&quot;,335551547,&quot;14346&quot;,134245417,&quot;false&quot;]}\">La Fundaci\u00f3n P\u00e9rez <\/span><span class=\"NormalTextRun SpellingErrorV2Themed SCXW36702000 BCX0\" data-ccp-parastyle=\"Standard\">Scremini<\/span><span class=\"NormalTextRun SCXW36702000 BCX0\" data-ccp-parastyle=\"Standard\"> est\u00e1 recaudando fondos en nuestra ciudad a trav\u00e9s de un beneficio, donde los voluntarios est\u00e1n vendiendo las \u201chamburguesas <\/span><span class=\"NormalTextRun SCXW36702000 BCX0\" data-ccp-parastyle=\"Standard\">solidarias\u201d con el objetivo de llegar a la meta econ\u00f3mica. Las Leonas de Durazno son el equipo de voluntarios que est\u00e1 trabajando en la promoci\u00f3n de este beneficio que sigue convocando.<\/span><\/strong><!--more--><\/p>\n<p><span data-contrast=\"auto\">La P\u00e9rez Scremini es la fundaci\u00f3n que trabaja por la cura del c\u00e1ncer infantil en Uruguay. Tiene a su cargo el Servicio Hemato Oncol\u00f3gico Pedi\u00e1trico del Hospital Pereira Rossell. Aqu\u00ed trabajan 140 personas: m\u00e9dicos especializados en Hemato Oncolog\u00eda Pedi\u00e1trica, licenciados y enfermeros, un equipo psico-social, auxiliares de servicio, laboratoristas, directivos y administrativos que, desde hace m\u00e1s de 20 a\u00f1os, velan por el cumplimiento de una misi\u00f3n: la cura del c\u00e1ncer infantil, ofreciendo un abordaje integral al paciente y su familia.<\/span><span data-ccp-props=\"{&quot;134245417&quot;:false}\">\u00a0<\/span><\/p>\n<p><span data-contrast=\"auto\">Cuenta, adem\u00e1s, con el fuerte compromiso de voluntarios en todo el pa\u00eds que se suman a trabajar por la causa a trav\u00e9s de distintos programas de apoyo y acompa\u00f1amiento. La atenci\u00f3n que se brinda, que no tiene costo para las familias, incluye consultas m\u00e9dicas, estudios, tratamientos, medicamentos, internaci\u00f3n, traslados, alimentaci\u00f3n y apoyo psicosocial. La fundaci\u00f3n cuenta con el fuerte aporte de ASSE, pero necesita el invalorable apoyo de toda la sociedad.<\/span><span data-ccp-props=\"{&quot;134245417&quot;:false}\">\u00a0<\/span><\/p>\n<p><span data-contrast=\"auto\">La atenci\u00f3n que se brinda, no tiene costo para las familias e incluye consultas m\u00e9dicas, estudios, tratamientos, medicamentos, internaci\u00f3n, traslados, alimentaci\u00f3n y apoyo psicosocial. La Fundaci\u00f3n busca la excelencia, por eso desarrollan proyectos de investigaci\u00f3n y realizan intercambios de\u00a0 t\u00e9cnicos con otros centros de referencia a nivel mundial, convirti\u00e9ndose en un centro de capacitaci\u00f3n y formaci\u00f3n.<\/span><span data-ccp-props=\"{&quot;134245417&quot;:false}\">\u00a0<\/span><\/p>\n<p><span data-contrast=\"auto\">El Hospital de D\u00eda centraliza la atenci\u00f3n del paciente en las fases del proceso diagn\u00f3stico y terap\u00e9utico que pueden cumplirse en forma ambulatoria (sin separarlo de su entorno familiar y social mientras cumple el tratamiento). A trav\u00e9s de la actividad de un equipo multidisciplinario integrado, el Hospital de D\u00eda desarrolla las siguientes prestaciones de salud: estudios diagn\u00f3sticos y de control evolutivo de la enfermedad en las 3 \u00e1reas de su Laboratorio: Hematolog\u00eda, Citometr\u00eda de Flujo y\u00a0 Biolog\u00eda Molecular; realizaci\u00f3n de tratamientos oncol\u00f3gicos: quimioterapia e inmunoterapia; reposici\u00f3n hematol\u00f3gica, tratamiento del dolor y cuidados paliativos; atenci\u00f3n en Policl\u00ednicas de: hematolog\u00eda y oncolog\u00eda, cirug\u00eda oncol\u00f3gica, trasplante de medula \u00f3sea, seguimiento de efectos tard\u00edos, stroke y trombofilia; atenci\u00f3n odontolog\u00eda y laserterapia; apoyo psicosocial: acompa\u00f1amiento social y psicol\u00f3gico del paciente y el n\u00facleo familiar. Apoyo a las necesidades sociales y econ\u00f3micas de las familias.<\/span><span data-ccp-props=\"{&quot;134245417&quot;:false}\">\u00a0<\/span><\/p>\n<p><span data-contrast=\"auto\">Los resultados de la experiencia con este modelo de atenci\u00f3n ambulatoria de enfoque multidimensional del cuidado, se\u00f1alan importantes ventajas a\u00a0 nivel del ni\u00f1o o adolescente enfermo y la familia, institucional y a nivel del equipo de Salud.<\/span><span data-ccp-props=\"{&quot;134245417&quot;:false}\">\u00a0<\/span><\/p>\n<p><span data-contrast=\"auto\">El \u00e1rea de internaci\u00f3n funciona las 24 horas de los 7 d\u00edas de la semana. Cuenta con un total de 19 camas, divididas en dos \u00e1reas, 10 camas en 3 habitaciones compartidas, 9 habitaciones individuales se encuentran en condiciones de estricto aislamiento (con ba\u00f1o incluido s\u00f3lo para uso del paciente). Esta \u00e1rea \u00fanica en el pa\u00eds permite aislar a los pacientes con un sistema de seguridad para minimizar las infecciones transmitidas por part\u00edculas circulantes en la atm\u00f3sfera. El aire es hiperfiltrado a trav\u00e9s de filtros HEPA, termotatizado lo que hace que circule en \u00e9sta \u00e1rea a presi\u00f3n positiva.<\/span><span data-ccp-props=\"{&quot;134245417&quot;:false}\">\u00a0<\/span><\/p>\n<p><span data-contrast=\"auto\">Dentro del \u00e1rea de aislamiento hay tres camas que se reservan para pacientes que necesitan trasplantes de m\u00e9dula \u00f3sea.<\/span><span data-ccp-props=\"{&quot;134245417&quot;:false}\">\u00a0<\/span><\/p>\n<p><span data-contrast=\"auto\">Tambi\u00e9n dispone de un \u00e1rea de enfermer\u00eda, adem\u00e1s de una sala para procedimientos frecuentes en la especialidad y cuenta con un espacio de descanso con sala de estar para los padres y familiares. El \u00e1rea cuenta con lavadero y cocina para los familiares directo que acompa\u00f1an a los ni\u00f1os o adolescentes.<\/span><span data-ccp-props=\"{&quot;134245417&quot;:false}\">\u00a0<\/span><\/p>\n<p><span data-contrast=\"auto\">En setiembre de 2017 se inaugur\u00f3 el Hogar Hospitalario P\u00e9rez Scremini-Do\u00f1a Coca. El mismo est\u00e1 ubicado en Mario Cassinoni 1556, entre Francisco Canaro y 18 de Julio, a pocos metros de nuestra Fundaci\u00f3n, del Hospital Pereira Rossell y de la terminal Tres Cruces. All\u00ed se alojan los pacientes del interior del pa\u00eds, acompa\u00f1ados por un familiar, cuando se encuentran en tratamiento ambulatorio, para realizarse alg\u00fan estudio o por indicaci\u00f3n m\u00e9dica. Se garantiza el cumplimiento de los protocolos m\u00e9dicos, la alimentaci\u00f3n y el descanso, junto con la contenci\u00f3n y acompa\u00f1amiento que precisan, en un lugar c\u00e1lido y acogedor. Se cuenta, adem\u00e1s, con el apoyo permanente del equipo psicosocial, del equipo m\u00e9dico\u00a0 y de enfermer\u00eda de la FPS.<\/span><span data-ccp-props=\"{&quot;134245417&quot;:false}\">\u00a0<\/span><\/p>\n<p><span data-contrast=\"auto\">Los voluntarios, parte fundamental de la vida cotidiana del Hogar, dedican su tiempo a acompa\u00f1ar e interactuar con los ni\u00f1os y sus familias en actividades recreativas y colaboran con las diferentes tareas que all\u00ed se desarrollan. La casa cuenta con 18 camas distribuidas en 6 habitaciones, 2 de ellas acondicionadas de aislamiento. Adem\u00e1s hay un lavadero y una terraza.<\/span><span data-ccp-props=\"{&quot;134245417&quot;:false}\">\u00a0<\/span><\/p>\n<p><span data-contrast=\"auto\">Con la \u00faltima incorporaci\u00f3n tecnol\u00f3gica, el Secuenciador de Nueva Generaci\u00f3n, el objetivo es poder llegar en un futuro pr\u00f3ximo a realizar lo que se conoce como medicina personalizada, que consiste en poder suministrar un tratamiento personalizado al paciente en funci\u00f3n de la biolog\u00eda de su tumor, con el fin de aumentar la tasa de supervivencia y disminuir la probabilidad de reca\u00edda del paciente, contribuyendo as\u00ed a la lucha contra el c\u00e1ncer infantil.<\/span><span data-ccp-props=\"{&quot;134245417&quot;:false}\">\u00a0<\/span><\/p>\n","protected":false},"excerpt":{"rendered":"<p>La Fundaci\u00f3n P\u00e9rez Scremini est\u00e1 recaudando fondos en nuestra ciudad a trav\u00e9s de un beneficio, donde los voluntarios est\u00e1n vendiendo las \u201chamburguesas solidarias\u201d con el objetivo de llegar a la meta econ\u00f3mica. Las Leonas de Durazno son el equipo de voluntarios que est\u00e1 trabajando en la promoci\u00f3n de este beneficio que sigue convocando.<\/p>\n","protected":false},"author":4,"featured_media":5310,"comment_status":"closed","ping_status":"closed","sticky":false,"template":"","format":"standard","meta":{"footnotes":""},"categories":[5,17],"tags":[],"class_list":["post-5309","post","type-post","status-publish","format-standard","has-post-thumbnail","hentry","category-durazno","category-suplemento-mujer"],"_links":{"self":[{"href":"https:\/\/paginacero.com.uy\/index.php?rest_route=\/wp\/v2\/posts\/5309","targetHints":{"allow":["GET"]}}],"collection":[{"href":"https:\/\/paginacero.com.uy\/index.php?rest_route=\/wp\/v2\/posts"}],"about":[{"href":"https:\/\/paginacero.com.uy\/index.php?rest_route=\/wp\/v2\/types\/post"}],"author":[{"embeddable":true,"href":"https:\/\/paginacero.com.uy\/index.php?rest_route=\/wp\/v2\/users\/4"}],"replies":[{"embeddable":true,"href":"https:\/\/paginacero.com.uy\/index.php?rest_route=%2Fwp%2Fv2%2Fcomments&post=5309"}],"version-history":[{"count":1,"href":"https:\/\/paginacero.com.uy\/index.php?rest_route=\/wp\/v2\/posts\/5309\/revisions"}],"predecessor-version":[{"id":5311,"href":"https:\/\/paginacero.com.uy\/index.php?rest_route=\/wp\/v2\/posts\/5309\/revisions\/5311"}],"wp:featuredmedia":[{"embeddable":true,"href":"https:\/\/paginacero.com.uy\/index.php?rest_route=\/wp\/v2\/media\/5310"}],"wp:attachment":[{"href":"https:\/\/paginacero.com.uy\/index.php?rest_route=%2Fwp%2Fv2%2Fmedia&parent=5309"}],"wp:term":[{"taxonomy":"category","embeddable":true,"href":"https:\/\/paginacero.com.uy\/index.php?rest_route=%2Fwp%2Fv2%2Fcategories&post=5309"},{"taxonomy":"post_tag","embeddable":true,"href":"https:\/\/paginacero.com.uy\/index.php?rest_route=%2Fwp%2Fv2%2Ftags&post=5309"}],"curies":[{"name":"wp","href":"https:\/\/api.w.org\/{rel}","templated":true}]}}