{"id":5306,"date":"2024-08-01T16:26:45","date_gmt":"2024-08-01T19:26:45","guid":{"rendered":"https:\/\/paginacero.com.uy\/?p=5306"},"modified":"2024-08-01T16:26:45","modified_gmt":"2024-08-01T19:26:45","slug":"manana-se-realizara-el-congreso-nacional-de-yoga-en-durazno","status":"publish","type":"post","link":"https:\/\/paginacero.com.uy\/?p=5306","title":{"rendered":"Ma\u00f1ana se realizara el Congreso Nacional de Yoga en Durazno"},"content":{"rendered":"<p><strong><span class=\"TextRun SCXW142190800 BCX0\" lang=\"ES-UY\" xml:lang=\"ES-UY\" data-contrast=\"auto\"><span class=\"NormalTextRun SCXW142190800 BCX0\" data-ccp-parastyle=\"Standard\" data-ccp-parastyle-defn=\"{&quot;ObjectId&quot;:&quot;980e6432-f0e3-4e03-bcce-53a5dbdaa843|5&quot;,&quot;ClassId&quot;:1073872969,&quot;Properties&quot;:[469775450,&quot;Standard&quot;,201340122,&quot;2&quot;,134233614,&quot;true&quot;,469778129,&quot;Standard&quot;,335572020,&quot;1&quot;,469777841,&quot;Times New Roman&quot;,469777842,&quot;Arial&quot;,469777843,&quot;SimSun&quot;,469777844,&quot;Times New Roman&quot;,469769226,&quot;Times New Roman,Arial,SimSun&quot;,268442635,&quot;24&quot;,335559704,&quot;1081&quot;,335559705,&quot;2052&quot;,335551547,&quot;14346&quot;,134245417,&quot;false&quot;]}\">El s\u00e1bado 3 de agosto en el Centro MAPEP se estar\u00e1 realizando el Encuentro Uruguayo de Yoga y Congreso de Yoga de Durazno, organizado por la Asociaci\u00f3n Uruguaya de Yoga, la <\/span><span class=\"NormalTextRun SCXW142190800 BCX0\" data-ccp-parastyle=\"Standard\">Academia de Yoga de Durazno, con el auspicio de la Alianza Sudamericana de Yoga y la Escuela Sudamericana de Formaci\u00f3n de Profesores de Yoga.<\/span><\/span><span class=\"EOP SCXW142190800 BCX0\" data-ccp-props=\"{&quot;134245417&quot;:false}\">\u00a0<\/span><\/strong><!--more--><\/p>\n<p><span data-contrast=\"auto\">La responsable de la Academia de Yoga de Durazno, Alexandra Mart\u00ednez, cont\u00f3 que \u201cestamos esperando una buena participaci\u00f3n de quienes dictan esta disciplina en todo el pa\u00eds y en el departamento, con la expectativa de conocernos, seguir form\u00e1ndonos y tomar parte de esta experiencia\u201d.<\/span><span data-ccp-props=\"{&quot;134245417&quot;:false}\">\u00a0<\/span><\/p>\n<p><span data-contrast=\"auto\">Las inscripciones para participar est\u00e1n abiertas hasta la misma jornada de realizaci\u00f3n a trav\u00e9s de los celulares 099 217 578 y 099 367 796.<\/span><span data-ccp-props=\"{&quot;134245417&quot;:false}\">\u00a0<\/span><\/p>\n<p><span data-contrast=\"auto\">\u201cLa idea es expandir hacia Durazno la pr\u00e1ctica de Yoga, el congreso es una hora, una hora y media m\u00e1ximo, en d\u00f3nde a parte de brindar conceptos para que la gente conozca un poco m\u00e1s de que se trata, la idea es generar alguna pr\u00e1ctica tambi\u00e9n y que las personas que participen puedan vivenciar un\u202flindo\u202fmomento\u201d agreg\u00f3 Alexandra.<\/span><span data-ccp-props=\"{&quot;134245417&quot;:false}\">\u00a0<\/span><\/p>\n<p><span data-contrast=\"auto\">\u201cNuestra idea tambi\u00e9n es poder abrirnos camino en Durazno para a futuro comenzar all\u00ed a dar formaciones, talleres, workshops a quienes sientan\u202fel\u202fllamado\u201d indic\u00f3.<\/span><span data-ccp-props=\"{&quot;134245417&quot;:false}\">\u00a0<\/span><\/p>\n<p><span data-contrast=\"auto\">En el a\u00f1o 1934, en que Swami Asuri Kapila funda la Comunidad Uruguaya de Yoga, el Ramana Ashram, la Maha Bodhi Shanga y la Escuela Internacional de Yoga en Montevideo, impartiendo el primer curso de formaci\u00f3n de Yoga en 1936. En 1985 la Comunidad Uruguaya de Yoga funda la Asociaci\u00f3n Uruguaya de Yoga siendo elegido como presidente el continuador de Swami Asuri Kapila, Yogacharya Fernanda Estevez Griego (Dharmachari Maitreyananda). quien es disc\u00edpulo directo de Swami Vishnudevananda y Yogavatar Krishna Kisore Das.<\/span><span data-ccp-props=\"{&quot;134245417&quot;:false}\">\u00a0<\/span><\/p>\n<p><span data-contrast=\"auto\">La Asociaci\u00f3n Uruguaya de Yoga restructura la Escuela Internacional de Yoga. En 1989 la Asociaci\u00f3n Uruguaya de Yoga es declarada entidad dirigente del Yoga por la Comisi\u00f3n Nacional de Educaci\u00f3n F\u00edsica del Ministerio de Educaci\u00f3n y Cultura, gracias a la calidad de su formaci\u00f3n. En 1987 Yogacharya Fernando Estevez Griego preside el primer Congreso Uruguayo de Yoga y el primer Congreso Latinoamericano de Yoga. En 1988 \u00e9l mismo preside el segundo Congreso Mundial de Yoga en el Palacio Municipal de la Ciudad de Montevideo.<\/span><span data-ccp-props=\"{&quot;134245417&quot;:false}\">\u00a0<\/span><\/p>\n<p><span data-contrast=\"auto\">En 1989 se organiza la Copa Mundial de Yoga Deportivo en la Sala Vaz Ferreira de la Biblioteca Nacional. Dharmachari Maitreyananda organiza as\u00ed las asociaciones y centros de Yoga del interior del pa\u00eds formando instructores, profesores, formadores y maestros de Yoga. En 1991 se radica en Buenos Aires.<\/span><span data-ccp-props=\"{&quot;134245417&quot;:false}\">\u00a0<\/span><\/p>\n<p><span data-contrast=\"auto\">\u201cEl Yoga tiene un impacto en todo el ser humano, como ser humano f\u00edsico, como ser conformado por emociones y su mente, ya que se dan distintos tipos de m\u00e9todos para trabajar. Hay una creencia popular que para hacer yoga es necesario flexible, esto no es as\u00ed, si fuera as\u00ed una persona que tuviera una discapacidad en sus piernas no podr\u00eda hacer yoga, pero sin embargo puede hacerlo. Yoga no es solamente una focalizaci\u00f3n en una parte del cuerpo sino en el todo. A trav\u00e9s del movimiento de todas las partes del cuerpo se puede hacer un trabajo sobre todas las \u00e1reas del cuerpo humano, a trav\u00e9s de la cara se desbloquea la energ\u00eda mental, por ejemplo cuando una persona est\u00e1 con el cejo fruncido vemos que tiene un bloqueo emocional, hay un mont\u00f3n de posturas de caras con lo cual la persona comienza a realizar esos gestos rompiendo la estructura emocional que le cambia el estado a la persona, de eso se trata del Yoga, a trav\u00e9s de gestos, posturas, cantar un mantra, realizar un mandala, una secuencia de posturas con m\u00fasica, existen diferentes tipos de m\u00e9todos para lograr el objetivo\u201d agreg\u00f3.<\/span><span data-ccp-props=\"{&quot;134245417&quot;:false}\">\u00a0<\/span><\/p>\n","protected":false},"excerpt":{"rendered":"<p>El s\u00e1bado 3 de agosto en el Centro MAPEP se estar\u00e1 realizando el Encuentro Uruguayo de Yoga y Congreso de Yoga de Durazno, organizado por la Asociaci\u00f3n Uruguaya de Yoga, la Academia de Yoga de Durazno, con el auspicio de la Alianza Sudamericana de Yoga y la Escuela Sudamericana de Formaci\u00f3n de Profesores de Yoga.\u00a0<\/p>\n","protected":false},"author":4,"featured_media":5307,"comment_status":"closed","ping_status":"closed","sticky":false,"template":"","format":"standard","meta":{"footnotes":""},"categories":[5,17],"tags":[],"class_list":["post-5306","post","type-post","status-publish","format-standard","has-post-thumbnail","hentry","category-durazno","category-suplemento-mujer"],"_links":{"self":[{"href":"https:\/\/paginacero.com.uy\/index.php?rest_route=\/wp\/v2\/posts\/5306","targetHints":{"allow":["GET"]}}],"collection":[{"href":"https:\/\/paginacero.com.uy\/index.php?rest_route=\/wp\/v2\/posts"}],"about":[{"href":"https:\/\/paginacero.com.uy\/index.php?rest_route=\/wp\/v2\/types\/post"}],"author":[{"embeddable":true,"href":"https:\/\/paginacero.com.uy\/index.php?rest_route=\/wp\/v2\/users\/4"}],"replies":[{"embeddable":true,"href":"https:\/\/paginacero.com.uy\/index.php?rest_route=%2Fwp%2Fv2%2Fcomments&post=5306"}],"version-history":[{"count":1,"href":"https:\/\/paginacero.com.uy\/index.php?rest_route=\/wp\/v2\/posts\/5306\/revisions"}],"predecessor-version":[{"id":5308,"href":"https:\/\/paginacero.com.uy\/index.php?rest_route=\/wp\/v2\/posts\/5306\/revisions\/5308"}],"wp:featuredmedia":[{"embeddable":true,"href":"https:\/\/paginacero.com.uy\/index.php?rest_route=\/wp\/v2\/media\/5307"}],"wp:attachment":[{"href":"https:\/\/paginacero.com.uy\/index.php?rest_route=%2Fwp%2Fv2%2Fmedia&parent=5306"}],"wp:term":[{"taxonomy":"category","embeddable":true,"href":"https:\/\/paginacero.com.uy\/index.php?rest_route=%2Fwp%2Fv2%2Fcategories&post=5306"},{"taxonomy":"post_tag","embeddable":true,"href":"https:\/\/paginacero.com.uy\/index.php?rest_route=%2Fwp%2Fv2%2Ftags&post=5306"}],"curies":[{"name":"wp","href":"https:\/\/api.w.org\/{rel}","templated":true}]}}