{"id":5300,"date":"2024-07-31T17:22:11","date_gmt":"2024-07-31T20:22:11","guid":{"rendered":"https:\/\/paginacero.com.uy\/?p=5300"},"modified":"2024-07-31T17:22:11","modified_gmt":"2024-07-31T20:22:11","slug":"taller-de-prevencion-en-las-redes-y-en-la-vida-en-carlos-reyles","status":"publish","type":"post","link":"https:\/\/paginacero.com.uy\/?p=5300","title":{"rendered":"Taller de prevenci\u00f3n en las redes y en la vida en Carlos Reyles"},"content":{"rendered":"<p><strong><span class=\"TextRun SCXW97850979 BCX0\" lang=\"ES-UY\" xml:lang=\"ES-UY\" data-contrast=\"auto\"><span class=\"NormalTextRun SCXW97850979 BCX0\" data-ccp-parastyle=\"Standard\" data-ccp-parastyle-defn=\"{&quot;ObjectId&quot;:&quot;e6ed7cab-12b0-475d-8614-c88a58ca60fa|5&quot;,&quot;ClassId&quot;:1073872969,&quot;Properties&quot;:[469775450,&quot;Standard&quot;,201340122,&quot;2&quot;,134233614,&quot;true&quot;,469778129,&quot;Standard&quot;,335572020,&quot;1&quot;,469777841,&quot;Times New Roman&quot;,469777842,&quot;Arial&quot;,469777843,&quot;SimSun&quot;,469777844,&quot;Times New Roman&quot;,469769226,&quot;Times New Roman,Arial,SimSun&quot;,268442635,&quot;24&quot;,335559704,&quot;1081&quot;,335559705,&quot;2052&quot;,335551547,&quot;14346&quot;,134245417,&quot;false&quot;]}\">El lunes 12 de agosto la Seccional 3a. De Carlos <\/span><span class=\"NormalTextRun SpellingErrorV2Themed SCXW97850979 BCX0\" data-ccp-parastyle=\"Standard\">Reyles<\/span><span class=\"NormalTextRun SCXW97850979 BCX0\" data-ccp-parastyle=\"Standard\"> estar\u00e1 realizando un taller sobre Prevenci\u00f3n en las redes sociales y en la vida, a las 10 de la ma\u00f1ana en el <\/span><span class=\"NormalTextRun SCXW97850979 BCX0\" data-ccp-parastyle=\"Standard\">gimnasio local.<\/span><\/span><span class=\"EOP SCXW97850979 BCX0\" data-ccp-props=\"{&quot;134245417&quot;:false}\">\u00a0<\/span><\/strong><!--more--><\/p>\n<p><span data-contrast=\"auto\">\u201cSiguiendo en el marco de prevenci\u00f3n sobre uso responsable de las redes sociales y datos personales, personal de la Polic\u00eda Comunitaria Orientada a Problemas (PCOP) estar\u00e1 dictando un nuevo taller sobre consecuencia de las publicaciones, Grooming (captaci\u00f3n en l\u00ednea), Sexting (intercambio de mensajes sexuales), Sextorsi\u00f3n (chantaje sexual), brind\u00e1ndose una charla con intercambio de preguntas y respuestas de alumnos por situaciones conocidas o vividas, d\u00e1ndoles conocimiento de algunos delitos cometidos en redes sociales que se desconocen y que est\u00e1n sancionados en nuestro c\u00f3digo penal\u201d indicaron desde la organizaci\u00f3n.<\/span><span data-ccp-props=\"{&quot;134245417&quot;:false}\">\u00a0<\/span><\/p>\n<p><span data-contrast=\"auto\">\u201cLa abrupta implantaci\u00f3n de las Tecnolog\u00edas de la Informaci\u00f3n y la Comunicaci\u00f3n (TICs) en nuestra sociedad ha dificultado que las familias, maestros y educadores puedan adaptarse con la rapidez que demandan para acompa\u00f1ar a los ni\u00f1os, ni\u00f1as y adolescentes en un uso cr\u00edtico y responsable de las mismas. Como resultado se observa la no intervenci\u00f3n y abstenci\u00f3n educativa en este \u00e1mbito\u201d agregaron.<\/span><span data-ccp-props=\"{&quot;134245417&quot;:false}\">\u00a0<\/span><\/p>\n<p><span data-contrast=\"auto\">\u201cPara los j\u00f3venes, las redes sociales son atractivas porque suponen un espacio donde son protagonistas; donde se relacionan con otros semejantes usan su propio lenguaje y donde caben sus gustos e intereses reales\u201d dijeron.<\/span><span data-ccp-props=\"{&quot;134245417&quot;:false}\">\u00a0<\/span><\/p>\n<p><span data-contrast=\"auto\">\u201cComo adultos responsables debemos ofrecer una visi\u00f3n actualizada sobre los peligros que comportan el mal uso de esas redes digitales, el taller apunta a sensibilizar y concientizar sobre el buen uso de las redes sociales como herramientas de comunicaci\u00f3n que permitan a los participantes entender la importancia de saber usar con responsabilidad este tipo de herramientas. Es fundamental que los adultos, m\u00e1s aun en el \u00e1rea de la educaci\u00f3n, tengamos las herramientas adecuadas para brindar a los j\u00f3venes\u201d indicaron.<\/span><span data-ccp-props=\"{&quot;134245417&quot;:false}\">\u00a0<\/span><\/p>\n<p><span data-contrast=\"auto\">El taller tiene como objetivos fundamentales fomentar una ciudadan\u00eda digital responsable en la adolescencia, sensibilizar a j\u00f3venes sobre los principales riesgos que corren al utilizar las redes sociales y ayudarlos a mejorar su nivel de seguridad en las redes sociales<\/span><span data-ccp-props=\"{&quot;134245417&quot;:false}\">\u00a0<\/span><\/p>\n<p><span data-contrast=\"auto\">aportando consejos y herramientas para una correcta administraci\u00f3n de la identidad digital.<\/span><span data-ccp-props=\"{&quot;134245417&quot;:false}\">\u00a0<\/span><\/p>\n<p><span data-contrast=\"auto\">En las actividades se tratan tem\u00e1ticas como los principales riesgos de una vida digital, cyberbulling (hostigamiento a trav\u00e9s de plataformas digitales) , grooming (enga\u00f1o pederasta), tips y buenas pr\u00e1cticas para el correcto uso de las redes.<\/span><span data-ccp-props=\"{&quot;134245417&quot;:false}\">\u00a0<\/span><\/p>\n<p><span data-contrast=\"auto\">Las redes sociales son comunidades en l\u00ednea en las que los usuarios pueden publicar contenidos y conectarse con personas afines. Las plataformas de medios sociales como Twitter, Facebook e Instagram son ejemplos de redes sociales, adem\u00e1s de la popular wathsapp. Estas redes se utilizan a menudo para compartir informaci\u00f3n, opiniones y hacer nuevas conexiones. Las redes sociales tambi\u00e9n pueden ser una valiosa fuente de informaci\u00f3n y conocimiento. Por ejemplo, pueden utilizarse para investigar tendencias, detectar oportunidades de negocio o encontrar pistas de trabajo.<\/span><span data-ccp-props=\"{&quot;134245417&quot;:false}\">\u00a0<\/span><\/p>\n<p><span data-contrast=\"auto\">Sin embargo, esa oportunidad de conectar con todo el mundo, sin filtros y con una falsa sensaci\u00f3n de impunidad, puede implicar cierto peligro para las personas que no tienen la informaci\u00f3n y formaci\u00f3n suficiente para saber c\u00f3mo comportarse en ellas.<\/span><span data-ccp-props=\"{&quot;134245417&quot;:false}\">\u00a0<\/span><\/p>\n<p><span data-contrast=\"auto\">Aunque las redes sociales pueden ser muy valiosas para las personas que todav\u00eda no han llegado a la edad adulta, a menudo, estas carecen de la experiencia y los conocimientos necesarios para utilizar estas herramientas con eficacia y sobre todo de forma segura.<\/span><span data-ccp-props=\"{&quot;134245417&quot;:false}\">\u00a0<\/span><\/p>\n<p><span data-contrast=\"auto\">Dada la importante repercusi\u00f3n y presencia de las redes sociales en la vida de los ni\u00f1os y adolescentes y la preocupaci\u00f3n que esto suele generar en los padres por las consecuencias derivadas de un mal uso de las mismas, como la relegaci\u00f3n del entretenimiento y las actividades educativas a favor del internet. Por ello se hace necesario dotar a los j\u00f3venes de habilidades de manejo de las aplicaciones y plataformas de comunicaci\u00f3n social.<\/span><span data-ccp-props=\"{&quot;134245417&quot;:false}\">\u00a0<\/span><\/p>\n<p><span data-contrast=\"auto\">A trav\u00e9s del taller se busca aportar conocimientos sobre las diferentes redes sociales y su utilizaci\u00f3n, incidiendo en la importancia de un uso responsable y las consecuencias a corto y largo plazo de una gesti\u00f3n inadecuada de las mismas.<\/span><span data-ccp-props=\"{&quot;134245417&quot;:false}\">\u00a0<\/span><\/p>\n","protected":false},"excerpt":{"rendered":"<p>El lunes 12 de agosto la Seccional 3a. De Carlos Reyles estar\u00e1 realizando un taller sobre Prevenci\u00f3n en las redes sociales y en la vida, a las 10 de la ma\u00f1ana en el gimnasio local.\u00a0<\/p>\n","protected":false},"author":4,"featured_media":5301,"comment_status":"closed","ping_status":"closed","sticky":false,"template":"","format":"standard","meta":{"footnotes":""},"categories":[5],"tags":[],"class_list":["post-5300","post","type-post","status-publish","format-standard","has-post-thumbnail","hentry","category-durazno"],"_links":{"self":[{"href":"https:\/\/paginacero.com.uy\/index.php?rest_route=\/wp\/v2\/posts\/5300","targetHints":{"allow":["GET"]}}],"collection":[{"href":"https:\/\/paginacero.com.uy\/index.php?rest_route=\/wp\/v2\/posts"}],"about":[{"href":"https:\/\/paginacero.com.uy\/index.php?rest_route=\/wp\/v2\/types\/post"}],"author":[{"embeddable":true,"href":"https:\/\/paginacero.com.uy\/index.php?rest_route=\/wp\/v2\/users\/4"}],"replies":[{"embeddable":true,"href":"https:\/\/paginacero.com.uy\/index.php?rest_route=%2Fwp%2Fv2%2Fcomments&post=5300"}],"version-history":[{"count":1,"href":"https:\/\/paginacero.com.uy\/index.php?rest_route=\/wp\/v2\/posts\/5300\/revisions"}],"predecessor-version":[{"id":5302,"href":"https:\/\/paginacero.com.uy\/index.php?rest_route=\/wp\/v2\/posts\/5300\/revisions\/5302"}],"wp:featuredmedia":[{"embeddable":true,"href":"https:\/\/paginacero.com.uy\/index.php?rest_route=\/wp\/v2\/media\/5301"}],"wp:attachment":[{"href":"https:\/\/paginacero.com.uy\/index.php?rest_route=%2Fwp%2Fv2%2Fmedia&parent=5300"}],"wp:term":[{"taxonomy":"category","embeddable":true,"href":"https:\/\/paginacero.com.uy\/index.php?rest_route=%2Fwp%2Fv2%2Fcategories&post=5300"},{"taxonomy":"post_tag","embeddable":true,"href":"https:\/\/paginacero.com.uy\/index.php?rest_route=%2Fwp%2Fv2%2Ftags&post=5300"}],"curies":[{"name":"wp","href":"https:\/\/api.w.org\/{rel}","templated":true}]}}