{"id":5297,"date":"2024-07-31T17:19:04","date_gmt":"2024-07-31T20:19:04","guid":{"rendered":"https:\/\/paginacero.com.uy\/?p=5297"},"modified":"2024-07-31T17:19:04","modified_gmt":"2024-07-31T20:19:04","slug":"las-prioridades-de-la-intendencia-deberian-ir-en-linea-con-las-prioridades-de-la-gente","status":"publish","type":"post","link":"https:\/\/paginacero.com.uy\/?p=5297","title":{"rendered":"\u201cLas prioridades de la Intendencia deber\u00edan ir en l\u00ednea con las prioridades de la gente\u201d"},"content":{"rendered":"<p><strong><span class=\"TextRun SCXW42328642 BCX0\" lang=\"ES-UY\" xml:lang=\"ES-UY\" data-contrast=\"auto\"><span class=\"NormalTextRun SCXW42328642 BCX0\" data-ccp-parastyle=\"Standard\" data-ccp-parastyle-defn=\"{&quot;ObjectId&quot;:&quot;6b7674b3-be43-4532-b38f-a7126f017d0b|5&quot;,&quot;ClassId&quot;:1073872969,&quot;Properties&quot;:[469775450,&quot;Standard&quot;,201340122,&quot;2&quot;,134233614,&quot;true&quot;,469778129,&quot;Standard&quot;,335572020,&quot;1&quot;,469777841,&quot;Times New Roman&quot;,469777842,&quot;Arial&quot;,469777843,&quot;SimSun&quot;,469777844,&quot;Times New Roman&quot;,469769226,&quot;Times New Roman,Arial,SimSun&quot;,268442635,&quot;24&quot;,335559704,&quot;1081&quot;,335559705,&quot;2052&quot;,335551547,&quot;14346&quot;,134245417,&quot;false&quot;]}\">El edil Pablo <\/span><span class=\"NormalTextRun SpellingErrorV2Themed SCXW42328642 BCX0\" data-ccp-parastyle=\"Standard\">Revello<\/span><span class=\"NormalTextRun SCXW42328642 BCX0\" data-ccp-parastyle=\"Standard\"> critic\u00f3 seriamente las intervenciones realizadas en zonas ribere\u00f1as y manifest\u00f3 que las prioridades de la <\/span><span class=\"NormalTextRun SCXW42328642 BCX0\" data-ccp-parastyle=\"Standard\">Intendencia, a la hora de ejecutar obras, deber\u00eda estar en l\u00ednea con las necesidades de la gente que vive en la misma zona intervenida.<\/span><\/span><span class=\"EOP SCXW42328642 BCX0\" data-ccp-props=\"{&quot;134245417&quot;:false}\">\u00a0<\/span><\/strong><!--more--><\/p>\n<p><span data-contrast=\"auto\">En su intervenci\u00f3n hizo referencia a una obra que est\u00e1 comenzando a ejecutarse y que estaba programada desde a\u00f1os atr\u00e1s.<\/span><span data-ccp-props=\"{&quot;134245417&quot;:false}\">\u00a0<\/span><\/p>\n<p><span data-contrast=\"auto\">\u201cEn el presupuesto quinquenal votado en esta Junta la obra 112 del programa 2010 se refiere a mejoras en la caminer\u00eda de la zona aleda\u00f1a al r\u00edo, tiene el nombre de rambla o algo por el estilo, para lo cual est\u00e1 programado un presupuesto de 19 millones y medio de pesos a gastarse en el a\u00f1o 2021. Sabemos que alguna intervenci\u00f3n se ha hecho, con dolor decimos que se ha hecho alguna intervenci\u00f3n, porque hay algunas p\u00e9rgolas de hormig\u00f3n, con colores en un lugar en plena naturaleza\u201d dijo.<\/span><span data-ccp-props=\"{&quot;134245417&quot;:false}\">\u00a0<\/span><\/p>\n<p><span data-contrast=\"auto\">\u201cSomos de los que creemos que la naturaleza lo que hay que hacer es cuidarla, no intervenirla, mucho menos poner hormig\u00f3n o art\u00edculos de hierro, pero nos parecer\u00eda que lo invertido no son 19 millones y medio de pesos en esos cinco o seis c\u00edrculos de hormig\u00f3n\u201d agreg\u00f3.<\/span><span data-ccp-props=\"{&quot;134245417&quot;:false}\">\u00a0<\/span><\/p>\n<p><span data-contrast=\"auto\">\u201cTambi\u00e9n la obra habla de la creaci\u00f3n de un parque inundable, que hablaba de 50 y algo de millones de pesos, financiados con uno de los programas de OPP fundamentalmente, que en el a\u00f1o 2022 ten\u00eda que gastar y ejecutarse el grueso del volumen del dinero y algo m\u00e1s se iba a ejecutar en el 2023. Hoy en el 2024 vemos la carteler\u00eda de que se est\u00e1 iniciando la obra, nuevamente es una intervenci\u00f3n sobre la zona ribere\u00f1a, que dudo por las caracter\u00edsticas de nuestro r\u00edo, que inunda esa zona, puedan ser disfrutadas mucho tiempo\u201d dijo.<\/span><span data-ccp-props=\"{&quot;134245417&quot;:false}\">\u00a0<\/span><\/p>\n<p><span data-contrast=\"auto\">Muchos vecinos han planteado la necesidad de que se invierta en la construcci\u00f3n de viviendas, con la participaci\u00f3n activa de las familias beneficiarias, para solucionar temas de realojamiento por inundaciones reiteradas del r\u00edo Y\u00ed.<\/span><span data-ccp-props=\"{&quot;134245417&quot;:false}\">\u00a0<\/span><\/p>\n<p><span data-contrast=\"auto\">\u201cAl igual que muchos vecinos que nos han planteado esta iniciativa, al ver la enormidad de dinero destinado, dudan que eso sea justamente una prioridad para la ciudad de Durazno. Las prioridades deber\u00edan ir en l\u00ednea con las necesidades de la gente, las prioridades de la gente. En esa zona donde unas cuantas familias, muchas familias son desalojadas de sus hogares cuando el r\u00edo llega un poco antes de los nueve metros, quiz\u00e1s la prioridad tendr\u00eda que ir por otro lado y no por intervenir en un monte que sabemos que pertenece al r\u00edo y no a nosotros\u201d agreg\u00f3.<\/span><span data-ccp-props=\"{&quot;134245417&quot;:false}\">\u00a0<\/span><\/p>\n<p><span data-contrast=\"auto\">\u201cLa prioridad inmediata que surge de cde los vecinos es la necesidad de viviendas para que esas familias sean realojadas, un programa social con viviendas de buena calidad pero constru\u00eddas de manera autogestionada, con mano de obra ben\u00e9vola, un programa de buena calidad genera viviendas por un monto de cincuenta mil d\u00f3lares y si la Intendencia contara, en realidad cuenta con tierras fiscales, estamos hablando de bastante dinero menos. Estamos hablando de que solo en ese programa equivale a 20 viviendas de buena calidad, de dos dormitorios, ejecutadas por los vecinos con el apoyo del Estado. Nos parece importante que las prioridades del gobierno departamental vayan en l\u00ednea con la prioridad de la gente\u201d dijo.<\/span><span data-ccp-props=\"{&quot;134245417&quot;:false}\">\u00a0<\/span><\/p>\n<p><span data-contrast=\"auto\">\u201cQuisiera que mis palabras pasen a la Intendencia Departamental y tamb\u00eden a la Oficina de Planeamiento y Presupuesto\u201d finaliz\u00f3.<\/span><span data-ccp-props=\"{&quot;134245417&quot;:false}\">\u00a0<\/span><\/p>\n<p><span data-contrast=\"auto\">Al ser presentado el proyecto del Parque Inundable en el a\u00f1o 2020, se contempla un sector que se desarrolla desde la calle Larra\u00f1aga hacia la v\u00eda del tren, compuesta por dos zonas: una que es m\u00e1s deportiva, en la que hay canchas e infraestructura para esas actividades, y despu\u00e9s una zona m\u00e1s recreativa, donde habr\u00e1 juegos, un anfiteatro. El proyecto busca revitalizar ese lugar, una zona bastante deprimida de la ciudad, que muchas veces se inunda, recuperando ese valor paisaj\u00edstico que tiene, dotar de espacio p\u00fablico para la gente son parte de los objetivos.<\/span><span data-ccp-props=\"{&quot;134245417&quot;:false}\">\u00a0<\/span><\/p>\n<p><span data-contrast=\"auto\">Est\u00e1 previsto hacer un canal de limpieza, lo que va a conducir esos afluentes hacia un humedal existente. El \u00e1rea en la que se va a intervenir es considerada muy castigada por el desborde del r\u00edo Y\u00ed, es muy utilizada por la poblaci\u00f3n.<\/span><span data-ccp-props=\"{&quot;134245417&quot;:false}\">\u00a0<\/span><\/p>\n","protected":false},"excerpt":{"rendered":"<p>El edil Pablo Revello critic\u00f3 seriamente las intervenciones realizadas en zonas ribere\u00f1as y manifest\u00f3 que las prioridades de la Intendencia, a la hora de ejecutar obras, deber\u00eda estar en l\u00ednea con las necesidades de la gente que vive en la misma zona intervenida.\u00a0<\/p>\n","protected":false},"author":4,"featured_media":5298,"comment_status":"closed","ping_status":"closed","sticky":false,"template":"","format":"standard","meta":{"footnotes":""},"categories":[5],"tags":[],"class_list":["post-5297","post","type-post","status-publish","format-standard","has-post-thumbnail","hentry","category-durazno"],"_links":{"self":[{"href":"https:\/\/paginacero.com.uy\/index.php?rest_route=\/wp\/v2\/posts\/5297","targetHints":{"allow":["GET"]}}],"collection":[{"href":"https:\/\/paginacero.com.uy\/index.php?rest_route=\/wp\/v2\/posts"}],"about":[{"href":"https:\/\/paginacero.com.uy\/index.php?rest_route=\/wp\/v2\/types\/post"}],"author":[{"embeddable":true,"href":"https:\/\/paginacero.com.uy\/index.php?rest_route=\/wp\/v2\/users\/4"}],"replies":[{"embeddable":true,"href":"https:\/\/paginacero.com.uy\/index.php?rest_route=%2Fwp%2Fv2%2Fcomments&post=5297"}],"version-history":[{"count":1,"href":"https:\/\/paginacero.com.uy\/index.php?rest_route=\/wp\/v2\/posts\/5297\/revisions"}],"predecessor-version":[{"id":5299,"href":"https:\/\/paginacero.com.uy\/index.php?rest_route=\/wp\/v2\/posts\/5297\/revisions\/5299"}],"wp:featuredmedia":[{"embeddable":true,"href":"https:\/\/paginacero.com.uy\/index.php?rest_route=\/wp\/v2\/media\/5298"}],"wp:attachment":[{"href":"https:\/\/paginacero.com.uy\/index.php?rest_route=%2Fwp%2Fv2%2Fmedia&parent=5297"}],"wp:term":[{"taxonomy":"category","embeddable":true,"href":"https:\/\/paginacero.com.uy\/index.php?rest_route=%2Fwp%2Fv2%2Fcategories&post=5297"},{"taxonomy":"post_tag","embeddable":true,"href":"https:\/\/paginacero.com.uy\/index.php?rest_route=%2Fwp%2Fv2%2Ftags&post=5297"}],"curies":[{"name":"wp","href":"https:\/\/api.w.org\/{rel}","templated":true}]}}