{"id":5291,"date":"2024-07-31T17:14:45","date_gmt":"2024-07-31T20:14:45","guid":{"rendered":"https:\/\/paginacero.com.uy\/?p=5291"},"modified":"2024-07-31T17:14:45","modified_gmt":"2024-07-31T20:14:45","slug":"seria-bueno-que-se-comenzara-a-nombrar-ciudadanos-ilustres-del-departamento","status":"publish","type":"post","link":"https:\/\/paginacero.com.uy\/?p=5291","title":{"rendered":"\u201cSer\u00eda bueno que se comenzara a nombrar Ciudadanos Ilustres del departamento\u201d"},"content":{"rendered":"<p><strong><span class=\"TextRun SCXW209971987 BCX0\" lang=\"ES-UY\" xml:lang=\"ES-UY\" data-contrast=\"auto\"><span class=\"NormalTextRun SCXW209971987 BCX0\" data-ccp-parastyle=\"Standard\" data-ccp-parastyle-defn=\"{&quot;ObjectId&quot;:&quot;fbac0e03-5da8-47dc-bb7c-c2f367550011|5&quot;,&quot;ClassId&quot;:1073872969,&quot;Properties&quot;:[469775450,&quot;Standard&quot;,201340122,&quot;2&quot;,134233614,&quot;true&quot;,469778129,&quot;Standard&quot;,335572020,&quot;1&quot;,469777841,&quot;Times New Roman&quot;,469777842,&quot;Arial&quot;,469777843,&quot;SimSun&quot;,469777844,&quot;Times New Roman&quot;,469769226,&quot;Times New Roman,Arial,SimSun&quot;,268442635,&quot;24&quot;,335559704,&quot;1081&quot;,335559705,&quot;2052&quot;,335551547,&quot;14346&quot;,134245417,&quot;false&quot;]}\">Martin Viana present\u00f3 una propuesta de comenzar a nombrar Ciudadanos Ilustres en nuestro departamento, emulando la que se realizan en otros lugares del <\/span><span class=\"NormalTextRun SCXW209971987 BCX0\" data-ccp-parastyle=\"Standard\">pa\u00eds.<\/span><\/span><span class=\"EOP SCXW209971987 BCX0\" data-ccp-props=\"{&quot;134245417&quot;:false}\">\u00a0<\/span><\/strong><!--more--><\/p>\n<p><span data-contrast=\"auto\">\u201cEn el d\u00eda de hoy quer\u00edamos proponerle a todos los ediles y al Intendente Departamental poner en pr\u00e1ctica en nuestro departamento algo que en otros se hace, que por investigaciones que hemos hecho, esperemos que sean as\u00ed, verdaderas, en nuestro departamento no se han puesto en pr\u00e1ctica. Creemos que es algo que se podr\u00eda comenzar a hacer, resaltar figuras, personas que han aportado much\u00edsimo de diferentes lugares en nuestra sociedad\u201d dijo.<\/span><span data-ccp-props=\"{&quot;134245417&quot;:false}\">\u00a0<\/span><\/p>\n<p><span data-contrast=\"auto\">El edil tambi\u00e9n mencion\u00f3 a tres duraznenses que ser\u00edan los primeros homenajeados, en caso de que la Junta Departamental y las autoridades consideren pertinente este tipo de acciones.<\/span><span data-ccp-props=\"{&quot;134245417&quot;:false}\">\u00a0<\/span><\/p>\n<p><span data-contrast=\"auto\">\u201cNosotros puntualmente queremos proponer que se comience en nuestro departamento a nombrar personas ilustres, a personas que sus trayectorias en sus diferentes trabajos han aportado a nuestro departamento grandes valores, han contribuido a la sociedad ya sea desde el arte, la educaci\u00f3n y otros lugares. Puntualmente hoy traemos tres personas que nos gustar\u00eda que sean homenajeadas con esta nominaci\u00f3n, el Licenciado Oscar Padr\u00f3n Favre, Celestina Andrade y Julio Arrillaga. Sabemos que en nuestra sociedad hay muchos m\u00e1s, pero podemos comenzar de esta manera y como investigamos y no sab\u00edamos como era el procedimiento, quiero que mis palabras pasen a la Comisi\u00f3n de Educaci\u00f3n y Cultura, a la Comisi\u00f3n De Asuntos Internos y al Intendente Departamental para comenzar a tratar este tema y que esto se pueda llevar adelante en el correr de este tiempo\u201d finaliz\u00f3.<\/span><span data-ccp-props=\"{&quot;134245417&quot;:false}\">\u00a0<\/span><\/p>\n<p><span data-contrast=\"auto\">En Montevideo la entrega de las ciudadan\u00edas comenz\u00f3 en 2002, en 2003 se reglament\u00f3 a trav\u00e9s de un decreto que, firmado por Arana y la entonces secretaria general Mar\u00eda Julia Mu\u00f1oz, atend\u00eda \u00abla necesidad de regular la tipolog\u00eda, as\u00ed como los requisitos materiales y procedimentales par las concesiones honor\u00edficas, como expresi\u00f3n de reconocimiento de esta Intendencia Municipal a distintas personalidades\u00bb.<\/span><span data-ccp-props=\"{&quot;134245417&quot;:false}\">\u00a0<\/span><\/p>\n<p><span data-contrast=\"auto\">El decreto estableci\u00f3 tres tipos de distinciones: el \u00abciudadano ilustre\u00bb, destinado a \u00abpersonas uruguayas de destacada trayectoria local e internacional o extranjeras con fuertes v\u00ednculos con nuestro pa\u00eds\u00bb; el \u00abvisitante ilustre\u00bb, reservado para \u00abextranjeros de notorio prestigio que visiten nuestro pa\u00eds\u00bb o el \u00abciudadano notable\u00bb, otorgado a \u00aburuguayos que por sus m\u00e9ritos sean acreedores de reconocimiento p\u00fablico, especialmente por sus servicios en beneficio de la comunidad en los campos de la ciencia, de las letras, de la investigaci\u00f3n cient\u00edfica, de la docencia, de la creaci\u00f3n art\u00edstica, del deporte, as\u00ed como en el terreno humanitario\u00bb.<\/span><span data-ccp-props=\"{&quot;134245417&quot;:false}\">\u00a0<\/span><\/p>\n<p><span data-contrast=\"auto\">Las propuestas de reconocimiento pueden ser presentadas por la propia Intendencia de Montevideo y o Junta Departamental y deben \u00abexpresar con todo detalle las razones en las que se fundamenta la petici\u00f3n\u00bb.<\/span><span data-ccp-props=\"{&quot;134245417&quot;:false}\">\u00a0<\/span><\/p>\n<p><span data-contrast=\"auto\">Ciudadan\u00eda Ilustre es la distinci\u00f3n reservada para premiar m\u00e9ritos de extraordinaria singularidad a personas de nacionalidad uruguaya de destacada trayectoria local e internacional, o extranjeras con fuertes v\u00ednculos con nuestro pa\u00eds. Se otorga a personas que por sus m\u00e9ritos sean acreedoras de reconocimiento p\u00fablico, especialmente por sus servicios en beneficio de la comunidad en los campos de la ciencia, de las letras, de la investigaci\u00f3n cient\u00edfica, de la docencia, de la creaci\u00f3n art\u00edstica, del deporte, as\u00ed como en el terreno social y humanitario.<\/span><span data-ccp-props=\"{&quot;134245417&quot;:false}\">\u00a0<\/span><\/p>\n","protected":false},"excerpt":{"rendered":"<p>Martin Viana present\u00f3 una propuesta de comenzar a nombrar Ciudadanos Ilustres en nuestro departamento, emulando la que se realizan en otros lugares del pa\u00eds.\u00a0<\/p>\n","protected":false},"author":4,"featured_media":5292,"comment_status":"closed","ping_status":"closed","sticky":false,"template":"","format":"standard","meta":{"footnotes":""},"categories":[5],"tags":[],"class_list":["post-5291","post","type-post","status-publish","format-standard","has-post-thumbnail","hentry","category-durazno"],"_links":{"self":[{"href":"https:\/\/paginacero.com.uy\/index.php?rest_route=\/wp\/v2\/posts\/5291","targetHints":{"allow":["GET"]}}],"collection":[{"href":"https:\/\/paginacero.com.uy\/index.php?rest_route=\/wp\/v2\/posts"}],"about":[{"href":"https:\/\/paginacero.com.uy\/index.php?rest_route=\/wp\/v2\/types\/post"}],"author":[{"embeddable":true,"href":"https:\/\/paginacero.com.uy\/index.php?rest_route=\/wp\/v2\/users\/4"}],"replies":[{"embeddable":true,"href":"https:\/\/paginacero.com.uy\/index.php?rest_route=%2Fwp%2Fv2%2Fcomments&post=5291"}],"version-history":[{"count":1,"href":"https:\/\/paginacero.com.uy\/index.php?rest_route=\/wp\/v2\/posts\/5291\/revisions"}],"predecessor-version":[{"id":5293,"href":"https:\/\/paginacero.com.uy\/index.php?rest_route=\/wp\/v2\/posts\/5291\/revisions\/5293"}],"wp:featuredmedia":[{"embeddable":true,"href":"https:\/\/paginacero.com.uy\/index.php?rest_route=\/wp\/v2\/media\/5292"}],"wp:attachment":[{"href":"https:\/\/paginacero.com.uy\/index.php?rest_route=%2Fwp%2Fv2%2Fmedia&parent=5291"}],"wp:term":[{"taxonomy":"category","embeddable":true,"href":"https:\/\/paginacero.com.uy\/index.php?rest_route=%2Fwp%2Fv2%2Fcategories&post=5291"},{"taxonomy":"post_tag","embeddable":true,"href":"https:\/\/paginacero.com.uy\/index.php?rest_route=%2Fwp%2Fv2%2Ftags&post=5291"}],"curies":[{"name":"wp","href":"https:\/\/api.w.org\/{rel}","templated":true}]}}