{"id":5288,"date":"2024-07-31T17:12:38","date_gmt":"2024-07-31T20:12:38","guid":{"rendered":"https:\/\/paginacero.com.uy\/?p=5288"},"modified":"2024-07-31T17:12:38","modified_gmt":"2024-07-31T20:12:38","slug":"intendente-vidalin-en-inauguracion-y-escrituracion-de-viviendas","status":"publish","type":"post","link":"https:\/\/paginacero.com.uy\/?p=5288","title":{"rendered":"Intendente Vidal\u00edn en inauguraci\u00f3n y escrituraci\u00f3n de viviendas"},"content":{"rendered":"<p><strong>El Intendente Lic. Carmelo Vidal\u00edn, viene participando a esta hora de una importante agenda de trabajo en la zona Este del departamento de Durazno, junto al Presidente de Mevir, Arq. Juan Pablo Delgado y dem\u00e1s autoridades nacionales de vivienda y departamentales.<\/strong><!--more--><\/p>\n<div dir=\"auto\">El inicio fue la ceremonia de la entrega de viviendas del Plan Mevir (Movimiento de Erradicaci\u00f3n de la Vivienda Insalubre Rural) en la localidad de La Paloma, con la inauguraci\u00f3n de la segunda etapa de viviendas en terrenos propios que alcanzan 40, participando Mevir; el Instituto de Colonizaci\u00f3n y la IDD.<\/div>\n<div dir=\"auto\"><\/div>\n<div dir=\"auto\">La agenda contin\u00faa en Blanquillo, con el acto de escrituras colectivas de viviendas en esa localidad.<\/div>\n<div dir=\"auto\"><\/div>\n<div dir=\"auto\">Por la IDD tambi\u00e9n est\u00e1 presente el Secretario General, Dr. Andr\u00e9s Lesa Miraldo y los Secretarios de las Juntas Locales de Blanquillo y La Paloma.<\/div>\n","protected":false},"excerpt":{"rendered":"<p>El Intendente Lic. Carmelo Vidal\u00edn, viene participando a esta hora de una importante agenda de trabajo en la zona Este del departamento de Durazno, junto al Presidente de Mevir, Arq. Juan Pablo Delgado y dem\u00e1s autoridades nacionales de vivienda y departamentales.<\/p>\n","protected":false},"author":4,"featured_media":5289,"comment_status":"closed","ping_status":"closed","sticky":false,"template":"","format":"standard","meta":{"footnotes":""},"categories":[5],"tags":[],"class_list":["post-5288","post","type-post","status-publish","format-standard","has-post-thumbnail","hentry","category-durazno"],"_links":{"self":[{"href":"https:\/\/paginacero.com.uy\/index.php?rest_route=\/wp\/v2\/posts\/5288","targetHints":{"allow":["GET"]}}],"collection":[{"href":"https:\/\/paginacero.com.uy\/index.php?rest_route=\/wp\/v2\/posts"}],"about":[{"href":"https:\/\/paginacero.com.uy\/index.php?rest_route=\/wp\/v2\/types\/post"}],"author":[{"embeddable":true,"href":"https:\/\/paginacero.com.uy\/index.php?rest_route=\/wp\/v2\/users\/4"}],"replies":[{"embeddable":true,"href":"https:\/\/paginacero.com.uy\/index.php?rest_route=%2Fwp%2Fv2%2Fcomments&post=5288"}],"version-history":[{"count":1,"href":"https:\/\/paginacero.com.uy\/index.php?rest_route=\/wp\/v2\/posts\/5288\/revisions"}],"predecessor-version":[{"id":5290,"href":"https:\/\/paginacero.com.uy\/index.php?rest_route=\/wp\/v2\/posts\/5288\/revisions\/5290"}],"wp:featuredmedia":[{"embeddable":true,"href":"https:\/\/paginacero.com.uy\/index.php?rest_route=\/wp\/v2\/media\/5289"}],"wp:attachment":[{"href":"https:\/\/paginacero.com.uy\/index.php?rest_route=%2Fwp%2Fv2%2Fmedia&parent=5288"}],"wp:term":[{"taxonomy":"category","embeddable":true,"href":"https:\/\/paginacero.com.uy\/index.php?rest_route=%2Fwp%2Fv2%2Fcategories&post=5288"},{"taxonomy":"post_tag","embeddable":true,"href":"https:\/\/paginacero.com.uy\/index.php?rest_route=%2Fwp%2Fv2%2Ftags&post=5288"}],"curies":[{"name":"wp","href":"https:\/\/api.w.org\/{rel}","templated":true}]}}