{"id":5285,"date":"2024-07-31T17:10:56","date_gmt":"2024-07-31T20:10:56","guid":{"rendered":"https:\/\/paginacero.com.uy\/?p=5285"},"modified":"2024-07-31T17:10:56","modified_gmt":"2024-07-31T20:10:56","slug":"muestra-final-en-el-hall-del-centro-cultural-teatro-espanol","status":"publish","type":"post","link":"https:\/\/paginacero.com.uy\/?p=5285","title":{"rendered":"Muestra final en el Hall del Centro Cultural Teatro Espa\u00f1ol"},"content":{"rendered":"<p><strong>La Intendencia de Durazno, Oficina de la Juventud, Departamento de Promoci\u00f3n Social e INJU invitan para el Jueves 1\u00b0 y Viernes 2 de Agosto de 10:00 a 18:00 horas, a la muestra fotogr\u00e1fica que realizaron los asistentes al Taller de Fotograf\u00eda dictado por Ram\u00f3n P\u00e9rez en las instalaciones de la Oficina de la Juventud.<\/strong><!--more--><\/p>\n<div dir=\"auto\">\n<div dir=\"auto\">Ser\u00e1n 16 fotograf\u00edas inspiradas en \u00a0Durazno, que se expondr\u00e1n en el Hall del Centro Cultural Teatro Espa\u00f1ol.<\/div>\n<\/div>\n<div id=\"x_ms-outlook-mobile-signature\" dir=\"auto\">Los esperamos<\/div>\n","protected":false},"excerpt":{"rendered":"<p>La Intendencia de Durazno, Oficina de la Juventud, Departamento de Promoci\u00f3n Social e INJU invitan para el Jueves 1\u00b0 y Viernes 2 de Agosto de 10:00 a 18:00 horas, a la muestra fotogr\u00e1fica que realizaron los asistentes al Taller de Fotograf\u00eda dictado por Ram\u00f3n P\u00e9rez en las instalaciones de la Oficina de la Juventud.<\/p>\n","protected":false},"author":4,"featured_media":5286,"comment_status":"closed","ping_status":"closed","sticky":false,"template":"","format":"standard","meta":{"footnotes":""},"categories":[5],"tags":[],"class_list":["post-5285","post","type-post","status-publish","format-standard","has-post-thumbnail","hentry","category-durazno"],"_links":{"self":[{"href":"https:\/\/paginacero.com.uy\/index.php?rest_route=\/wp\/v2\/posts\/5285","targetHints":{"allow":["GET"]}}],"collection":[{"href":"https:\/\/paginacero.com.uy\/index.php?rest_route=\/wp\/v2\/posts"}],"about":[{"href":"https:\/\/paginacero.com.uy\/index.php?rest_route=\/wp\/v2\/types\/post"}],"author":[{"embeddable":true,"href":"https:\/\/paginacero.com.uy\/index.php?rest_route=\/wp\/v2\/users\/4"}],"replies":[{"embeddable":true,"href":"https:\/\/paginacero.com.uy\/index.php?rest_route=%2Fwp%2Fv2%2Fcomments&post=5285"}],"version-history":[{"count":1,"href":"https:\/\/paginacero.com.uy\/index.php?rest_route=\/wp\/v2\/posts\/5285\/revisions"}],"predecessor-version":[{"id":5287,"href":"https:\/\/paginacero.com.uy\/index.php?rest_route=\/wp\/v2\/posts\/5285\/revisions\/5287"}],"wp:featuredmedia":[{"embeddable":true,"href":"https:\/\/paginacero.com.uy\/index.php?rest_route=\/wp\/v2\/media\/5286"}],"wp:attachment":[{"href":"https:\/\/paginacero.com.uy\/index.php?rest_route=%2Fwp%2Fv2%2Fmedia&parent=5285"}],"wp:term":[{"taxonomy":"category","embeddable":true,"href":"https:\/\/paginacero.com.uy\/index.php?rest_route=%2Fwp%2Fv2%2Fcategories&post=5285"},{"taxonomy":"post_tag","embeddable":true,"href":"https:\/\/paginacero.com.uy\/index.php?rest_route=%2Fwp%2Fv2%2Ftags&post=5285"}],"curies":[{"name":"wp","href":"https:\/\/api.w.org\/{rel}","templated":true}]}}