{"id":5277,"date":"2024-07-31T11:24:12","date_gmt":"2024-07-31T14:24:12","guid":{"rendered":"https:\/\/paginacero.com.uy\/?p=5277"},"modified":"2024-07-31T11:24:12","modified_gmt":"2024-07-31T14:24:12","slug":"descubren-nuevos-restos-en-predio-del-batallon-14","status":"publish","type":"post","link":"https:\/\/paginacero.com.uy\/?p=5277","title":{"rendered":"Descubren nuevos restos en predio del Batall\u00f3n 14"},"content":{"rendered":"<p><strong>Estaban en la misma zona d\u00f3nde se encontraron los restos de Amelia Sanjurjo Casal.<\/strong><!--more--><\/p>\n<p>grupormultimedio.com<\/p>\n<p>Este martes, durante las excavaciones llevadas a cabo por la Instituci\u00f3n Nacional de Derechos Humanos (Inddhh) en el Batall\u00f3n de Infanter\u00eda 14 en Toledo, se descubrieron restos \u00f3seos humanos. El descubrimiento se realiz\u00f3 sobre las 13 y 30. Durante la realizaci\u00f3n de la sesi\u00f3n del Senado, la vicepresidenta Beatriz Argim\u00f3n inform\u00f3 \u00abha habido un nuevo hallazgo en el Batall\u00f3n 14. Me parece importante y est\u00e1bamos esperando la confirmaci\u00f3n oficial para poderlo trasladar aqu\u00ed\u00bb.<\/p>\n<p>En el mismo sitio, a unos 170 metros, en junio del a\u00f1o pasado se hab\u00edan hallado los restos de la militante comunista Amelia Sanjurjo Casal, los cuales fueron identificados un a\u00f1o despu\u00e9s. Con anterioridad, el 21 de octubre de 2011, se descubrieron los restos del maestro Julio Castro.<\/p>\n<p>Asimismo, a solo unos metros del lugar donde se encontraron los restos de Castro, el 15 de marzo de 2012 se hallaron los restos de Ricardo Blanco, militante del Partido Comunista Revolucionario (PCR) y miembro de la Agrupaci\u00f3n de Usinas y Tel\u00e9fonos del Estado (AUTE) y del Plenario Intersindical en Mercedes.<\/p>\n<p>El fiscal de Cr\u00edmenes de Lesa Humanidad, Ricardo Perciballe dijo a la prensa que \u201ces un enterramiento primario y muy similar\u201d al de Amelia Sanjurjo Casal. Se us\u00f3 para taparlo una losa. El maquinista que encontr\u00f3 los restos fue el mismo que localiz\u00f3 el cuerpo de Amelia Sanjurjo Casal. El fiscal agreg\u00f3 que este encuentro se di\u00f3\u00a0 \u201cen el marco de una palada se encontr\u00f3 cal y una losa\u201d.<\/p>\n<p>Perciaballe explic\u00f3 que \u00abse va a trabajar toda la noche, la coordinadora del Grupo de Antropolog\u00eda Forense Alicia Lusiardo est\u00e1 llegando al pa\u00eds\u00bb. Lusiardo ser\u00e1 \u00abla que mantenga la cadena de custodia, se orden\u00f3 una junta interdisciplinaria, que van a hacer el trabajo de limpieza del cuerpo, van a establecer las causas de muerte y luego se extrae ADN y se env\u00eda. Despu\u00e9s habr\u00e1 que establecer qui\u00e9n es para ver si hay alg\u00fan tipo de patr\u00f3n o alguna l\u00f3gica\u00bb<\/p>\n<p>El cuerpo ser\u00eda levantado entre este jueves y viernes para\u00a0 su estudio antropol\u00f3gico y en este caso se\u00f1al\u00f3\u00a0 \u00abtenemos m\u00e1s muestras ya que hab\u00eda tejido\u00bb. Los restos se llevar\u00e1n al laboratorio para que trabaje el Grupo de Investigaci\u00f3n en Antropolog\u00eda Forense (GIAF).<\/p>\n<p>El director de la Instituci\u00f3n Nacional de Derechos Humanos, Wilder Tayler, se hizo presente en el lugar y sostuvo que en el lugar \u201caparecieron restos esparcidos y mucha cal\u201d. Agreg\u00f3 que \u00ablo que encontramos es una serie de huesos claramente humanos y una c\u00e1psula de cal muy grande. Eso es todo lo que tenemos por el momento y \u00abes alt\u00edsimamente probable que sea un detenido desaparecido debido a la metodolog\u00eda usada\u00bb.<\/p>\n<p>Tayler dijo que \u201chasta el momento, sabemos que se trata de un cuerpo humano. No sabemos si hay m\u00e1s. Lo que ellos ubicaron es coherente con lo que ser\u00eda la parte superior de un esqueleto, no est\u00e1 el cr\u00e1neo todav\u00eda, tampoco sabemos si est\u00e1 all\u00ed, porque no se ha seguido excavando\u201d. tambi\u00e9n dijo \u201cesperamos de todo coraz\u00f3n que no estemos 11 meses buscando elementos de identificaci\u00f3n\u201d, como sucedi\u00f3 con Amelia Sanjurjo. Debido a esa investigaci\u00f3n se pudo ampliar el banco de ADN.<\/p>\n","protected":false},"excerpt":{"rendered":"<p>Estaban en la misma zona d\u00f3nde se encontraron los restos de Amelia Sanjurjo Casal.<\/p>\n","protected":false},"author":4,"featured_media":5278,"comment_status":"closed","ping_status":"closed","sticky":false,"template":"","format":"standard","meta":{"footnotes":""},"categories":[63],"tags":[],"class_list":["post-5277","post","type-post","status-publish","format-standard","has-post-thumbnail","hentry","category-nacional"],"_links":{"self":[{"href":"https:\/\/paginacero.com.uy\/index.php?rest_route=\/wp\/v2\/posts\/5277","targetHints":{"allow":["GET"]}}],"collection":[{"href":"https:\/\/paginacero.com.uy\/index.php?rest_route=\/wp\/v2\/posts"}],"about":[{"href":"https:\/\/paginacero.com.uy\/index.php?rest_route=\/wp\/v2\/types\/post"}],"author":[{"embeddable":true,"href":"https:\/\/paginacero.com.uy\/index.php?rest_route=\/wp\/v2\/users\/4"}],"replies":[{"embeddable":true,"href":"https:\/\/paginacero.com.uy\/index.php?rest_route=%2Fwp%2Fv2%2Fcomments&post=5277"}],"version-history":[{"count":1,"href":"https:\/\/paginacero.com.uy\/index.php?rest_route=\/wp\/v2\/posts\/5277\/revisions"}],"predecessor-version":[{"id":5279,"href":"https:\/\/paginacero.com.uy\/index.php?rest_route=\/wp\/v2\/posts\/5277\/revisions\/5279"}],"wp:featuredmedia":[{"embeddable":true,"href":"https:\/\/paginacero.com.uy\/index.php?rest_route=\/wp\/v2\/media\/5278"}],"wp:attachment":[{"href":"https:\/\/paginacero.com.uy\/index.php?rest_route=%2Fwp%2Fv2%2Fmedia&parent=5277"}],"wp:term":[{"taxonomy":"category","embeddable":true,"href":"https:\/\/paginacero.com.uy\/index.php?rest_route=%2Fwp%2Fv2%2Fcategories&post=5277"},{"taxonomy":"post_tag","embeddable":true,"href":"https:\/\/paginacero.com.uy\/index.php?rest_route=%2Fwp%2Fv2%2Ftags&post=5277"}],"curies":[{"name":"wp","href":"https:\/\/api.w.org\/{rel}","templated":true}]}}