{"id":5274,"date":"2024-07-31T11:18:33","date_gmt":"2024-07-31T14:18:33","guid":{"rendered":"https:\/\/paginacero.com.uy\/?p=5274"},"modified":"2024-07-31T11:18:33","modified_gmt":"2024-07-31T14:18:33","slug":"red-global-realiza-nuevo-encuentro-hacia-el-aprendizaje-profundo","status":"publish","type":"post","link":"https:\/\/paginacero.com.uy\/?p=5274","title":{"rendered":"Red Global realiza nuevo encuentro hacia el aprendizaje profundo"},"content":{"rendered":"<p><strong><span class=\"TextRun SCXW212225507 BCX0\" lang=\"ES-UY\" xml:lang=\"ES-UY\" data-contrast=\"auto\"><span class=\"NormalTextRun SCXW212225507 BCX0\" data-ccp-parastyle=\"Standard\" data-ccp-parastyle-defn=\"{&quot;ObjectId&quot;:&quot;ea8ba78a-667d-45bf-92bd-a87402551bbb|5&quot;,&quot;ClassId&quot;:1073872969,&quot;Properties&quot;:[469775450,&quot;Standard&quot;,201340122,&quot;2&quot;,134233614,&quot;true&quot;,469778129,&quot;Standard&quot;,335572020,&quot;1&quot;,469777841,&quot;Times New Roman&quot;,469777842,&quot;Arial&quot;,469777843,&quot;SimSun&quot;,469777844,&quot;Times New Roman&quot;,469769226,&quot;Times New Roman,Arial,SimSun&quot;,268442635,&quot;24&quot;,335559704,&quot;1081&quot;,335559705,&quot;2052&quot;,335551547,&quot;14346&quot;,134245417,&quot;false&quot;]}\">La Red Global ha preparado para el mes de agosto un encuentro sobre planificaci\u00f3n competencial destinada a renovar las pedagog\u00edas en el aula de la mano de la <\/span><span class=\"NormalTextRun SCXW212225507 BCX0\" data-ccp-parastyle=\"Standard\">transformaci\u00f3n educativa.<\/span><\/span><span class=\"EOP SCXW212225507 BCX0\" data-ccp-props=\"{&quot;134245417&quot;:false}\">\u00a0<\/span><\/strong><!--more--><\/p>\n<p><span data-contrast=\"auto\">La Red es una iniciativa de colaboraci\u00f3n internacional que integra nuevas pedagog\u00edas de aprendizaje en 18 pa\u00edses en los distintos continentes a trav\u00e9s de un marco com\u00fan de acciones e investigaci\u00f3n. Uruguay, a trav\u00e9s de ANEP y Ceibal, participa de esta red junto con: Australia, Brasil, Canad\u00e1, Chile, Colombia, Inglaterra, Escocia, Finlandia, Hong Kong, Jap\u00f3n, Malasia, Nueva Zelanda, Sud\u00e1frica, Pa\u00edses Bajos, Taiw\u00e1n, Estados Unidos y Vietnam. En los centros Red docentes y equipos de direcci\u00f3n trabajan juntos en torno a objetivos de centro. Los centros educativos dise\u00f1an sus propias formas de trabajo, en equipo, integrado a la comunidad.<\/span><span data-ccp-props=\"{&quot;134245417&quot;:false}\">\u00a0<\/span><\/p>\n<p><span data-contrast=\"auto\">Es un movimiento abierto que da la bienvenida a todos los docentes del Uruguay. A lo largo del a\u00f1o se realizan en los 19 departamentos varias instancias de encuentro denominadas ENLACE. En el calendario de encuentros puedes buscar el m\u00e1s pr\u00f3ximo y acercarte a las experiencias de trabajo en los centros red. Para familiarizarse con la metodolog\u00eda, pueden consultar el programa de cursos virtuales sobre dise\u00f1o de actividades de aprendizaje profundo, evaluaci\u00f3n por competencias, construcci\u00f3n de liderazgo educativo, entre otros.<\/span><span data-ccp-props=\"{&quot;134245417&quot;:false}\">\u00a0<\/span><\/p>\n<p><span data-contrast=\"auto\">Las inscripciones abiertas a ENLACEs, cuentan con cursos virtuales, convocatoria a la pr\u00f3xima edici\u00f3n de la revista \u00abPensar fuera de la caja\u00bb y m\u00e1s. Un encuentro con las nuevas pedagog\u00edas se realizar\u00e1 en el mes de agosto convocando a la comunidad educativa de Durazno, trabajando en nueve sedes de todo el pa\u00eds para trabajar e intercambiar presencialmente sus experiencias. Inscripciones abiertas. La tem\u00e1tica elegida para esta oportunidad es la Planificaci\u00f3n competencial y se realizar\u00e1 con sede en Florida el mi\u00e9rcoles 29 de agosto.<\/span><span data-ccp-props=\"{&quot;134245417&quot;:false}\">\u00a0<\/span><\/p>\n<p><span data-contrast=\"auto\">La Red Global de Aprendizajes est\u00e1 liderada por un equipo de referentes de ANEP y especialistas en distintas \u00e1reas designados por Ceibal. Somos un equipo de profesionales comprometidos con la implementaci\u00f3n de las nuevas pedagog\u00edas. Las tres \u00e1reas de la red son desarrollo de capacidades (formaci\u00f3n continua de los docentes en todos los niveles), acompa\u00f1amiento en territorio (visitas regulares a los centros que integran la red para apoyar la implementaci\u00f3n del proyecto) y nuevas mediciones (b\u00fasqueda, implementaci\u00f3n y reflexi\u00f3n sobre nuevas formas de evaluar el progreso de los estudiantes, como parte esencial de las nuevas pedagog\u00edas).<\/span><span data-ccp-props=\"{&quot;134245417&quot;:false}\">\u00a0<\/span><\/p>\n<p><span data-contrast=\"auto\">La organizaci\u00f3n ofrece un marco para la acci\u00f3n y la implementaci\u00f3n de las nuevas pedagog\u00edas. Un espacio para llevar adelante las iniciativas de innovaci\u00f3n con los y las estudiantes y sus aprendizajes como centro. Somos un movimiento abierto que nuclea y da la bienvenida a docentes de todo el Uruguay y ofrece redes con el resto del mundo. La Red incluye propuestas de formaci\u00f3n continua, acompa\u00f1amiento y generaci\u00f3n de comunidad.<\/span><span data-ccp-props=\"{&quot;134245417&quot;:false}\">\u00a0<\/span><\/p>\n<p><span data-contrast=\"auto\">Los objetivos espec\u00edficos de esta iniciativa son ofrecer a los docentes nuevas formas de presentar y trabajar los contenidos. En especial, los docentes que forman parte de las escuelas que integran la Red global son invitados a trabajar en proyectos multidisciplinarios orientados a la resoluci\u00f3n de problemas de la vida real, relacionados con los intereses de los estudiantes; experimentar nuevas formas de evaluaci\u00f3n tanto de contenido como de competencias transversales (tambi\u00e9n conocidas como \u00ab6Cs\u00bb: comunicaci\u00f3n, creatividad, pensamiento cr\u00edtico, colaboraci\u00f3n, ciudadan\u00eda, car\u00e1cter); creaci\u00f3n de redes escolares para la colaboraci\u00f3n e intercambio, basadas en intereses y preocupaciones comunes, con un esp\u00edritu cooperativo acr\u00edtico.<\/span><span data-ccp-props=\"{&quot;134245417&quot;:false}\">\u00a0<\/span><\/p>\n<p><span data-contrast=\"auto\">El aprendizaje profundo tiene un enfoque pedag\u00f3gico que se enmarca en experiencias de aprendizaje basado en problemas, y buscan generar un conjunto de condiciones que permiten conectar el conocimiento transdisciplinario de una mejor manera, aplicado a problemas espec\u00edficos donde los estudiantes son invitados a intercambiar sus conocimientos y mejorar sus habilidades.<\/span><span data-ccp-props=\"{&quot;134245417&quot;:false}\">\u00a0<\/span><\/p>\n","protected":false},"excerpt":{"rendered":"<p>La Red Global ha preparado para el mes de agosto un encuentro sobre planificaci\u00f3n competencial destinada a renovar las pedagog\u00edas en el aula de la mano de la transformaci\u00f3n educativa.\u00a0<\/p>\n","protected":false},"author":4,"featured_media":5275,"comment_status":"closed","ping_status":"closed","sticky":false,"template":"","format":"standard","meta":{"footnotes":""},"categories":[5],"tags":[],"class_list":["post-5274","post","type-post","status-publish","format-standard","has-post-thumbnail","hentry","category-durazno"],"_links":{"self":[{"href":"https:\/\/paginacero.com.uy\/index.php?rest_route=\/wp\/v2\/posts\/5274","targetHints":{"allow":["GET"]}}],"collection":[{"href":"https:\/\/paginacero.com.uy\/index.php?rest_route=\/wp\/v2\/posts"}],"about":[{"href":"https:\/\/paginacero.com.uy\/index.php?rest_route=\/wp\/v2\/types\/post"}],"author":[{"embeddable":true,"href":"https:\/\/paginacero.com.uy\/index.php?rest_route=\/wp\/v2\/users\/4"}],"replies":[{"embeddable":true,"href":"https:\/\/paginacero.com.uy\/index.php?rest_route=%2Fwp%2Fv2%2Fcomments&post=5274"}],"version-history":[{"count":1,"href":"https:\/\/paginacero.com.uy\/index.php?rest_route=\/wp\/v2\/posts\/5274\/revisions"}],"predecessor-version":[{"id":5276,"href":"https:\/\/paginacero.com.uy\/index.php?rest_route=\/wp\/v2\/posts\/5274\/revisions\/5276"}],"wp:featuredmedia":[{"embeddable":true,"href":"https:\/\/paginacero.com.uy\/index.php?rest_route=\/wp\/v2\/media\/5275"}],"wp:attachment":[{"href":"https:\/\/paginacero.com.uy\/index.php?rest_route=%2Fwp%2Fv2%2Fmedia&parent=5274"}],"wp:term":[{"taxonomy":"category","embeddable":true,"href":"https:\/\/paginacero.com.uy\/index.php?rest_route=%2Fwp%2Fv2%2Fcategories&post=5274"},{"taxonomy":"post_tag","embeddable":true,"href":"https:\/\/paginacero.com.uy\/index.php?rest_route=%2Fwp%2Fv2%2Ftags&post=5274"}],"curies":[{"name":"wp","href":"https:\/\/api.w.org\/{rel}","templated":true}]}}