{"id":5268,"date":"2024-07-31T11:14:03","date_gmt":"2024-07-31T14:14:03","guid":{"rendered":"https:\/\/paginacero.com.uy\/?p=5268"},"modified":"2024-07-31T11:14:03","modified_gmt":"2024-07-31T14:14:03","slug":"fundacion-chamanga-ofrece-becas-durante-el-mes-de-agosto-para-el-2025","status":"publish","type":"post","link":"https:\/\/paginacero.com.uy\/?p=5268","title":{"rendered":"Fundaci\u00f3n Chamang\u00e1 ofrece becas durante el mes de agosto para el 2025"},"content":{"rendered":"<p><strong>Ya est\u00e1n abiertas las inscripciones para las becas 2025 de la Fundaci\u00f3n Chamang\u00e1,\u00a0El llamado a becas es p\u00fablico y se realiza entre junio y agosto de cada a\u00f1o.<\/strong><!--more--><\/p>\n<p><span data-contrast=\"auto\">La promoci\u00f3n del llamado se hace a trav\u00e9s de los medios de comunicaci\u00f3n locales y nacionales y mediante actividades de difusi\u00f3n llevadas adelante por la Secretar\u00eda, el Consejo de Administraci\u00f3n, los becarios, tutores y amigos de la Fundaci\u00f3n. En la difusi\u00f3n es fundamental el apoyo y la disposici\u00f3n de los referentes de las Oficinas de la Juventud, los Gobiernos departamentales, el MIDES, los centros MEC y las instituciones educativas, culturales y sociales de los departamentos seleccionados cada a\u00f1o. El objetivo prioritario es que la informaci\u00f3n llegue al mayor n\u00famero de j\u00f3venes vocacionales que puedan necesitar el apoyo de la Fundaci\u00f3n.<\/span><span data-ccp-props=\"{&quot;134245417&quot;:false}\">\u00a0<\/span><\/p>\n<p><span data-contrast=\"auto\">Los requisitos son tener entre 18 y 30 a\u00f1os al cierre del llamado (31\/08\/2024), demostrar una vocaci\u00f3n clara para cualquier tipo de arte, oficio o profesi\u00f3n, presentar la escolaridad de formaci\u00f3n educativa formal y otras pruebas de vocaci\u00f3n (detalle en el formulario de inscripci\u00f3n), demostrar dificultades econ\u00f3micas o familiares para comenzar o continuar con los estudios, ser ciudadano uruguayo residente en el pa\u00eds.<\/span><span data-ccp-props=\"{&quot;134245417&quot;:false}\">\u00a0<\/span><\/p>\n<p><span data-contrast=\"auto\">Hasta el 31 de agosto se pueden enviar las solicitudes de becas, contando con el apoyo del Correo Uruguayo para que las mismas sean enviadas sin costo.<\/span><span data-ccp-props=\"{&quot;134245417&quot;:false}\">\u00a0<\/span><\/p>\n<p><span data-contrast=\"auto\">La beca se otorga para que el joven pueda realizar su formaci\u00f3n o su perfeccionamiento profesional o t\u00e9cnico en la red educativa de todo el pa\u00eds. El proyecto de formaci\u00f3n puede realizarse en las distintas instituciones educativas, teniendo prioridad las Instituciones p\u00fablicas como la Universidad de la Rep\u00fablica, CERP, IFD y UTU. Si esta formaci\u00f3n no est\u00e1 disponible en el sector p\u00fablico, es posible realizarla en una instituci\u00f3n privada, pero en este caso se evaluar\u00e1 cuidadosamente la calidad de la propuesta educativa antes de otorgar la beca.<\/span><span data-ccp-props=\"{&quot;134245417&quot;:false}\">\u00a0<\/span><\/p>\n<p><span data-contrast=\"auto\">Cada a\u00f1o se otorgan alrededor de 25 becas a j\u00f3venes de diferentes departamentos del pa\u00eds. La beca comienza el 1 de Marzo y su duraci\u00f3n no excede los 12 meses. Excepcionalmente puede ser renovada por un segundo a\u00f1o, si el rendimiento y la situaci\u00f3n del becario lo justifican.<\/span><span data-ccp-props=\"{&quot;134245417&quot;:false}\">\u00a0<\/span><\/p>\n<p><span data-contrast=\"auto\">La beca consiste en una contribuci\u00f3n econ\u00f3mica mensual que se fija en funci\u00f3n de las necesidades del joven, de su proyecto educativo y de su situaci\u00f3n familiar. Durante el a\u00f1o lectivo, recibe tambi\u00e9n un acompa\u00f1amiento social y educativo por parte de la Secretar\u00eda y un seguimiento acad\u00e9mico por un Tutor en el \u00e1rea de su vocaci\u00f3n. Al momento de recibir la beca, el joven firma un convenio que establece sus derechos y sus obligaciones con la Fundaci\u00f3n. El compromiso del joven que recibe la beca consiste en: Cumplir con el plan de formaci\u00f3n acordado, concurrir cada vez que la Fundaci\u00f3n lo convoque a entrevistas con la Secretar\u00eda, reuniones mensuales y otras instancias obligatorias, mantener encuentros regulares con su Tutor.<\/span><span data-ccp-props=\"{&quot;134245417&quot;:false}\">\u00a0<\/span><\/p>\n<p><span data-contrast=\"auto\">Tambi\u00e9n deber\u00e1 dar cuenta mensualmente a la Secretar\u00eda del destino de los fondos recibidos para sus gastos de manutenci\u00f3n y estudios, exhibiendo la documentaci\u00f3n respectiva, dedicar un tiempo semanal (2 horas m\u00ednimo) para realizar la tarea voluntaria de servicio a la comunidad (trabajo comunitario), acordada con el equipo t\u00e9cnico.<\/span><span data-ccp-props=\"{&quot;134245417&quot;:false}\">\u00a0<\/span><\/p>\n<p><span data-contrast=\"auto\">Los formularios deber\u00e1n ser enviados a la direcci\u00f3n Canelones 1198, C.P. 11.100 Montevideo o al correo electr\u00f3nico vocacion@fundacionchamanga.org.uy, en las Oficinas de la Juventud de las Intendencias, en el INJU-MIDES y en los Centros Educativos de cada departamento (Liceos, UTU, UdelaR, UTEC), donde se le dar\u00e1 el tr\u00e1mite correspondiente al archivo.<\/span><span data-ccp-props=\"{&quot;134245417&quot;:false}\">\u00a0<\/span><\/p>\n","protected":false},"excerpt":{"rendered":"<p>Ya est\u00e1n abiertas las inscripciones para las becas 2025 de la Fundaci\u00f3n Chamang\u00e1,\u00a0El llamado a becas es p\u00fablico y se realiza entre junio y agosto de cada a\u00f1o.<\/p>\n","protected":false},"author":4,"featured_media":5269,"comment_status":"closed","ping_status":"closed","sticky":false,"template":"","format":"standard","meta":{"footnotes":""},"categories":[5],"tags":[],"class_list":["post-5268","post","type-post","status-publish","format-standard","has-post-thumbnail","hentry","category-durazno"],"_links":{"self":[{"href":"https:\/\/paginacero.com.uy\/index.php?rest_route=\/wp\/v2\/posts\/5268","targetHints":{"allow":["GET"]}}],"collection":[{"href":"https:\/\/paginacero.com.uy\/index.php?rest_route=\/wp\/v2\/posts"}],"about":[{"href":"https:\/\/paginacero.com.uy\/index.php?rest_route=\/wp\/v2\/types\/post"}],"author":[{"embeddable":true,"href":"https:\/\/paginacero.com.uy\/index.php?rest_route=\/wp\/v2\/users\/4"}],"replies":[{"embeddable":true,"href":"https:\/\/paginacero.com.uy\/index.php?rest_route=%2Fwp%2Fv2%2Fcomments&post=5268"}],"version-history":[{"count":1,"href":"https:\/\/paginacero.com.uy\/index.php?rest_route=\/wp\/v2\/posts\/5268\/revisions"}],"predecessor-version":[{"id":5270,"href":"https:\/\/paginacero.com.uy\/index.php?rest_route=\/wp\/v2\/posts\/5268\/revisions\/5270"}],"wp:featuredmedia":[{"embeddable":true,"href":"https:\/\/paginacero.com.uy\/index.php?rest_route=\/wp\/v2\/media\/5269"}],"wp:attachment":[{"href":"https:\/\/paginacero.com.uy\/index.php?rest_route=%2Fwp%2Fv2%2Fmedia&parent=5268"}],"wp:term":[{"taxonomy":"category","embeddable":true,"href":"https:\/\/paginacero.com.uy\/index.php?rest_route=%2Fwp%2Fv2%2Fcategories&post=5268"},{"taxonomy":"post_tag","embeddable":true,"href":"https:\/\/paginacero.com.uy\/index.php?rest_route=%2Fwp%2Fv2%2Ftags&post=5268"}],"curies":[{"name":"wp","href":"https:\/\/api.w.org\/{rel}","templated":true}]}}