{"id":5262,"date":"2024-07-31T11:07:48","date_gmt":"2024-07-31T14:07:48","guid":{"rendered":"https:\/\/paginacero.com.uy\/?p=5262"},"modified":"2024-07-31T11:07:48","modified_gmt":"2024-07-31T14:07:48","slug":"destacada-actuacion-de-nadadores-duraznenses","status":"publish","type":"post","link":"https:\/\/paginacero.com.uy\/?p=5262","title":{"rendered":"Destacada actuaci\u00f3n de nadadores duraznenses"},"content":{"rendered":"<p><strong>El s\u00e1bado 27 de Julio, en la piscina climatizada del polideportivo de Tacuaremb\u00f3, se llev\u00f3 adelante la tercer etapa de los regionales Norte organizado por la Federaci\u00f3n Uruguaya de Nataci\u00f3n (FUN).<\/strong><!--more--><\/p>\n<p>Cont\u00f3 con la participaci\u00f3n de la Escuela de Nataci\u00f3n de Durazno, destacando la actuaci\u00f3n de Rebeca Gonzales (10 a\u00f1os) primer puesto en 100m combinado, 50m espalda y 50m libre, con r\u00e9cord de categor\u00eda en \u00e9sta \u00faltima (categor\u00eda infantiles A1), as\u00ed como Bautista Britos (12 a\u00f1os) primero en 100m espalda (categor\u00eda infantiles B1) y Nicol\u00e1s Cawen (14a\u00f1os) tercero en 50m espalda (categor\u00eda juveniles A)<\/p>\n","protected":false},"excerpt":{"rendered":"<p>El s\u00e1bado 27 de Julio, en la piscina climatizada del polideportivo de Tacuaremb\u00f3, se llev\u00f3 adelante la tercer etapa de los regionales Norte organizado por la Federaci\u00f3n Uruguaya de Nataci\u00f3n (FUN).<\/p>\n","protected":false},"author":4,"featured_media":5263,"comment_status":"closed","ping_status":"closed","sticky":false,"template":"","format":"standard","meta":{"footnotes":""},"categories":[12,5],"tags":[],"class_list":["post-5262","post","type-post","status-publish","format-standard","has-post-thumbnail","hentry","category-deporte","category-durazno"],"_links":{"self":[{"href":"https:\/\/paginacero.com.uy\/index.php?rest_route=\/wp\/v2\/posts\/5262","targetHints":{"allow":["GET"]}}],"collection":[{"href":"https:\/\/paginacero.com.uy\/index.php?rest_route=\/wp\/v2\/posts"}],"about":[{"href":"https:\/\/paginacero.com.uy\/index.php?rest_route=\/wp\/v2\/types\/post"}],"author":[{"embeddable":true,"href":"https:\/\/paginacero.com.uy\/index.php?rest_route=\/wp\/v2\/users\/4"}],"replies":[{"embeddable":true,"href":"https:\/\/paginacero.com.uy\/index.php?rest_route=%2Fwp%2Fv2%2Fcomments&post=5262"}],"version-history":[{"count":1,"href":"https:\/\/paginacero.com.uy\/index.php?rest_route=\/wp\/v2\/posts\/5262\/revisions"}],"predecessor-version":[{"id":5264,"href":"https:\/\/paginacero.com.uy\/index.php?rest_route=\/wp\/v2\/posts\/5262\/revisions\/5264"}],"wp:featuredmedia":[{"embeddable":true,"href":"https:\/\/paginacero.com.uy\/index.php?rest_route=\/wp\/v2\/media\/5263"}],"wp:attachment":[{"href":"https:\/\/paginacero.com.uy\/index.php?rest_route=%2Fwp%2Fv2%2Fmedia&parent=5262"}],"wp:term":[{"taxonomy":"category","embeddable":true,"href":"https:\/\/paginacero.com.uy\/index.php?rest_route=%2Fwp%2Fv2%2Fcategories&post=5262"},{"taxonomy":"post_tag","embeddable":true,"href":"https:\/\/paginacero.com.uy\/index.php?rest_route=%2Fwp%2Fv2%2Ftags&post=5262"}],"curies":[{"name":"wp","href":"https:\/\/api.w.org\/{rel}","templated":true}]}}