{"id":5254,"date":"2024-07-30T10:47:10","date_gmt":"2024-07-30T13:47:10","guid":{"rendered":"https:\/\/paginacero.com.uy\/?p=5254"},"modified":"2024-07-30T10:47:10","modified_gmt":"2024-07-30T13:47:10","slug":"encuentro-internacional-de-ceramistas-sera-en-durazno","status":"publish","type":"post","link":"https:\/\/paginacero.com.uy\/?p=5254","title":{"rendered":"Encuentro Internacional de ceramistas ser\u00e1 en Durazno"},"content":{"rendered":"<p><strong><span class=\"TextRun SCXW232922002 BCX0\" lang=\"ES-UY\" xml:lang=\"ES-UY\" data-contrast=\"auto\"><span class=\"NormalTextRun SCXW232922002 BCX0\" data-ccp-parastyle=\"Standard\" data-ccp-parastyle-defn=\"{&quot;ObjectId&quot;:&quot;614a514c-bbc7-4b3f-a275-95238897084d|5&quot;,&quot;ClassId&quot;:1073872969,&quot;Properties&quot;:[469775450,&quot;Standard&quot;,201340122,&quot;2&quot;,134233614,&quot;true&quot;,469778129,&quot;Standard&quot;,335572020,&quot;1&quot;,469777841,&quot;Times New Roman&quot;,469777842,&quot;Arial&quot;,469777843,&quot;SimSun&quot;,469777844,&quot;Times New Roman&quot;,469769226,&quot;Times New Roman,Arial,SimSun&quot;,268442635,&quot;24&quot;,335559704,&quot;1081&quot;,335559705,&quot;2052&quot;,335551547,&quot;14346&quot;,134245417,&quot;false&quot;]}\">En el Espacio Cultural Durazno se reunieron ceramistas de nuestro departamento, Montevideo y Salto, en una reuni\u00f3n de trabajo y planificaci\u00f3n, con miras al 8vo.<\/span><\/span><\/strong><!--more--><\/p>\n<p><span data-contrast=\"auto\">Encuentro Anual de Ceramistas, que a nivel internacional se realizar\u00e1 en el mes de septiembre en Durazno, con la organizaci\u00f3n del Colectivo Cer\u00e1mica Uruguay (CCU).<\/span><span data-ccp-props=\"{&quot;134245417&quot;:false}\">\u00a0<\/span><\/p>\n<p><span data-contrast=\"auto\">El colectivo comienza a formarse en el a\u00f1o 2007 a partir de reuniones de ceramistas, buscando como objetivos principales la construcci\u00f3n de espacios para el \u00abhacer cer\u00e1mico\u00bb, y as\u00ed lograr instancias de intercambio y aprendizaje colectivo. Es entonces que se concreta el Primer Encuentro Nacional de Ceramistas en el a\u00f1o 2008, el cual se desarroll\u00f3 en la Escuela Figari de Montevideo.<\/span><span data-ccp-props=\"{&quot;134245417&quot;:false}\">\u00a0<\/span><\/p>\n<p><span data-contrast=\"auto\">Llegaron desde distintos lugares del pa\u00eds para conocerse e intercambiar conocimientos y experiencias. Cualquiera fuera el lugar de relaci\u00f3n con en este noble oficio que los convocaba, en la organizaci\u00f3n, dando talleres, charlas o siendo participantes, cada persona aport\u00f3 su saber.<\/span><span data-ccp-props=\"{&quot;134245417&quot;:false}\">\u00a0<\/span><\/p>\n<p><span data-contrast=\"auto\">Luego sucedieron los siguientes encuentros por diferentes puntos del pa\u00eds: 2010 en San Gregorio de Polanco (Tacuaremb\u00f3), 2012 Colonia del Sacramento (Colonia), 2014 Piri\u00e1polis (Maldonado), 2017 Minas (Lavalleja), 2019 Mercedes (Soriano), y 2022 La Paloma, (Rocha), definiendo as\u00ed su car\u00e1cter itinerante: llegar a desembarcar en los 19 departamentos y quedando de manifiesto el inter\u00e9s de descentralizar los encuentros: todo grupo puede ser anfitri\u00f3n, todas las personas viajaremos hacia \u00e9l, es de esa forma que el colectivo contin\u00faa construyendo social, cultural y colectivamente.<\/span><span data-ccp-props=\"{&quot;134245417&quot;:false}\">\u00a0<\/span><\/p>\n<p><span data-contrast=\"auto\">Si bien los encuentros de ceramistas han sido la actividad m\u00e1s visible del Colectivo Cer\u00e1mica Uruguay, reuniendo a ceramistas de Argentina, Brasil, Chile, Bolivia, Per\u00fa, Paraguay, Colombia, Costa Rica, Cuba, M\u00e9xico, Espa\u00f1a y Uruguay, paralelamente comienzan a definirse otros objetivos con lo que se conforman, comisiones de trabajo: Encuentro, Extensi\u00f3n, Exposici\u00f3n, y Comunicaci\u00f3n.<\/span><span data-ccp-props=\"{&quot;134245417&quot;:false}\">\u00a0<\/span><\/p>\n<p><span data-contrast=\"auto\">La Comisi\u00f3n Encuentro es la encargada de la coordinaci\u00f3n general de los encuentros. Se conforma de un grupo estable y uno de actores locales, que trabajan conjuntamente para llevar adelante las siguientes acciones: la coordinaci\u00f3n entre comisiones CCU en lo referente al encuentro; b\u00fasqueda de apoyos y colaboraciones; v\u00ednculos con los talleristas y ponentes nacionales e internacionales; compra y gesti\u00f3n de materiales; generaci\u00f3n de v\u00ednculos y redes con la comunidad local, tanto asociaciones civiles y ongs como gubernamentales; entre otras.<\/span><span data-ccp-props=\"{&quot;134245417&quot;:false}\">\u00a0<\/span><\/p>\n<p><span data-contrast=\"auto\">La Comisi\u00f3n Exposiciones desarrolla su actividad, principalmente durante los encuentros. Genera un espacio expositivo donde los participantes est\u00e1n presentes con sus piezas, estimulando la comunicaci\u00f3n e intercambio entre hacedoras, hacedores y quien las ve, realizando adem\u00e1s homenajes a ceramistas nacionales o locales, seg\u00fan la edici\u00f3n.<\/span><span data-ccp-props=\"{&quot;134245417&quot;:false}\">\u00a0<\/span><\/p>\n<p><span data-contrast=\"auto\">La Comisi\u00f3n Extensi\u00f3n ha llevado a cabo la realizaci\u00f3n de talleres de modelado y construcci\u00f3n de hornos de le\u00f1a de uso comunitario, como forma de acercar la cer\u00e1mica a la comunidad. \u00c9sta comisi\u00f3n tambi\u00e9n gestiona el Mapa de Arcillas, que a partir del encuentro del 2017, recolecta muestras f\u00edsicas de arcillas auto-recolectadas, y busca generar un mapa y su posible recorrido a partir del reconocimiento de arcillas locales de uso habitual o puntual. En 2022 realizamos las primeras actividades de recorrido a partir del mapa, en Balneario Argentino (Canelones) y\u00a0 en Aguas Corrientes (Canelones).<\/span><span data-ccp-props=\"{&quot;134245417&quot;:false}\">\u00a0<\/span><\/p>\n<p><span data-contrast=\"auto\">La Comisi\u00f3n Comunicaci\u00f3n es responsable de las plataformas digitales del Colectivo (instagram, facebook, youtube, web y mail), recepciona las consultas que a ellas llegan y las redirige a la comisi\u00f3n pertinente; difunde materiales y eventos relacionados con el quehacer cer\u00e1mico; y desde hace dos ediciones convoca a la muestra virtual para el d\u00eda del ceramista. Tambi\u00e9n se encarga de generar los materiales impresos utilizados en las diferentes actividades que desarrolla el CCU.<\/span><span data-ccp-props=\"{&quot;134245417&quot;:false}\">\u00a0<\/span><\/p>\n<p><span data-contrast=\"auto\">El colectivo forma parte de un engranaje que mueve algo m\u00e1s grande y que todas las piezas se necesitan entre s\u00ed, todas las partes existen porque est\u00e1n las dem\u00e1s. El 8\u00b0 Encuentro Internacional de Ceramistas se realizara\u0301 en la ciudad de Durazno, Uruguay los di\u0301as 19, 20, 21 y 22 de setiembre de 2024.<\/span><span data-ccp-props=\"{&quot;134245417&quot;:false}\">\u00a0<\/span><\/p>\n<p><span data-contrast=\"auto\">En el transcurso del encuentro se desarrollan diferentes actividades en formatos de: taller, ponencia, mesa redonda, y toda actividad en el Espacio Encuentro. Como en instancias anteriores, est\u00e1n convocando\u00a0 a aquellos interesados en presentar propuestas de trabajo.<\/span><span data-ccp-props=\"{&quot;134245417&quot;:false}\">\u00a0<\/span><\/p>\n<p><span data-contrast=\"auto\">Paralelamente se est\u00e1 difundiendo una convocatoria para ceramistas uruguayos a participar en una residencia art\u00edstica en China, por la que invita a un o una ceramista de Uruguay a realizar residencia art\u00edstica y poder crear piezas en la ciudad de Jingdezhen, provincia de Jiangxi, China, durante los d\u00edas 8 a 25 de septiembre.<\/span><span data-ccp-props=\"{&quot;134245417&quot;:false}\">\u00a0<\/span><\/p>\n<p><span data-contrast=\"auto\">Para el proceso de selecci\u00f3n, es importante rellenar el formulario de inscripci\u00f3n en ingl\u00e9s y facilitar la mayor cantidad posible de informaci\u00f3n e im\u00e1genes seg\u00fan los requisitos indicados en el formulario. La fecha l\u00edmite de la entrega del formulario es el 10 de agosto de 2023 de Uruguay al correo <\/span><a href=\"mailto:uruchina@mrree.gub.uy\"><span data-contrast=\"auto\">uruchina@mrree.gub.uy<\/span><\/a><span data-contrast=\"auto\">. Desde la Embajada ofrecen traducir de ingl\u00e9s a chino las secciones del formulario que requieren doble idioma. Posteriormente ser\u00e1n enviadas las correctamente completadas a CIEA, para que tome la decisi\u00f3n final sobre cu\u00e1l artista ser\u00e1 invitado bas\u00e1ndose en la opini\u00f3n de los expertos del Comit\u00e9.<\/span><span data-ccp-props=\"{&quot;134245417&quot;:false}\">\u00a0<\/span><\/p>\n<p><span data-contrast=\"auto\">Tras el proceso de selecci\u00f3n, CIEA se har\u00e1 cargo del alojamiento, el transporte en la ciudad, las comidas, el seguro y los materiales art\u00edsticos en Jingdezhen de un participante final. Los gastos de viaje internacional y el viaje entre Beijing y Jingdezhen deber\u00e1n ser cubiertos por el interesado.Este programa, apoyado por el Ministerio de Cultura y Turismo de China, requiere que cada participante done al Ministerio un m\u00ednimo de tres obras creadas durante la estancia en China, recibiendo como contrapartida un certificado de donaci\u00f3n.<\/span><span data-ccp-props=\"{&quot;134245417&quot;:false}\">\u00a0<\/span><\/p>\n<p><span data-contrast=\"auto\">Por este llamado pueden dirigirse al agregado cultural Gonzalo Castillo al correo uruchina@mrree.gub.uy<\/span><span data-ccp-props=\"{&quot;134245417&quot;:false}\">\u00a0<\/span><\/p>\n","protected":false},"excerpt":{"rendered":"<p>En el Espacio Cultural Durazno se reunieron ceramistas de nuestro departamento, Montevideo y Salto, en una reuni\u00f3n de trabajo y planificaci\u00f3n, con miras al 8vo.<\/p>\n","protected":false},"author":4,"featured_media":5255,"comment_status":"closed","ping_status":"closed","sticky":false,"template":"","format":"standard","meta":{"footnotes":""},"categories":[5],"tags":[],"class_list":["post-5254","post","type-post","status-publish","format-standard","has-post-thumbnail","hentry","category-durazno"],"_links":{"self":[{"href":"https:\/\/paginacero.com.uy\/index.php?rest_route=\/wp\/v2\/posts\/5254","targetHints":{"allow":["GET"]}}],"collection":[{"href":"https:\/\/paginacero.com.uy\/index.php?rest_route=\/wp\/v2\/posts"}],"about":[{"href":"https:\/\/paginacero.com.uy\/index.php?rest_route=\/wp\/v2\/types\/post"}],"author":[{"embeddable":true,"href":"https:\/\/paginacero.com.uy\/index.php?rest_route=\/wp\/v2\/users\/4"}],"replies":[{"embeddable":true,"href":"https:\/\/paginacero.com.uy\/index.php?rest_route=%2Fwp%2Fv2%2Fcomments&post=5254"}],"version-history":[{"count":1,"href":"https:\/\/paginacero.com.uy\/index.php?rest_route=\/wp\/v2\/posts\/5254\/revisions"}],"predecessor-version":[{"id":5256,"href":"https:\/\/paginacero.com.uy\/index.php?rest_route=\/wp\/v2\/posts\/5254\/revisions\/5256"}],"wp:featuredmedia":[{"embeddable":true,"href":"https:\/\/paginacero.com.uy\/index.php?rest_route=\/wp\/v2\/media\/5255"}],"wp:attachment":[{"href":"https:\/\/paginacero.com.uy\/index.php?rest_route=%2Fwp%2Fv2%2Fmedia&parent=5254"}],"wp:term":[{"taxonomy":"category","embeddable":true,"href":"https:\/\/paginacero.com.uy\/index.php?rest_route=%2Fwp%2Fv2%2Fcategories&post=5254"},{"taxonomy":"post_tag","embeddable":true,"href":"https:\/\/paginacero.com.uy\/index.php?rest_route=%2Fwp%2Fv2%2Ftags&post=5254"}],"curies":[{"name":"wp","href":"https:\/\/api.w.org\/{rel}","templated":true}]}}