{"id":5251,"date":"2024-07-30T10:44:31","date_gmt":"2024-07-30T13:44:31","guid":{"rendered":"https:\/\/paginacero.com.uy\/?p=5251"},"modified":"2024-07-30T10:44:31","modified_gmt":"2024-07-30T13:44:31","slug":"canada-en-el-camino-que-lleva-a-rebollo-dificulta-la-conexion-de-esa-zona","status":"publish","type":"post","link":"https:\/\/paginacero.com.uy\/?p=5251","title":{"rendered":"\u201cCa\u00f1ada en el camino que lleva a Rebollo dificulta la conexi\u00f3n de esa zona\u201d"},"content":{"rendered":"<p><strong><span class=\"TextRun SCXW26119614 BCX0\" lang=\"ES-UY\" xml:lang=\"ES-UY\" data-contrast=\"auto\"><span class=\"NormalTextRun SCXW26119614 BCX0\" data-ccp-parastyle=\"Standard\" data-ccp-parastyle-defn=\"{&quot;ObjectId&quot;:&quot;30371a85-0145-4e92-a634-d51a754a869c|5&quot;,&quot;ClassId&quot;:1073872969,&quot;Properties&quot;:[469775450,&quot;Standard&quot;,201340122,&quot;2&quot;,134233614,&quot;true&quot;,469778129,&quot;Standard&quot;,335572020,&quot;1&quot;,469777841,&quot;Times New Roman&quot;,469777842,&quot;Arial&quot;,469777843,&quot;SimSun&quot;,469777844,&quot;Times New Roman&quot;,469769226,&quot;Times New Roman,Arial,SimSun&quot;,268442635,&quot;24&quot;,335559704,&quot;1081&quot;,335559705,&quot;2052&quot;,335551547,&quot;14346&quot;,134245417,&quot;false&quot;]}\">Daniel Lerena present\u00f3 varias inquietudes relacionadas a la circulaci\u00f3n vial y la seguridad de vecinos por la frondosidad del ornato p\u00fablico. Los dos <\/span><span class=\"NormalTextRun SCXW26119614 BCX0\" data-ccp-parastyle=\"Standard\">reclamos est\u00e1n dirigidos a una calle en la zona Este de la ciudad y al camino que conecta con paraje Rebollo.<\/span><\/span><span class=\"EOP SCXW26119614 BCX0\" data-ccp-props=\"{&quot;134245417&quot;:false}\">\u00a0<\/span><\/strong><!--more--><\/p>\n<p><span data-contrast=\"auto\">\u201cTengo dos planteamientos en el d\u00eda de hoy, el primero es el relacionado a los \u00e1rboles ubicados en la calle Maciel entre calle Artigas y Antonia Avellaneda en la zona de la usina de Ose, estos \u00e1rboles han alcanzado una altura muy considerable, actualmente muchos de ellos superan la altura de veinte metros, lo que representa un peligro potencial por los problemas que hay cada vez que hay alg\u00fan temporal\u201d dijo.<\/span><span data-ccp-props=\"{&quot;134245417&quot;:false}\">\u00a0<\/span><\/p>\n<p><span data-contrast=\"auto\">\u201cHaciendo un poco de historia, en el a\u00f1o 2010 hubo un temporal muy importante con vientos fuertes, con una turbonada, que provoc\u00f3 que muchos de esos \u00e1rboles se les cortaran las ramas o se cayeran y hubo diferentes tipos de da\u00f1os materiales, roturas de techos, rotura de muros, los vecinos obviamente est\u00e1n sumamente preocupados por este tema\u201d agreg\u00f3.<\/span><span data-ccp-props=\"{&quot;134245417&quot;:false}\">\u00a0<\/span><\/p>\n<p><span data-contrast=\"auto\">El problema de los fuertes vientos se registr\u00f3 nuevamente durante este a\u00f1o, aunque en forma m\u00e1s leve, pero provocando tambi\u00e9n la inquietud en los vecinos y da\u00f1os en algunos hogares.<\/span><span data-ccp-props=\"{&quot;134245417&quot;:false}\">\u00a0<\/span><\/p>\n<p><span data-contrast=\"auto\">\u201cOtro tema fue este a\u00f1o 2024 volvi\u00f3 a pasar, si bien fue m\u00e1s leve, una turbonada que tambi\u00e9n provoc\u00f3 da\u00f1os en las fincas de la zona. Es una cuadra, estos \u00e1rboles son hist\u00f3ricos, tienen muchos a\u00f1os, pero obviamente que todos los vecinos de la zona est\u00e1n sumamente preocupados porque puede provocar alg\u00fan problema mayor, en definitiva, debido al historial y al riesgo que representan, solicitan que se poden por lo menos o que se rebajen, a una altura que no represente un peligro para los vecinos de la zona\u201d dijo.<\/span><span data-ccp-props=\"{&quot;134245417&quot;:false}\">\u00a0<\/span><\/p>\n<p><span data-contrast=\"auto\">\u201cEn definitiva, solicitaremos que nuestras palabras pasen a la Comisi\u00f3n de Obras de la Junta Departamental y al Departamento de Obras a los efectos que se tomen medidas y evitar a futuro alg\u00fan problema m\u00e1s grave de los que ya han sucedido\u201d manifest\u00f3.<\/span><span data-ccp-props=\"{&quot;134245417&quot;:false}\">\u00a0<\/span><\/p>\n<p><span data-contrast=\"auto\">El edil tambi\u00e9n se refiri\u00f3 a la dificultad que alegan los vecinos de la calle rural que conecta con paraje Rebollo, que se encuentra en un estado bastante complicado.<\/span><span data-ccp-props=\"{&quot;134245417&quot;:false}\">\u00a0<\/span><\/p>\n<p><span data-contrast=\"auto\">\u201cOtro planteamiento es de la caminer\u00eda rural de Durazno, es el camino rumbo a Rebollo que va entre avenida de Jardines hasta la zona de Rebollo. Esa calle que aproximadamente tiene unos mil metros, hace por lo menos cuatro o cinco meses no tienen ning\u00fan tipo de mantenimiento, por la misma la mitad, unos quinientos metros de la avenida Jardines, tiene una ca\u00f1ada que no permite los d\u00edas de lluvia que se cruce esa ca\u00f1ada y por lo tanto tambi\u00e9n ning\u00fan tipo de veh\u00edculo ni peatones\u201d indic\u00f3.<\/span><span data-ccp-props=\"{&quot;134245417&quot;:false}\">\u00a0<\/span><\/p>\n<p><span data-contrast=\"auto\">\u201cSe ha tratado de solucionar el tema pero ha sido imposible, ser\u00eda bueno que se haga un mantenimiento de la caminer\u00eda en esa zona para que los vecinos puedan tener un acceso a la zona de Rebollo, por eso plantean que se ponga alg\u00fan tipo de puente o que se encauce la ca\u00f1ada para que puedan cruzar sin dificultades\u201d dijo.<\/span><span data-ccp-props=\"{&quot;134245417&quot;:false}\">\u00a0<\/span><\/p>\n<p><span data-contrast=\"auto\">El edil pide responsabilidad por parte de la Intendencia para adecuar este camino en forma correcta.<\/span><span data-ccp-props=\"{&quot;134245417&quot;:false}\">\u00a0<\/span><\/p>\n<p><span data-contrast=\"auto\">\u201cCada vez que llueve se inunda esta zona y toda la zona de ah\u00ed de la ca\u00f1ada hace imposible la circulaci\u00f3n, por eso pretenden los vecinos que se solucione el problema en forma urgente, debido a que hace tiempo no hay evidencias de responsabilidad de la Intendencia en reparar esos lugares\u201d manifest\u00f3..<\/span><span data-ccp-props=\"{&quot;134245417&quot;:false}\">\u00a0<\/span><\/p>\n<p><span data-contrast=\"auto\">\u201cQuiero que mis palabras pasen a la Comisi\u00f3n de Obras de la Junta Departamental y al Departamento de Obras y al Director de Obras para que en forma urgente se solucione esta problem\u00e1tica\u201d finaliz\u00f3.<\/span><span data-ccp-props=\"{&quot;134245417&quot;:false}\">\u00a0<\/span><\/p>\n","protected":false},"excerpt":{"rendered":"<p>Daniel Lerena present\u00f3 varias inquietudes relacionadas a la circulaci\u00f3n vial y la seguridad de vecinos por la frondosidad del ornato p\u00fablico. Los dos reclamos est\u00e1n dirigidos a una calle en la zona Este de la ciudad y al camino que conecta con paraje Rebollo.\u00a0<\/p>\n","protected":false},"author":4,"featured_media":5252,"comment_status":"closed","ping_status":"closed","sticky":false,"template":"","format":"standard","meta":{"footnotes":""},"categories":[5],"tags":[],"class_list":["post-5251","post","type-post","status-publish","format-standard","has-post-thumbnail","hentry","category-durazno"],"_links":{"self":[{"href":"https:\/\/paginacero.com.uy\/index.php?rest_route=\/wp\/v2\/posts\/5251","targetHints":{"allow":["GET"]}}],"collection":[{"href":"https:\/\/paginacero.com.uy\/index.php?rest_route=\/wp\/v2\/posts"}],"about":[{"href":"https:\/\/paginacero.com.uy\/index.php?rest_route=\/wp\/v2\/types\/post"}],"author":[{"embeddable":true,"href":"https:\/\/paginacero.com.uy\/index.php?rest_route=\/wp\/v2\/users\/4"}],"replies":[{"embeddable":true,"href":"https:\/\/paginacero.com.uy\/index.php?rest_route=%2Fwp%2Fv2%2Fcomments&post=5251"}],"version-history":[{"count":1,"href":"https:\/\/paginacero.com.uy\/index.php?rest_route=\/wp\/v2\/posts\/5251\/revisions"}],"predecessor-version":[{"id":5253,"href":"https:\/\/paginacero.com.uy\/index.php?rest_route=\/wp\/v2\/posts\/5251\/revisions\/5253"}],"wp:featuredmedia":[{"embeddable":true,"href":"https:\/\/paginacero.com.uy\/index.php?rest_route=\/wp\/v2\/media\/5252"}],"wp:attachment":[{"href":"https:\/\/paginacero.com.uy\/index.php?rest_route=%2Fwp%2Fv2%2Fmedia&parent=5251"}],"wp:term":[{"taxonomy":"category","embeddable":true,"href":"https:\/\/paginacero.com.uy\/index.php?rest_route=%2Fwp%2Fv2%2Fcategories&post=5251"},{"taxonomy":"post_tag","embeddable":true,"href":"https:\/\/paginacero.com.uy\/index.php?rest_route=%2Fwp%2Fv2%2Ftags&post=5251"}],"curies":[{"name":"wp","href":"https:\/\/api.w.org\/{rel}","templated":true}]}}