{"id":5248,"date":"2024-07-30T10:42:15","date_gmt":"2024-07-30T13:42:15","guid":{"rendered":"https:\/\/paginacero.com.uy\/?p=5248"},"modified":"2024-07-30T10:42:15","modified_gmt":"2024-07-30T13:42:15","slug":"pedimos-informacion-sobre-obra-en-calle-heraclio-perez","status":"publish","type":"post","link":"https:\/\/paginacero.com.uy\/?p=5248","title":{"rendered":"\u201cPedimos informaci\u00f3n sobre obra en calle Heraclio P\u00e9rez\u201d"},"content":{"rendered":"<p><strong><span class=\"TextRun SCXW108728869 BCX0\" lang=\"ES-UY\" xml:lang=\"ES-UY\" data-contrast=\"auto\"><span class=\"NormalTextRun SCXW108728869 BCX0\" data-ccp-parastyle=\"Standard\" data-ccp-parastyle-defn=\"{&quot;ObjectId&quot;:&quot;0dadffe8-5b1d-42aa-8ae6-2088a47ea7ec|5&quot;,&quot;ClassId&quot;:1073872969,&quot;Properties&quot;:[469775450,&quot;Standard&quot;,201340122,&quot;2&quot;,134233614,&quot;true&quot;,469778129,&quot;Standard&quot;,335572020,&quot;1&quot;,469777841,&quot;Times New Roman&quot;,469777842,&quot;Arial&quot;,469777843,&quot;SimSun&quot;,469777844,&quot;Times New Roman&quot;,469769226,&quot;Times New Roman,Arial,SimSun&quot;,268442635,&quot;24&quot;,335559704,&quot;1081&quot;,335559705,&quot;2052&quot;,335551547,&quot;14346&quot;,134245417,&quot;false&quot;]}\">El edil Carlos <\/span><span class=\"NormalTextRun SpellingErrorV2Themed SCXW108728869 BCX0\" data-ccp-parastyle=\"Standard\">Kuster<\/span><span class=\"NormalTextRun SCXW108728869 BCX0\" data-ccp-parastyle=\"Standard\"> plante\u00f3 las inquietudes de vecinos por actividades realizadas en un predio particular, por parte de veh\u00edculos municipales, durante las obras en calle <\/span><span class=\"NormalTextRun SCXW108728869 BCX0\" data-ccp-parastyle=\"Standard\">Heraclio P\u00e9rez.<\/span><\/span><span class=\"EOP SCXW108728869 BCX0\" data-ccp-props=\"{&quot;134245417&quot;:false}\">\u00a0<\/span><\/strong><!--more--><\/p>\n<p><span data-contrast=\"auto\">\u201cDe acuerdo a lo que establece la Constituci\u00f3n de la Rep\u00fablica en su art\u00edculo 284 solicito a usted se remita el siguiente pedido de informe referente a trabajos que se realizan en zona La Curva, en toda la extensi\u00f3n de Heraclio P\u00e9rez a partir del d\u00eda martes 16 de junio de 2024\u201d dijo.<\/span><span data-ccp-props=\"{&quot;134245417&quot;:false}\">\u00a0<\/span><\/p>\n<p><span data-contrast=\"auto\">\u201cEl pedido de informes surge en virtud que el suscrito, el cumplimiento de sus funciones de edil departamental, atendiendo planteamientos de vecinos de la zona, le comunican su inquietud debido a que avistaron el ingreso de camiones de la comuna al predio particular cito al final de camino Heraclio P\u00e9rez. Al respecto, cabe destacar que el suscrito concurri\u00f3 al lugar, donde se estaba llevando la intervenci\u00f3n, constatando que estaban trabajando una motoniveladora, un cilindro y un cami\u00f3n que sal\u00eda del camino antes mencionado aparentemente sin carga\u201d agreg\u00f3.<\/span><span data-ccp-props=\"{&quot;134245417&quot;:false}\">\u00a0<\/span><\/p>\n<p><span data-contrast=\"auto\">\u201cA lo lejos, se visualizaba material aparentemente acopiado en el predio particular al que se hace referencia. Por lo expuesto, se solicita se informe si los trabajos que se llevaban a cabo en Heraclio P\u00e9rez desde Inmigrantes italianos hasta el final del camino, que es la entrada a un predio particular, estaban en conocimiento y dispuestos por el director de obras. Tambi\u00e9n en caso de ser afirmativa la respuesta de lo expresado en el punto anterior, se especifique desde que fecha se estaban realizando los trabajos de acondicionamiento de Heraclio P\u00e9rez, si la intervenci\u00f3n que se estaba llevando a cabo era por parte del personal y maquinaria de la Intendencia exclusivamente o compartido con alguna empresa privada. Otro punto a informar es quien estaba a cargo del contralor y supervisi\u00f3n directa del trabajo que se estaba realizando, que equipo ten\u00eda adjudicado el Departamento de Obras para esos trabajos, si la maquinaria que estaba operando en el lugar inclu\u00eddo los camiones que trasladaban materiales, est\u00e1n equipados con gps en servicio activo, en buenas condiciones de uso\u201d manifest\u00f3.<\/span><span data-ccp-props=\"{&quot;134245417&quot;:false}\">\u00a0<\/span><\/p>\n<p><span data-contrast=\"auto\">El edil pide informaci\u00f3n sobre varios temas relacionados a esta obra y a la intervenci\u00f3n en dicho predio privado.<\/span><span data-ccp-props=\"{&quot;134245417&quot;:false}\">\u00a0<\/span><\/p>\n<p><span data-contrast=\"auto\">\u201cTambi\u00e9n se pide informaci\u00f3n sobre si hab\u00eda alg\u00fan motivo que justificara el supuesto ingreso de veh\u00edculos de la Intendencia al predio particular, si se hace seguimiento por parte de la Direcci\u00f3n de Obras de los desplazamientos que realizan los veh\u00e7iulos asignados a tareas en zonas suburbanas y rurales, para asegurar un funcionamiento adecuado y no ocurran desv\u00edos injustificado de los mismos. Cu\u00e1l es la procedencia del material utilizado para la reparaci\u00f3n de Heraclio P\u00e9rez, si realmente existi\u00f3 el ingreso de veh\u00edculos, camiones particularmente u otra maquinaria al predio sito al final de Heraclio P\u00e9rez, si eso ocurri\u00f3 cu\u00e1l fue el motivo y dispuestos por quien. Qu\u00e9 medidas se adoptaron al respecto\u201d agreg\u00f3.<\/span><span data-ccp-props=\"{&quot;134245417&quot;:false}\">\u00a0<\/span><\/p>\n<p><span data-contrast=\"auto\">\u201cCabe destacar que iba a hacer llegar algunos relevamientos fotogr\u00e1ficos, pero en virtud de algunas expresiones, ya que hubieron algunos funcionarios de alto rango de la comuna y a un particular que solicit\u00f3 hacer descargos, quien se ataja pierde, ya que no di nombres. Prefiero presentar esas fotograf\u00edas ante el magistrado de turno, si es necesario\u201d finaliz\u00f3.<\/span><span data-ccp-props=\"{&quot;134245417&quot;:false}\">\u00a0<\/span><\/p>\n","protected":false},"excerpt":{"rendered":"<p>El edil Carlos Kuster plante\u00f3 las inquietudes de vecinos por actividades realizadas en un predio particular, por parte de veh\u00edculos municipales, durante las obras en calle Heraclio P\u00e9rez.\u00a0<\/p>\n","protected":false},"author":4,"featured_media":5249,"comment_status":"closed","ping_status":"closed","sticky":false,"template":"","format":"standard","meta":{"footnotes":""},"categories":[5],"tags":[],"class_list":["post-5248","post","type-post","status-publish","format-standard","has-post-thumbnail","hentry","category-durazno"],"_links":{"self":[{"href":"https:\/\/paginacero.com.uy\/index.php?rest_route=\/wp\/v2\/posts\/5248","targetHints":{"allow":["GET"]}}],"collection":[{"href":"https:\/\/paginacero.com.uy\/index.php?rest_route=\/wp\/v2\/posts"}],"about":[{"href":"https:\/\/paginacero.com.uy\/index.php?rest_route=\/wp\/v2\/types\/post"}],"author":[{"embeddable":true,"href":"https:\/\/paginacero.com.uy\/index.php?rest_route=\/wp\/v2\/users\/4"}],"replies":[{"embeddable":true,"href":"https:\/\/paginacero.com.uy\/index.php?rest_route=%2Fwp%2Fv2%2Fcomments&post=5248"}],"version-history":[{"count":1,"href":"https:\/\/paginacero.com.uy\/index.php?rest_route=\/wp\/v2\/posts\/5248\/revisions"}],"predecessor-version":[{"id":5250,"href":"https:\/\/paginacero.com.uy\/index.php?rest_route=\/wp\/v2\/posts\/5248\/revisions\/5250"}],"wp:featuredmedia":[{"embeddable":true,"href":"https:\/\/paginacero.com.uy\/index.php?rest_route=\/wp\/v2\/media\/5249"}],"wp:attachment":[{"href":"https:\/\/paginacero.com.uy\/index.php?rest_route=%2Fwp%2Fv2%2Fmedia&parent=5248"}],"wp:term":[{"taxonomy":"category","embeddable":true,"href":"https:\/\/paginacero.com.uy\/index.php?rest_route=%2Fwp%2Fv2%2Fcategories&post=5248"},{"taxonomy":"post_tag","embeddable":true,"href":"https:\/\/paginacero.com.uy\/index.php?rest_route=%2Fwp%2Fv2%2Ftags&post=5248"}],"curies":[{"name":"wp","href":"https:\/\/api.w.org\/{rel}","templated":true}]}}