{"id":5245,"date":"2024-07-30T10:39:25","date_gmt":"2024-07-30T13:39:25","guid":{"rendered":"https:\/\/paginacero.com.uy\/?p=5245"},"modified":"2024-07-30T10:39:25","modified_gmt":"2024-07-30T13:39:25","slug":"curso-de-alimentacion-saludable-y-actividad-fisica-en-entornos-educativos","status":"publish","type":"post","link":"https:\/\/paginacero.com.uy\/?p=5245","title":{"rendered":"Curso de alimentaci\u00f3n saludable y actividad f\u00edsica en entornos educativos"},"content":{"rendered":"<p><strong><span class=\"NormalTextRun SCXW107413738 BCX0\" data-ccp-parastyle=\"Standard\" data-ccp-parastyle-defn=\"{&quot;ObjectId&quot;:&quot;5f039a6a-0e25-417a-9755-deff73c92201|5&quot;,&quot;ClassId&quot;:1073872969,&quot;Properties&quot;:[469775450,&quot;Standard&quot;,201340122,&quot;2&quot;,134233614,&quot;true&quot;,469778129,&quot;Standard&quot;,335572020,&quot;1&quot;,469777841,&quot;Times New Roman&quot;,469777842,&quot;Arial&quot;,469777843,&quot;SimSun&quot;,469777844,&quot;Times New Roman&quot;,469769226,&quot;Times New Roman,Arial,SimSun&quot;,268442635,&quot;24&quot;,335559704,&quot;1081&quot;,335559705,&quot;2052&quot;,335551547,&quot;14346&quot;,134245417,&quot;false&quot;]}\">La Administraci\u00f3n Nacional de Educaci\u00f3n P\u00fablica, el Ministerio de Salud P\u00fablica y la <\/span><span class=\"NormalTextRun ContextualSpellingAndGrammarErrorV2Themed GrammarErrorHighlight SCXW107413738 BCX0\" data-ccp-parastyle=\"Standard\">Secretaria Nacional<\/span><span class=\"NormalTextRun SCXW107413738 BCX0\" data-ccp-parastyle=\"Standard\"> del Deporte, con el apoyo de Unicef y Ceibal, <\/span><span class=\"NormalTextRun SCXW107413738 BCX0\" data-ccp-parastyle=\"Standard\">presentaron el curso \u201c7 pr\u00e1cticas de alimentaci\u00f3n saludable y actividad f\u00edsica en entornos educativos.<\/span><\/strong><!--more--><\/p>\n<p><span data-contrast=\"auto\">Orientaciones para su aplicaci\u00f3n\u201d. La formaci\u00f3n constituye una herramienta para mejorar la salud de los estudiantes.<\/span><span data-ccp-props=\"{&quot;134245417&quot;:false}\">\u00a0<\/span><\/p>\n<p><span data-contrast=\"auto\">La propuesta ofrece una herramienta esencial para los equipos docentes, ya que permitir\u00e1 abordar acciones educativas para prevenir el sobrepeso y la obesidad que afecta a un significativo porcentaje de ni\u00f1as, ni\u00f1os y j\u00f3venes. El curso estar\u00e1 disponible en la plataforma CREA de Ceibal.<\/span><span data-ccp-props=\"{&quot;134245417&quot;:false}\">\u00a0<\/span><\/p>\n<p><span data-contrast=\"auto\">La formaci\u00f3n es de car\u00e1cter virtual, autoadministrada y asincr\u00f3nica. Los destinatarios son los equipos de gesti\u00f3n de los centros educativos, docentes y estudiantes del Consejo de Formaci\u00f3n en Educaci\u00f3n, lo cual no excluye a otros agentes y actores del sistema interesados.<\/span><span data-ccp-props=\"{&quot;134245417&quot;:false}\">\u00a0<\/span><\/p>\n<p><span data-contrast=\"auto\">Durante la presentaci\u00f3n, la consejera de la ANEP, Dora Graziano, se\u00f1al\u00f3 que \u201cla salud va unida a una alimentaci\u00f3n saludable,y junto a ella la actividad f\u00edsica hacen posible el desarrollo que permite la formaci\u00f3n integral del ser humano. En este punto, la obesidad y el sobrepeso no se pueden desconocer. Est\u00e1 comprobado que la cantidad y calidad alimentaria no solo tienen consecuencias f\u00edsicas, sino tambi\u00e9n intelectuales que afectan el aprendizaje\u201d.<\/span><span data-ccp-props=\"{&quot;134245417&quot;:false}\">\u00a0<\/span><\/p>\n<p><span data-contrast=\"auto\">La ministra de Salud, Karina Rando, celebr\u00f3 que la implementaci\u00f3n de pol\u00edticas formativas contribuyen a combatir \u201cuna de las causas m\u00e1s importantes de sobrecarga del sistema de salud y de mortalidad en la poblaci\u00f3n como es la obesidad\u201d, explicando que se trata de las medidas m\u00e1s efectivas de prevenci\u00f3n.<\/span><span data-ccp-props=\"{&quot;134245417&quot;:false}\">\u00a0<\/span><\/p>\n<p><span data-contrast=\"auto\">Por su parte, la directora de Derechos Humanos de la ANEP, Gloria Canclini, indic\u00f3 que atender la alimentaci\u00f3n es fundamental por su impacto en el desarrollo y en las condiciones de los aprendizajes. \u201cPretendemos que esta formaci\u00f3n genere conocimiento y aprendizajes en los estudiantes. Estamos prepar\u00e1ndonos para que lo reciban los docentes que quieran profundizar sus conocimientos, pero aspiramos a que sea compartido con los estudiantes en los centros educativos\u201d, expres\u00f3.<\/span><span data-ccp-props=\"{&quot;134245417&quot;:false}\">\u00a0<\/span><\/p>\n<p><span data-contrast=\"auto\">Virginia Natero, coordinadora del programa de Nutrici\u00f3n del MSP, destac\u00f3 que la presentaci\u00f3n del curso es el resultado de varios a\u00f1os de trabajo, \u201cde mucha articulaci\u00f3n institucional y personas pensando. Hoy mostramos el resultado de esa labor\u201d. \u201cLas cifras de sobrepeso y obesidad en nuestro pa\u00eds lamentablemente no han descendido y ni siquiera se han frenado. En los \u00faltimos a\u00f1os vemos el aumento progresivo de las cifras de sobrepeso y obesidad\u201d, indic\u00f3.<\/span><span data-ccp-props=\"{&quot;134245417&quot;:false}\">\u00a0<\/span><\/p>\n<p><span data-contrast=\"auto\">Natero afirm\u00f3 que la evidencia ha demostrado que las intervenciones en ambientes educativos de forma integral \u201cpermiten mejorar, y en forma simult\u00e1nea y sostenida asegurar un ambiente que contribuya a garantizar una alimentaci\u00f3n adecuada\u201d.<\/span><span data-ccp-props=\"{&quot;134245417&quot;:false}\">\u00a0<\/span><\/p>\n<p><span data-contrast=\"auto\">El representante de Unicef en Uruguay, Francisco Benavides, se\u00f1al\u00f3 que el sobrepeso y la obesidad es un tema grave en el mundo y extendido en la mayor\u00eda de los pa\u00edses. \u201cDesde 1990 la obesidad se ha duplicado con creces entre los adultos y se ha cuadriplicado en los adolescentes. En Am\u00e9rica Latina no hemos logrado combatir el fen\u00f3meno\u201d.<\/span><span data-ccp-props=\"{&quot;134245417&quot;:false}\">\u00a0<\/span><\/p>\n<p><span data-contrast=\"auto\">Mart\u00edn Rebour, gerente de Desarrollo Profesional Docente de Ceibal, puntualiz\u00f3 que es posible utilizar la tecnolog\u00eda para concientizar, educar y combatir el sedentarismo apostando a una vida saludable.<\/span><span data-ccp-props=\"{&quot;134245417&quot;:false}\">\u00a0<\/span><\/p>\n<p><span data-contrast=\"auto\">Por \u00faltimo, el secretario nacional del Deporte, Sebasti\u00e1n Bauz\u00e1, celebr\u00f3 la iniciativa y valor\u00f3: \u201cSi hay algo que estamos convencidos es que el deporte y la salud es un derecho para todos y todas los uruguayos, y para ello hay que trabajar en conjunto\u201d.<\/span><span data-ccp-props=\"{&quot;134245417&quot;:false}\">\u00a0<\/span><\/p>\n","protected":false},"excerpt":{"rendered":"<p>La Administraci\u00f3n Nacional de Educaci\u00f3n P\u00fablica, el Ministerio de Salud P\u00fablica y la Secretaria Nacional del Deporte, con el apoyo de Unicef y Ceibal, presentaron el curso \u201c7 pr\u00e1cticas de alimentaci\u00f3n saludable y actividad f\u00edsica en entornos educativos.<\/p>\n","protected":false},"author":4,"featured_media":5246,"comment_status":"closed","ping_status":"closed","sticky":false,"template":"","format":"standard","meta":{"footnotes":""},"categories":[5],"tags":[],"class_list":["post-5245","post","type-post","status-publish","format-standard","has-post-thumbnail","hentry","category-durazno"],"_links":{"self":[{"href":"https:\/\/paginacero.com.uy\/index.php?rest_route=\/wp\/v2\/posts\/5245","targetHints":{"allow":["GET"]}}],"collection":[{"href":"https:\/\/paginacero.com.uy\/index.php?rest_route=\/wp\/v2\/posts"}],"about":[{"href":"https:\/\/paginacero.com.uy\/index.php?rest_route=\/wp\/v2\/types\/post"}],"author":[{"embeddable":true,"href":"https:\/\/paginacero.com.uy\/index.php?rest_route=\/wp\/v2\/users\/4"}],"replies":[{"embeddable":true,"href":"https:\/\/paginacero.com.uy\/index.php?rest_route=%2Fwp%2Fv2%2Fcomments&post=5245"}],"version-history":[{"count":1,"href":"https:\/\/paginacero.com.uy\/index.php?rest_route=\/wp\/v2\/posts\/5245\/revisions"}],"predecessor-version":[{"id":5247,"href":"https:\/\/paginacero.com.uy\/index.php?rest_route=\/wp\/v2\/posts\/5245\/revisions\/5247"}],"wp:featuredmedia":[{"embeddable":true,"href":"https:\/\/paginacero.com.uy\/index.php?rest_route=\/wp\/v2\/media\/5246"}],"wp:attachment":[{"href":"https:\/\/paginacero.com.uy\/index.php?rest_route=%2Fwp%2Fv2%2Fmedia&parent=5245"}],"wp:term":[{"taxonomy":"category","embeddable":true,"href":"https:\/\/paginacero.com.uy\/index.php?rest_route=%2Fwp%2Fv2%2Fcategories&post=5245"},{"taxonomy":"post_tag","embeddable":true,"href":"https:\/\/paginacero.com.uy\/index.php?rest_route=%2Fwp%2Fv2%2Ftags&post=5245"}],"curies":[{"name":"wp","href":"https:\/\/api.w.org\/{rel}","templated":true}]}}