{"id":5238,"date":"2024-07-29T11:30:05","date_gmt":"2024-07-29T14:30:05","guid":{"rendered":"https:\/\/paginacero.com.uy\/?p=5238"},"modified":"2024-07-29T11:30:05","modified_gmt":"2024-07-29T14:30:05","slug":"wanderers-participo-del-campeonato-uruguayo-de-futsal-para-personas-con-sindrome-de-down","status":"publish","type":"post","link":"https:\/\/paginacero.com.uy\/?p=5238","title":{"rendered":"Wanderers particip\u00f3 del Campeonato Uruguayo de Futsal para personas con s\u00edndrome de Down"},"content":{"rendered":"<p><strong><span class=\"TextRun SCXW31991047 BCX0\" lang=\"ES-UY\" xml:lang=\"ES-UY\" data-contrast=\"auto\"><span class=\"NormalTextRun SCXW31991047 BCX0\" data-ccp-parastyle=\"Standard\" data-ccp-parastyle-defn=\"{&quot;ObjectId&quot;:&quot;7cf0fe1e-30ef-4916-ab79-89c72964f253|5&quot;,&quot;ClassId&quot;:1073872969,&quot;Properties&quot;:[469775450,&quot;Standard&quot;,201340122,&quot;2&quot;,134233614,&quot;true&quot;,469778129,&quot;Standard&quot;,335572020,&quot;1&quot;,469777841,&quot;Times New Roman&quot;,469777842,&quot;Arial&quot;,469777843,&quot;SimSun&quot;,469777844,&quot;Times New Roman&quot;,469769226,&quot;Times New Roman,Arial,SimSun&quot;,268442635,&quot;24&quot;,335559704,&quot;1081&quot;,335559705,&quot;2052&quot;,335551547,&quot;14346&quot;,134245417,&quot;false&quot;]}\">El responsable del equipo, <\/span><span class=\"NormalTextRun SpellingErrorV2Themed SCXW31991047 BCX0\" data-ccp-parastyle=\"Standard\">Sebastian<\/span><span class=\"NormalTextRun SCXW31991047 BCX0\" data-ccp-parastyle=\"Standard\"> Barcel\u00f3, cont\u00f3 que la participaci\u00f3n en el evento fue muy buena, m\u00e1s all\u00e1 de los resultados deportivos <\/span><span class=\"NormalTextRun SCXW31991047 BCX0\" data-ccp-parastyle=\"Standard\">fueron jornadas de disfrute e integraci\u00f3n y la pr\u00f3xima fecha fue fijada en nuestra ciudad.<\/span><\/span><span class=\"EOP SCXW31991047 BCX0\" data-ccp-props=\"{&quot;134245417&quot;:false}\">\u00a0<\/span><\/strong><!--more--><\/p>\n<p>por Daniela bonaudi<\/p>\n<p><span data-contrast=\"auto\">\u201cEl 13 de julio se organiz\u00f3 la segunda fecha del Campeonato Uruguayo de Futsal para personas con S\u00edndrome de Down. Participaron los equipos de Pe\u00f1arol de Montevideo como organizador, Montevideo City Torque, Sportivo Rod\u00f3 de Salto, Plaza Colonia y Wanderers Inclusivo de la ciudad de Durazno\u201d cont\u00f3.<\/span><span data-ccp-props=\"{&quot;134245417&quot;:false}\">\u00a0<\/span><\/p>\n<p><span data-contrast=\"auto\">\u201cFuimos con una delegaci\u00f3n de quince jugadores, donde cuatro eran de Florida, con cinco mujeres ya que debemos destacar que somos el \u00fanico equipo de Futsal Inclusivo que tiene mujeres en su plantel, los resultados deportivos para nosotros si nos medimos en comparaci\u00f3n a un a\u00f1o que es lo que lleva el equipo, fueron muy buenos\u201d agreg\u00f3.<\/span><span data-ccp-props=\"{&quot;134245417&quot;:false}\">\u00a0<\/span><\/p>\n<p><span data-contrast=\"auto\">\u201cEn la competencia empatamos un partido con City Torque que tiene jugadores con m\u00e1s trayectoria, en los otros partidos fue muy parejo, exceptuando a Pe\u00f1arol. M\u00e1s all\u00e1 de lo deportivo lo que nos interesa es todos los movimientos emocionales que se dan, tanto el disfrute en primer lugar, pasarla bien, tener presentes los valores de la deportividad, el respeto por las normas, por los otros jugadores, entre nosotros tambi\u00e9n, el tema de la uni\u00f3n de las familias es super importante, ac\u00e1 las cosas que se dan de movimientos en cuanto a grupos de pertenencia, a la participaci\u00f3n de las familias en todas las instancias, ya sea de buscar colaboraciones con los comercios de Durazno, beneficios en cuanto a vender tortas fritas, hacer cosas diferentes que vayan sumando en lo econ\u00f3mico y en lo grupal\u201d destac\u00f3.<\/span><span data-ccp-props=\"{&quot;134245417&quot;:false}\">\u00a0<\/span><\/p>\n<p><span data-contrast=\"auto\">Las actividades del plantel se realizan semanalmente, con entrenamientos para buscar llegar a los mejores resultados tanto en lo deportivo como en la integraci\u00f3n del grupo.<\/span><span data-ccp-props=\"{&quot;134245417&quot;:false}\">\u00a0<\/span><\/p>\n<p><span data-contrast=\"auto\">\u201cPor otro lado como Wanderers inclusivo nos reunimos en el gimnasio del Club Wanderers todos los s\u00e1bados a las tres de la tarde donde hacemos pr\u00e1cticas, junto con mi hermano Rodrigo llevamos adelante las pr\u00e1cticas para seguir avanzando en lo deportivo, en la coordinaci\u00f3n y en la integraci\u00f3n\u201d agreg\u00f3.<\/span><span data-ccp-props=\"{&quot;134245417&quot;:false}\">\u00a0<\/span><\/p>\n<p><span data-contrast=\"auto\">Durazno fue elegido como sede de la tercera fecha del Campeonato y estar\u00e1n concurriendo todos los equipos participantes en la etapa anterior.<\/span><span data-ccp-props=\"{&quot;134245417&quot;:false}\">\u00a0<\/span><\/p>\n<p><span data-contrast=\"auto\">2En cuanto a lo que se viene vamos a organizar el s\u00e1bado 29 de setiembre, la tercera fecha del Campeonato Uruguayo de Futsal Down, nos toca la organizaci\u00f3n en Durazno, para eso tenemos la confirmaci\u00f3n de todos los equipos que participaron en la segunda fecha menos Sportivo Rod\u00f3 que a\u00fan no ha confirmado. La idea es que sea una fiesta, que puedan colaborar distintas instituciones, Wanderers en todas sus categor\u00edas nos va a brindar su apoyo, va a ser un precioso espect\u00e1culo para las familias que vayan, se mueven muchas cosas en lo emocional, con esos ejemplos que siempre ponemos, como se ayudan entre ellos aunque sean compa\u00f1eros de equipo o rivales, hace uno un gol de un equipo y festejan con los del otro equipo tambi\u00e9n, las interacciones en los partidos que se dan entre ellos en los partidos que se ponen a conversar y la pelota pasa por al lado y el disfrute es lo que prima, a veces lo deportivo es lo principal y quieren hacer un gol y van fuerte, como cualquier otra persona\u201d dijo.<\/span><span data-ccp-props=\"{&quot;134245417&quot;:false}\">\u00a0<\/span><\/p>\n<p><span data-contrast=\"auto\">\u201cAqu\u00ed tenemos lo mejor del deporte, mucho m\u00e1s libre de ego y personalismos, que es lo que hace al f\u00fatbol m\u00e1s profesional e institucionalizado, es una fiesta realmente para todos quienes puedan vivirla\u201d finaliz\u00f3.<\/span><span data-ccp-props=\"{&quot;134245417&quot;:false}\">\u00a0<\/span><\/p>\n","protected":false},"excerpt":{"rendered":"<p>El responsable del equipo, Sebastian Barcel\u00f3, cont\u00f3 que la participaci\u00f3n en el evento fue muy buena, m\u00e1s all\u00e1 de los resultados deportivos fueron jornadas de disfrute e integraci\u00f3n y la pr\u00f3xima fecha fue fijada en nuestra ciudad.\u00a0<\/p>\n","protected":false},"author":4,"featured_media":5239,"comment_status":"closed","ping_status":"closed","sticky":false,"template":"","format":"standard","meta":{"_monsterinsights_skip_tracking":false,"_monsterinsights_sitenote_active":false,"_monsterinsights_sitenote_note":"","_monsterinsights_sitenote_category":0,"footnotes":""},"categories":[5,62],"tags":[],"class_list":["post-5238","post","type-post","status-publish","format-standard","has-post-thumbnail","hentry","category-durazno","category-inclusion"],"_links":{"self":[{"href":"https:\/\/paginacero.com.uy\/index.php?rest_route=\/wp\/v2\/posts\/5238","targetHints":{"allow":["GET"]}}],"collection":[{"href":"https:\/\/paginacero.com.uy\/index.php?rest_route=\/wp\/v2\/posts"}],"about":[{"href":"https:\/\/paginacero.com.uy\/index.php?rest_route=\/wp\/v2\/types\/post"}],"author":[{"embeddable":true,"href":"https:\/\/paginacero.com.uy\/index.php?rest_route=\/wp\/v2\/users\/4"}],"replies":[{"embeddable":true,"href":"https:\/\/paginacero.com.uy\/index.php?rest_route=%2Fwp%2Fv2%2Fcomments&post=5238"}],"version-history":[{"count":1,"href":"https:\/\/paginacero.com.uy\/index.php?rest_route=\/wp\/v2\/posts\/5238\/revisions"}],"predecessor-version":[{"id":5240,"href":"https:\/\/paginacero.com.uy\/index.php?rest_route=\/wp\/v2\/posts\/5238\/revisions\/5240"}],"wp:featuredmedia":[{"embeddable":true,"href":"https:\/\/paginacero.com.uy\/index.php?rest_route=\/wp\/v2\/media\/5239"}],"wp:attachment":[{"href":"https:\/\/paginacero.com.uy\/index.php?rest_route=%2Fwp%2Fv2%2Fmedia&parent=5238"}],"wp:term":[{"taxonomy":"category","embeddable":true,"href":"https:\/\/paginacero.com.uy\/index.php?rest_route=%2Fwp%2Fv2%2Fcategories&post=5238"},{"taxonomy":"post_tag","embeddable":true,"href":"https:\/\/paginacero.com.uy\/index.php?rest_route=%2Fwp%2Fv2%2Ftags&post=5238"}],"curies":[{"name":"wp","href":"https:\/\/api.w.org\/{rel}","templated":true}]}}