{"id":5235,"date":"2024-07-29T11:25:31","date_gmt":"2024-07-29T14:25:31","guid":{"rendered":"https:\/\/paginacero.com.uy\/?p=5235"},"modified":"2024-07-29T11:25:31","modified_gmt":"2024-07-29T14:25:31","slug":"reunion-de-trabajo-permitio-avanzar-en-tematica-de-asentamientos","status":"publish","type":"post","link":"https:\/\/paginacero.com.uy\/?p=5235","title":{"rendered":"Reuni\u00f3n de trabajo permiti\u00f3 avanzar en tem\u00e1tica de asentamientos"},"content":{"rendered":"<p><strong>En la presente jornada autoridades y t\u00e9cnicos de la Intendencia de Durazno y de la Direcci\u00f3n Nacional de Integraci\u00f3n Social y Urbana (Dinisu) del Ministerio de Vivienda, mantuvieron una nueva jornada de trabajo en el marco del Plan Avanzar, programa de asentamientos impulsado desde el Gobierno Nacional.<\/strong><!--more--><\/p>\n<div dir=\"auto\">El Intendente, Lic. Carmelo Vidal\u00edn y personal t\u00e9cnico, recibieron a la delegaci\u00f3n, encabezada por la Arq. Florencia Arbeleche, Directora de Dinisu y asesores, realizando una evaluaci\u00f3n del trabajo enfocada a las soluciones ya concretadas y en atenci\u00f3n a otros asentamientos.<\/div>\n<div dir=\"auto\"><\/div>\n<div dir=\"auto\">Vidal\u00edn dijo que mantuvieron una \u201cfruct\u00edfera reuni\u00f3n de trabajo\u201d, agregando que \u201cDurazno est\u00e1 comprometido en acompa\u00f1ar el compromiso que ha asumido el Presidente de la Rep\u00fablica (Dr. Luis Lacalle Pou), en lo que tiene que ver con la construcci\u00f3n de viviendas, por eso nos complace hoy recibir a la arquitecta (Florencia Arbeleche) y a su equipo; hemos tenido muy buenas experiencias en este sentido y adem\u00e1s luego de esta jornada de trabajo hemos aprendido a conocer nuevos planes y nuevas posibilidades que no pasan solamente por una vivienda, sino por otorgarles a los vecinos, a los ciudadanos que no tienen los recursos adecuados, y m\u00e1s en esta tierra nuestra donde los alquileres est\u00e1n tan altos, a que tengan la posibilidad de tener la vivienda propia\u201d.<\/div>\n<div dir=\"auto\"><\/div>\n<div dir=\"auto\">El jefe comunal cit\u00f3 luego que se han construido m\u00e1s de 1.000 viviendas en diferentes \u00e1reas y lugares del departamento, \u201cen el \u00e1rea cooperativa, el \u00e1rea de Mevir, a trav\u00e9s del Plan Juntos y del Plan Avanzar, y entre las que est\u00e1n en construcci\u00f3n y las que van a construirse en estos pr\u00f3ximos d\u00edas, estamos por encima de las mil viviendas; es una forma de cooperar y de colaborar con el compromiso que asumi\u00f3 nuestro Presidente \u00a0(Dr. Luis Lacalle Pou) y que desde el Ministerio de Vivienda, un Ministro y un equipo comprometido y con la Directora del Plan Avanzar, m\u00e1s la gente del Plan Juntos y de Mevir, muchos sue\u00f1os que ten\u00edan los vecinos o ciudadanos de todo el pa\u00eds, poco a poco se est\u00e1n transformando en realidad\u201d.<\/div>\n<div dir=\"auto\"><\/div>\n<div dir=\"auto\">\u201cCon el Plan Avanzar, el gobierno departamental se compromete a trabajar, no con los asentamientos a futuro, que esperemos que no se lleven adelante porque estamos realizando un gran trabajo con nuestro equipo de Ordenamiento Territorial y con la Polic\u00eda Territorial, por lo tanto esperemos tener el apoyo de Justicia y Fiscal\u00eda, para poder proceder y evitar que se lleven adelante este tipo de situaciones que no son las deseables para Durazno ni para ninguna parte del pa\u00eds\u201d, dijo Vidal\u00edn, se\u00f1alando que la directora Arbeleche \u201cnos trajo muy buenas noticias, por el momento encaminadas, a\u00fan no concretadas, en especial para los vecinos de calle Maciel, los que conocemos como los \u201cterrenos de los Mart\u00ednez&#8217;; terrenos que hasta el momento han encontrado determinadas trabas para poder transformar esas viviendas que en su momento don\u00f3 UPM\u201d.<\/div>\n<div dir=\"auto\"><\/div>\n<div dir=\"auto\">Arbeleche, en tanto, sostuvo que \u201choy estamos haciendo una revisi\u00f3n de estos nuevos proyectos que se sumaron hace dos a\u00f1os viendo como venimos y tal como dec\u00eda el Intendente (Lic. Carmelo Vidal\u00edn), viendo otras herramientas que tambi\u00e9n est\u00e1n firmadas en ese acuerdo estrat\u00e9gico y que se pueden implementar\u201d.<\/div>\n<div dir=\"auto\"><\/div>\n<div dir=\"auto\">Coment\u00f3 luego que \u201chace dos a\u00f1os Durazno ten\u00eda registrados tres asentamientos, en los cuales trabajando en forma conjunta y asociada con la Intendencia, ya se ha dado respuesta y se han terminado tanto el asentamiento playa vieja en Sarand\u00ed del Yi, como la terminal aqu\u00ed en Durazno y se est\u00e1 trabajando en continuaci\u00f3n Herrera; se est\u00e1n construyendo viviendas, que estar\u00e1n dando respuesta tanto a continuaci\u00f3n Herrera como la intervenci\u00f3n que hay que hacer en Las Higueras, que es tambi\u00e9n una situaci\u00f3n de informalidad que hay que dar respuesta; con esto podemos decir que Durazno est\u00e1 muy pr\u00f3ximo a poder solucionar el tema asentamientos y a poder dar la respuesta necesaria para esta situaci\u00f3n\u201d y confirm\u00f3 para agosto o septiembre la entrega de las obras en Las Higueras.<\/div>\n","protected":false},"excerpt":{"rendered":"<p>En la presente jornada autoridades y t\u00e9cnicos de la Intendencia de Durazno y de la Direcci\u00f3n Nacional de Integraci\u00f3n Social y Urbana (Dinisu) del Ministerio de Vivienda, mantuvieron una nueva jornada de trabajo en el marco del Plan Avanzar, programa de asentamientos impulsado desde el Gobierno Nacional.<\/p>\n","protected":false},"author":4,"featured_media":5236,"comment_status":"closed","ping_status":"closed","sticky":false,"template":"","format":"standard","meta":{"footnotes":""},"categories":[5],"tags":[],"class_list":["post-5235","post","type-post","status-publish","format-standard","has-post-thumbnail","hentry","category-durazno"],"_links":{"self":[{"href":"https:\/\/paginacero.com.uy\/index.php?rest_route=\/wp\/v2\/posts\/5235","targetHints":{"allow":["GET"]}}],"collection":[{"href":"https:\/\/paginacero.com.uy\/index.php?rest_route=\/wp\/v2\/posts"}],"about":[{"href":"https:\/\/paginacero.com.uy\/index.php?rest_route=\/wp\/v2\/types\/post"}],"author":[{"embeddable":true,"href":"https:\/\/paginacero.com.uy\/index.php?rest_route=\/wp\/v2\/users\/4"}],"replies":[{"embeddable":true,"href":"https:\/\/paginacero.com.uy\/index.php?rest_route=%2Fwp%2Fv2%2Fcomments&post=5235"}],"version-history":[{"count":1,"href":"https:\/\/paginacero.com.uy\/index.php?rest_route=\/wp\/v2\/posts\/5235\/revisions"}],"predecessor-version":[{"id":5237,"href":"https:\/\/paginacero.com.uy\/index.php?rest_route=\/wp\/v2\/posts\/5235\/revisions\/5237"}],"wp:featuredmedia":[{"embeddable":true,"href":"https:\/\/paginacero.com.uy\/index.php?rest_route=\/wp\/v2\/media\/5236"}],"wp:attachment":[{"href":"https:\/\/paginacero.com.uy\/index.php?rest_route=%2Fwp%2Fv2%2Fmedia&parent=5235"}],"wp:term":[{"taxonomy":"category","embeddable":true,"href":"https:\/\/paginacero.com.uy\/index.php?rest_route=%2Fwp%2Fv2%2Fcategories&post=5235"},{"taxonomy":"post_tag","embeddable":true,"href":"https:\/\/paginacero.com.uy\/index.php?rest_route=%2Fwp%2Fv2%2Ftags&post=5235"}],"curies":[{"name":"wp","href":"https:\/\/api.w.org\/{rel}","templated":true}]}}