{"id":5230,"date":"2024-07-29T11:05:50","date_gmt":"2024-07-29T14:05:50","guid":{"rendered":"https:\/\/paginacero.com.uy\/?p=5230"},"modified":"2024-07-29T11:05:50","modified_gmt":"2024-07-29T14:05:50","slug":"durazno-recibio-seminario-auf-conmebol","status":"publish","type":"post","link":"https:\/\/paginacero.com.uy\/?p=5230","title":{"rendered":"Durazno recibi\u00f3 Seminario AUF CONMEBOL"},"content":{"rendered":"<p><strong>La Intendencia de Durazno destaca que con la organizaci\u00f3n de la Asociaci\u00f3n Uruguaya de F\u00fatbol (AUF) y la CONMEBOL, nuestra ciudad fue sede durante tres d\u00edas, de una instancia de capacitaci\u00f3n de F\u00fatbol Juvenil, con la participaci\u00f3n de un importante n\u00famero de Entrenadores del Interior del Pa\u00eds.<\/strong><!--more--><\/p>\n<div dir=\"auto\">Las actividades en el marco de los programas \u00abAUF Impulsa\u00bb y \u00abEvoluci\u00f3n es Conmebol\u00bb, se cumplieron los d\u00edas martes 23, mi\u00e9rcoles 24 y jueves 25, en la Casa de los Deportes y en el estadio \u201cSilvestre Octavio Landoni\u201d, a cargo de los Instructores internacionales, Rub\u00e9n Rossi (Argentina); Rodrigo P\u00e9rez y Hern\u00e1n Torres (Chile), y una charla del Psic\u00f3logo y Entrenador de F\u00fatbol, Gustavo Estevez.<\/div>\n<div dir=\"auto\"><\/div>\n<div dir=\"auto\">En el Seminario Conmebol, estuvieron presentes el Director de Desarrollo de AUF, Gustavo Ba\u00f1ales; los Consejeros de OFI, Jorge Ort\u00edz y Carlos Alan\u00eds y Luis Matosas, Director del Consejo T\u00e9cnico Sector Entrenadores (OFI).<\/div>\n<div dir=\"auto\"><\/div>\n<div dir=\"auto\">La organizaci\u00f3n agradeci\u00f3 la colaboraci\u00f3n de la Intendencia de Durazno, que cedi\u00f3 las instalaciones del Complejo Deportivo para el desarrollo del evento, destacando la atenci\u00f3n recibida en Casa de los Deportes y en el estadio Landoni.<\/div>\n","protected":false},"excerpt":{"rendered":"<p>La Intendencia de Durazno destaca que con la organizaci\u00f3n de la Asociaci\u00f3n Uruguaya de F\u00fatbol (AUF) y la CONMEBOL, nuestra ciudad fue sede durante tres d\u00edas, de una instancia de capacitaci\u00f3n de F\u00fatbol Juvenil, con la participaci\u00f3n de un importante n\u00famero de Entrenadores del Interior del Pa\u00eds.<\/p>\n","protected":false},"author":4,"featured_media":5231,"comment_status":"closed","ping_status":"closed","sticky":false,"template":"","format":"standard","meta":{"footnotes":""},"categories":[5],"tags":[],"class_list":["post-5230","post","type-post","status-publish","format-standard","has-post-thumbnail","hentry","category-durazno"],"_links":{"self":[{"href":"https:\/\/paginacero.com.uy\/index.php?rest_route=\/wp\/v2\/posts\/5230","targetHints":{"allow":["GET"]}}],"collection":[{"href":"https:\/\/paginacero.com.uy\/index.php?rest_route=\/wp\/v2\/posts"}],"about":[{"href":"https:\/\/paginacero.com.uy\/index.php?rest_route=\/wp\/v2\/types\/post"}],"author":[{"embeddable":true,"href":"https:\/\/paginacero.com.uy\/index.php?rest_route=\/wp\/v2\/users\/4"}],"replies":[{"embeddable":true,"href":"https:\/\/paginacero.com.uy\/index.php?rest_route=%2Fwp%2Fv2%2Fcomments&post=5230"}],"version-history":[{"count":1,"href":"https:\/\/paginacero.com.uy\/index.php?rest_route=\/wp\/v2\/posts\/5230\/revisions"}],"predecessor-version":[{"id":5232,"href":"https:\/\/paginacero.com.uy\/index.php?rest_route=\/wp\/v2\/posts\/5230\/revisions\/5232"}],"wp:featuredmedia":[{"embeddable":true,"href":"https:\/\/paginacero.com.uy\/index.php?rest_route=\/wp\/v2\/media\/5231"}],"wp:attachment":[{"href":"https:\/\/paginacero.com.uy\/index.php?rest_route=%2Fwp%2Fv2%2Fmedia&parent=5230"}],"wp:term":[{"taxonomy":"category","embeddable":true,"href":"https:\/\/paginacero.com.uy\/index.php?rest_route=%2Fwp%2Fv2%2Fcategories&post=5230"},{"taxonomy":"post_tag","embeddable":true,"href":"https:\/\/paginacero.com.uy\/index.php?rest_route=%2Fwp%2Fv2%2Ftags&post=5230"}],"curies":[{"name":"wp","href":"https:\/\/api.w.org\/{rel}","templated":true}]}}