{"id":5223,"date":"2024-07-25T20:01:20","date_gmt":"2024-07-25T23:01:20","guid":{"rendered":"https:\/\/paginacero.com.uy\/?p=5223"},"modified":"2024-07-25T20:01:20","modified_gmt":"2024-07-25T23:01:20","slug":"lanzaron-el-concurso-al-futuro-lo-hacemos-todos","status":"publish","type":"post","link":"https:\/\/paginacero.com.uy\/?p=5223","title":{"rendered":"Lanzaron el concurso \u201cAl Futuro Lo Hacemos Todos\u201d"},"content":{"rendered":"<p><strong><span class=\"TextRun SCXW267725837 BCX0\" lang=\"ES-UY\" xml:lang=\"ES-UY\" data-contrast=\"auto\"><span class=\"NormalTextRun SCXW267725837 BCX0\" data-ccp-parastyle=\"Standard\" data-ccp-parastyle-defn=\"{&quot;ObjectId&quot;:&quot;86bcf552-70db-480f-9c14-603521631092|5&quot;,&quot;ClassId&quot;:1073872969,&quot;Properties&quot;:[469775450,&quot;Standard&quot;,201340122,&quot;2&quot;,134233614,&quot;true&quot;,469778129,&quot;Standard&quot;,335572020,&quot;1&quot;,469777841,&quot;Times New Roman&quot;,469777842,&quot;Arial&quot;,469777843,&quot;SimSun&quot;,469777844,&quot;Times New Roman&quot;,469769226,&quot;Times New Roman,Arial,SimSun&quot;,268442635,&quot;24&quot;,335559704,&quot;1081&quot;,335559705,&quot;2052&quot;,335551547,&quot;14346&quot;,134245417,&quot;false&quot;]}\">Se realiz\u00f3 el lanzamiento del concurso Al Futuro Lo Hacemos Todos que organizan la Administraci\u00f3n Nacional de Educaci\u00f3n P\u00fablica (ANEP) y la Administraci\u00f3n Nacional de <\/span><span class=\"NormalTextRun SCXW267725837 BCX0\" data-ccp-parastyle=\"Standard\">Telecomunicaciones (ANTEL).<\/span><\/span><span class=\"EOP SCXW267725837 BCX0\" data-ccp-props=\"{&quot;134245417&quot;:false}\">\u00a0<\/span><\/strong><!--more--><\/p>\n<p><span data-contrast=\"auto\">La convocatoria est\u00e1 dirigida a estudiantes de Educaci\u00f3n B\u00e1sica Integrada (EBI) de liceos p\u00fablicos y de UTU de todo el pa\u00eds, quienes tendr\u00e1n la oportunidad de realizar un video, de hasta tres minutos de duraci\u00f3n, en el que imaginen el futuro de las telecomunicaciones y\u00a0 su aplicaci\u00f3n en su grupo de referencia o en la sociedad uruguaya en su conjunto. Los j\u00f3venes estar\u00e1n acompa\u00f1ados por un profesor tutor durante todo el proceso.<\/span><span data-ccp-props=\"{&quot;134245417&quot;:false}\">\u00a0<\/span><\/p>\n<p><span data-contrast=\"auto\">El concurso tiene como objetivo acercar a los j\u00f3venes a la investigaci\u00f3n en tecnolog\u00eda e innovaci\u00f3n, impulsar nuevas herramientas de difusi\u00f3n del conocimiento y fomentar la creatividad y el trabajo en equipo. Se resalt\u00f3 que esta iniciativa celebra el aniversario de Antel con toda la sociedad, especialmente con los estudiantes. La convocatoria es parte de la pol\u00edtica general de la educaci\u00f3n p\u00fablica, enfocada en fomentar el trabajo en equipo, la imaginaci\u00f3n y el trabajo interdisciplinario por proyectos. Recordaron en el lanzamiento la cooperaci\u00f3n entre Antel y ANEP durante la pandemia, que permiti\u00f3 mantener la conectividad y el acceso a la educaci\u00f3n para todos los estudiantes.<\/span><span data-ccp-props=\"{&quot;134245417&quot;:false}\">\u00a0<\/span><\/p>\n<p><span data-contrast=\"auto\">Este concurso tiene como objetivos incorporar a la educaci\u00f3n en el festejo de los 50 a\u00f1os de Antel, acercar a los\/as j\u00f3venes a la investigaci\u00f3n en tecnolog\u00eda e innovaci\u00f3n, impulsar nuevas herramientas de difusi\u00f3n del conocimiento, fomentar el inter\u00e9s, la creatividad, y el trabajo en equipo.<\/span><span data-ccp-props=\"{&quot;134245417&quot;:false}\">\u00a0<\/span><\/p>\n<p><span data-contrast=\"auto\">Pueden participar todas las clases de 7mo. a 9no. de Educaci\u00f3n B\u00e1sica Integrada de todos los<\/span><span data-ccp-props=\"{&quot;134245417&quot;:false}\">\u00a0<\/span><\/p>\n<p><span data-contrast=\"auto\">liceos p\u00fablicos y UTU del pa\u00eds. Cada clase deber\u00e1 contar con un docente tutor que acompa\u00f1e en todo el proceso de realizaci\u00f3n del video.<\/span><span data-ccp-props=\"{&quot;134245417&quot;:false}\">\u00a0<\/span><\/p>\n<p><span data-contrast=\"auto\">El jurado valorar\u00e1 en la evaluaci\u00f3n de los trabajos el cumplimiento de la consigna (imaginar el futuro de las telecomunicaciones y su aplicaci\u00f3n en su grupo de referencia o en la sociedad uruguaya en su conjunto), la creatividad y originalidad de la idea, aspectos t\u00e9cnicos y de edici\u00f3n.<\/span><span data-ccp-props=\"{&quot;134245417&quot;:false}\">\u00a0<\/span><\/p>\n<p><span data-contrast=\"auto\">Las dos clases ganadoras obtendr\u00e1n los siguientes premios: premio para la clase: Paseo de Fin de A\u00f1o con su clase y profesor tutor al Parque de Minas que incluye estad\u00eda completa por dos d\u00edas y una noche, acompa\u00f1ados por un adulto cada cinco alumnos, con traslado ida y vuelta; premio para los alumnos de la clase del video ganador: Un auricular bluetooth para m\u00f3viles para cada alumno\/a; premio para el profesor tutor: Dispositivo m\u00f3vil 5G.<\/span><span data-ccp-props=\"{&quot;134245417&quot;:false}\">\u00a0<\/span><\/p>\n","protected":false},"excerpt":{"rendered":"<p>Se realiz\u00f3 el lanzamiento del concurso Al Futuro Lo Hacemos Todos que organizan la Administraci\u00f3n Nacional de Educaci\u00f3n P\u00fablica (ANEP) y la Administraci\u00f3n Nacional de Telecomunicaciones (ANTEL).\u00a0<\/p>\n","protected":false},"author":4,"featured_media":5224,"comment_status":"closed","ping_status":"closed","sticky":false,"template":"","format":"standard","meta":{"footnotes":""},"categories":[5],"tags":[],"class_list":["post-5223","post","type-post","status-publish","format-standard","has-post-thumbnail","hentry","category-durazno"],"_links":{"self":[{"href":"https:\/\/paginacero.com.uy\/index.php?rest_route=\/wp\/v2\/posts\/5223","targetHints":{"allow":["GET"]}}],"collection":[{"href":"https:\/\/paginacero.com.uy\/index.php?rest_route=\/wp\/v2\/posts"}],"about":[{"href":"https:\/\/paginacero.com.uy\/index.php?rest_route=\/wp\/v2\/types\/post"}],"author":[{"embeddable":true,"href":"https:\/\/paginacero.com.uy\/index.php?rest_route=\/wp\/v2\/users\/4"}],"replies":[{"embeddable":true,"href":"https:\/\/paginacero.com.uy\/index.php?rest_route=%2Fwp%2Fv2%2Fcomments&post=5223"}],"version-history":[{"count":1,"href":"https:\/\/paginacero.com.uy\/index.php?rest_route=\/wp\/v2\/posts\/5223\/revisions"}],"predecessor-version":[{"id":5225,"href":"https:\/\/paginacero.com.uy\/index.php?rest_route=\/wp\/v2\/posts\/5223\/revisions\/5225"}],"wp:featuredmedia":[{"embeddable":true,"href":"https:\/\/paginacero.com.uy\/index.php?rest_route=\/wp\/v2\/media\/5224"}],"wp:attachment":[{"href":"https:\/\/paginacero.com.uy\/index.php?rest_route=%2Fwp%2Fv2%2Fmedia&parent=5223"}],"wp:term":[{"taxonomy":"category","embeddable":true,"href":"https:\/\/paginacero.com.uy\/index.php?rest_route=%2Fwp%2Fv2%2Fcategories&post=5223"},{"taxonomy":"post_tag","embeddable":true,"href":"https:\/\/paginacero.com.uy\/index.php?rest_route=%2Fwp%2Fv2%2Ftags&post=5223"}],"curies":[{"name":"wp","href":"https:\/\/api.w.org\/{rel}","templated":true}]}}