{"id":5219,"date":"2024-07-25T19:55:50","date_gmt":"2024-07-25T22:55:50","guid":{"rendered":"https:\/\/paginacero.com.uy\/?p=5219"},"modified":"2024-07-25T19:55:50","modified_gmt":"2024-07-25T22:55:50","slug":"se-presentaron-las-practicas-sociales-de-la-lengua-en-la-cultura-digital","status":"publish","type":"post","link":"https:\/\/paginacero.com.uy\/?p=5219","title":{"rendered":"Se presentaron las pr\u00e1cticas sociales de la lengua en la cultura digital"},"content":{"rendered":"<p><strong><span class=\"TextRun SCXW221084551 BCX0\" lang=\"ES-UY\" xml:lang=\"ES-UY\" data-contrast=\"auto\"><span class=\"NormalTextRun SCXW221084551 BCX0\" data-ccp-parastyle=\"Standard\" data-ccp-parastyle-defn=\"{&quot;ObjectId&quot;:&quot;bd602de4-e625-416a-bc67-996965f56fc5|5&quot;,&quot;ClassId&quot;:1073872969,&quot;Properties&quot;:[469775450,&quot;Standard&quot;,201340122,&quot;2&quot;,134233614,&quot;true&quot;,469778129,&quot;Standard&quot;,335572020,&quot;1&quot;,469777841,&quot;Times New Roman&quot;,469777842,&quot;Arial&quot;,469777843,&quot;SimSun&quot;,469777844,&quot;Times New Roman&quot;,469769226,&quot;Times New Roman,Arial,SimSun&quot;,268442635,&quot;24&quot;,335559704,&quot;1081&quot;,335559705,&quot;2052&quot;,335551547,&quot;14346&quot;,134245417,&quot;false&quot;]}\">Lengua Ceibal es el programa del Departamento de Formaci\u00f3n e Innovaci\u00f3n Pedag\u00f3gica que propone dise\u00f1ar e implementar acciones que buscan contribuir a la <\/span><span class=\"NormalTextRun SCXW221084551 BCX0\" data-ccp-parastyle=\"Standard\">ense\u00f1anza y el aprendizaje de la lengua espa\u00f1ola, la alfabetizaci\u00f3n inicial y la literatura.<\/span><\/span><span class=\"EOP SCXW221084551 BCX0\" data-ccp-props=\"{&quot;134245417&quot;:false}\">\u00a0<\/span><\/strong><!--more--><\/p>\n<p><span data-contrast=\"auto\">Lengua Ceibal desarrolla tres ejes principales de trabajo: Formaci\u00f3n de docentes y estudiantes de formaci\u00f3n docente, pilares para el desarrollo de las competencias comunicativas y las competencias digitales; Dinamizaci\u00f3n para la integraci\u00f3n de recursos digitales, clave para integrar las pr\u00e1cticas sociales de la lengua en la cultura digital; Trayectos situados y acceso a la cultura, fundamentales para la participaci\u00f3n social y la innovaci\u00f3n en el acceso a la cultura.<\/span><span data-ccp-props=\"{&quot;134245417&quot;:false}\">\u00a0<\/span><\/p>\n<p><span data-contrast=\"auto\">Las propuestas actuales son el Post\u00edtulo en competencias ling\u00fc\u00edsticas para un mundo digital que busca introducir a los docentes en las principales transformaciones que las nuevas tecnolog\u00edas y la cultura digital han generado en las competencias ling\u00fc\u00edsticas necesarias para la vida en la sociedad contempor\u00e1nea. En \u00e9l se abordan conceptos fundamentales, como competencia lectora digital, competencia medi\u00e1tica, prosumidores, convergencia digital, residentes y visitantes digitales, entre otros. Asimismo, se trabaja con actividades de pensamiento cr\u00edtico en cuanto al rol de cada docente como usuario de tecnolog\u00eda y productor de sentido. Por \u00faltimo, se propone el an\u00e1lisis y el dise\u00f1o de las estrategias did\u00e1cticas necesarias para abordar las competencias ling\u00fc\u00edsticas en entornos digitales.<\/span><span data-ccp-props=\"{&quot;134245417&quot;:false}\">\u00a0<\/span><\/p>\n<p><span data-contrast=\"auto\">Otra estrategia son las Jornadas de Lengua Ceibal-ANEP, eventos regionales que integran a los diversos subsistemas de nuestro sistema educativo. El principal prop\u00f3sito de esta iniciativa es llevar a cabo propuestas formativas de actualizaci\u00f3n profesional e informar sobre las novedades respecto de los recursos y las herramientas tecnopedag\u00f3gicas que ofrece el ecosistema Ceibal.\u00a0 Las Jornadas de Lengua son tambi\u00e9n un espacio para difundir los trayectos formativos de Lengua Ceibal que est\u00e1n disponibles en las plataformas EDUx y CREA y al mismo tiempo pretenden ser una oportunidad para ir construyendo una comunidad interesada en generar espacios de intercambio, coconstrucci\u00f3n y di\u00e1logo en torno a la integraci\u00f3n de las tecnolog\u00edas en los procesos de ense\u00f1anza y aprendizaje de la lengua, la literatura y la alfabetizaci\u00f3n inicial.<\/span><span data-ccp-props=\"{&quot;134245417&quot;:false}\">\u00a0<\/span><\/p>\n<p><span data-contrast=\"auto\">Adem\u00e1s, la estrategia formativa de alfabetizaci\u00f3n inicial complementa el proyecto \u201cPotenciando el aporte de Edutech para mejorar el aprendizaje de la lectoescritura\u201d, desarrollado por diferentes socios nacionales e internacionales (Fundaci\u00f3n Ceibal, Ceibal, UCU, Fundaci\u00f3n ReachingU, BID-Lab e IDRC-CRDI Canad\u00e1). La propuesta incluye una intervenci\u00f3n en centros seleccionados para la integraci\u00f3n de una nueva app para la alfabetizaci\u00f3n inicial de estudiantes de 1\u00ba y se complementa con talleres presenciales y cursos virtuales que se realizan en las plataformas EDUx y CREA de Ceibal.<\/span><span data-ccp-props=\"{&quot;134245417&quot;:false}\">\u00a0<\/span><\/p>\n<p><span data-contrast=\"auto\">Se est\u00e1 llevando adelante tambi\u00e9n la cuarta edici\u00f3n del concurso Gigantes de la Lengua, que busca fomentar y brindar un espacio para que estudiantes de segundo ciclo de Educaci\u00f3n Primaria desarrollen la escritura creativa en temas variados y desde sus propios intereses. Gigantes de la Lengua incentiva la creatividad, la imaginaci\u00f3n, el an\u00e1lisis y el pensamiento cr\u00edtico a trav\u00e9s del uso de las tecnolog\u00edas educativas disponibles. Este a\u00f1o, la novedad es que se agrega una nueva categor\u00eda, que premia los diferentes g\u00e9neros textuales trabajados exclusivamente en la Plataforma de Lengua de Ceibal.<\/span><span data-ccp-props=\"{&quot;134245417&quot;:false}\">\u00a0<\/span><\/p>\n<p><span data-contrast=\"auto\">Otros cursos que se dictan en EDUx son desarrollo de la competencia comunicacional, fundamentos de la alfabetizaci\u00f3n inicial en entornos digitales, la Plataforma de Lengua en la pr\u00e1ctica de aula; se realiz\u00f3 la conferencia \u201cAlfabetizaci\u00f3n inicial: un futuro sin brechas socioeducativas\u201d, a cargo de Mariana Gui\u00f1az\u00fa, la webinar \u201cPensamiento cr\u00edtico, creatividad e innovaci\u00f3n\u201d, con Leticia Britos Caravagno; webinar de la Plataforma de Lengua (PDL).<\/span><span data-ccp-props=\"{&quot;134245417&quot;:false}\">\u00a0<\/span><\/p>\n<p><span data-contrast=\"auto\">En el marco de otras propuestas y recursos se cuenta con la Biblioteca Pa\u00eds que busca democratizar el acceso a la lectura y la cultura a trav\u00e9s de su amplia oferta de contenidos de inter\u00e9s para la comunidad educativa y la poblaci\u00f3n en general, disponibles de forma gratuita y desde cualquier dispositivo; Plataforma de Lengua que acompa\u00f1a la ense\u00f1anza y el aprendizaje de la lengua desde un enfoque comunicativo. Los contenidos digitales est\u00e1n agrupados por temas de inter\u00e9s relevantes para la comunidad de estudiantes. Cada docente puede seleccionar y asignar contenidos a sus grupos pertenecientes a todos los grados disponibles.<\/span><span data-ccp-props=\"{&quot;134245417&quot;:false}\">\u00a0<\/span><\/p>\n","protected":false},"excerpt":{"rendered":"<p>Lengua Ceibal es el programa del Departamento de Formaci\u00f3n e Innovaci\u00f3n Pedag\u00f3gica que propone dise\u00f1ar e implementar acciones que buscan contribuir a la ense\u00f1anza y el aprendizaje de la lengua espa\u00f1ola, la alfabetizaci\u00f3n inicial y la literatura.\u00a0<\/p>\n","protected":false},"author":4,"featured_media":5220,"comment_status":"closed","ping_status":"closed","sticky":false,"template":"","format":"standard","meta":{"footnotes":""},"categories":[5],"tags":[],"class_list":["post-5219","post","type-post","status-publish","format-standard","has-post-thumbnail","hentry","category-durazno"],"_links":{"self":[{"href":"https:\/\/paginacero.com.uy\/index.php?rest_route=\/wp\/v2\/posts\/5219","targetHints":{"allow":["GET"]}}],"collection":[{"href":"https:\/\/paginacero.com.uy\/index.php?rest_route=\/wp\/v2\/posts"}],"about":[{"href":"https:\/\/paginacero.com.uy\/index.php?rest_route=\/wp\/v2\/types\/post"}],"author":[{"embeddable":true,"href":"https:\/\/paginacero.com.uy\/index.php?rest_route=\/wp\/v2\/users\/4"}],"replies":[{"embeddable":true,"href":"https:\/\/paginacero.com.uy\/index.php?rest_route=%2Fwp%2Fv2%2Fcomments&post=5219"}],"version-history":[{"count":1,"href":"https:\/\/paginacero.com.uy\/index.php?rest_route=\/wp\/v2\/posts\/5219\/revisions"}],"predecessor-version":[{"id":5221,"href":"https:\/\/paginacero.com.uy\/index.php?rest_route=\/wp\/v2\/posts\/5219\/revisions\/5221"}],"wp:featuredmedia":[{"embeddable":true,"href":"https:\/\/paginacero.com.uy\/index.php?rest_route=\/wp\/v2\/media\/5220"}],"wp:attachment":[{"href":"https:\/\/paginacero.com.uy\/index.php?rest_route=%2Fwp%2Fv2%2Fmedia&parent=5219"}],"wp:term":[{"taxonomy":"category","embeddable":true,"href":"https:\/\/paginacero.com.uy\/index.php?rest_route=%2Fwp%2Fv2%2Fcategories&post=5219"},{"taxonomy":"post_tag","embeddable":true,"href":"https:\/\/paginacero.com.uy\/index.php?rest_route=%2Fwp%2Fv2%2Ftags&post=5219"}],"curies":[{"name":"wp","href":"https:\/\/api.w.org\/{rel}","templated":true}]}}