{"id":5216,"date":"2024-07-25T19:53:24","date_gmt":"2024-07-25T22:53:24","guid":{"rendered":"https:\/\/paginacero.com.uy\/?p=5216"},"modified":"2024-07-25T19:53:24","modified_gmt":"2024-07-25T22:53:24","slug":"jovenes-a-programar-este-ano-la-edicion-sera-femenina","status":"publish","type":"post","link":"https:\/\/paginacero.com.uy\/?p=5216","title":{"rendered":"J\u00f3venes a programar: este a\u00f1o la edici\u00f3n ser\u00e1 femenina"},"content":{"rendered":"<p><strong><span class=\"NormalTextRun AdvancedProofingIssueV2Themed SCXW116654998 BCX0\" data-ccp-parastyle=\"Standard\" data-ccp-parastyle-defn=\"{&quot;ObjectId&quot;:&quot;6b86923b-7e8e-4018-aca7-55e63bcb76ee|5&quot;,&quot;ClassId&quot;:1073872969,&quot;Properties&quot;:[469775450,&quot;Standard&quot;,201340122,&quot;2&quot;,134233614,&quot;true&quot;,469778129,&quot;Standard&quot;,335572020,&quot;1&quot;,469777841,&quot;Times New Roman&quot;,469777842,&quot;Arial&quot;,469777843,&quot;SimSun&quot;,469777844,&quot;Times New Roman&quot;,469769226,&quot;Times New Roman,Arial,SimSun&quot;,268442635,&quot;24&quot;,335559704,&quot;1081&quot;,335559705,&quot;2052&quot;,335551547,&quot;14346&quot;,134245417,&quot;false&quot;]}\">J\u00f3venes a Programar<\/span><span class=\"NormalTextRun SCXW116654998 BCX0\" data-ccp-parastyle=\"Standard\"> (<\/span><span class=\"NormalTextRun SpellingErrorV2Themed SCXW116654998 BCX0\" data-ccp-parastyle=\"Standard\">JaP<\/span><span class=\"NormalTextRun SCXW116654998 BCX0\" data-ccp-parastyle=\"Standard\">) es un programa de Ceibal que surge en el 2016 para capacitar y ayudar a insertar laboralmente a j\u00f3venes de 18 a 30 a\u00f1os de todo el pa\u00eds en el \u00e1rea de las <\/span><span class=\"NormalTextRun SCXW116654998 BCX0\" data-ccp-parastyle=\"Standard\">tecnolog\u00edas de la informaci\u00f3n.<\/span><\/strong><!--more--><\/p>\n<p><span data-contrast=\"auto\">A trav\u00e9s de este programa de un a\u00f1o vivir\u00e1s cambios a nivel acad\u00e9mico, laboral y hasta personal. Adem\u00e1s, en agosto se realizar\u00e1 la Primera Feria de Empleo Joven del programa.<\/span><span data-ccp-props=\"{&quot;134245417&quot;:false}\">\u00a0<\/span><\/p>\n<p><span data-contrast=\"auto\">JaP ofrece cursos de programaci\u00f3n, testing y otras tecnolog\u00edas con el apoyo de CUTI, BID-Lab y las principales empresas del sector.<\/span><span data-ccp-props=\"{&quot;134245417&quot;:false}\">\u00a0<\/span><\/p>\n<p><span data-contrast=\"auto\">Una vez que cuentes con la certificaci\u00f3n inicial de Programador o Tester podr\u00e1s formarte en cursos m\u00e1s espec\u00edficos y\/o buscar distintas oportunidades laborales en el sector de tecnolog\u00eda a trav\u00e9s de nuestro Servicio de Intermediaci\u00f3n Laboral.<\/span><span data-ccp-props=\"{&quot;134245417&quot;:false}\">\u00a0<\/span><\/p>\n<p><span data-contrast=\"auto\">La edici\u00f3n 2024 de J\u00f3venes a Programar est\u00e1 destinada a las mujeres, se encuentra nuevamente frente a una propuesta para fortalecer la participaci\u00f3n de las mujeres en el \u00e1rea de las tecnolog\u00edas de la informaci\u00f3n. En Uruguay y la regi\u00f3n, la brecha de g\u00e9nero en la industria de las tecnolog\u00edas de la informaci\u00f3n (TI) es un fen\u00f3meno que refleja desigualdades significativas en t\u00e9rminos de participaci\u00f3n y representaci\u00f3n de las mujeres. Con esta iniciativa, JaP aborda dicha problem\u00e1tica con la intenci\u00f3n de reducir la brecha que existe en el sector de la tecnolog\u00eda, as\u00ed como tambi\u00e9n de aumentar el acceso de las mujeres a las tecnolog\u00edas de la informaci\u00f3n y la comunicaci\u00f3n.<\/span><span data-ccp-props=\"{&quot;134245417&quot;:false}\">\u00a0<\/span><\/p>\n<p><span data-contrast=\"auto\">El proyecto tiene un alcance nacional ya que los cursos se dictan de forma 100% virtual, con un acompa\u00f1amiento cercano de Referentes y Tutores T\u00e9cnicos. El programa cuenta con m\u00e1s de 4.000 personas egresadas de sus 6 ediciones, quienes se capacitaron en Testing, Desarrollo Web, GeneXus, .Net, Business Intelligence o Python, entre otros.<\/span><span data-ccp-props=\"{&quot;134245417&quot;:false}\">\u00a0<\/span><\/p>\n<p><span data-contrast=\"auto\">La Feria de Empleo organizada por J\u00f3venes a Programar de Ceibal y la Direcci\u00f3n Nacional de Empleo del Ministerio de Trabajo y Seguridad Social, con el apoyo de la C\u00e1mara Uruguaya de Tecnolog\u00edas de la Informaci\u00f3n, tendr\u00e1 lugar el 16 de agosto, est\u00e1 dirigida a estudiantes y egresados de J\u00f3venes a Programar y de otras instituciones educativas orientadas al estudio de las tecnolog\u00edas, as\u00ed como a j\u00f3venes en b\u00fasqueda de empleo o reconversi\u00f3n laboral en el \u00e1rea de las TIC.<\/span><span data-ccp-props=\"{&quot;134245417&quot;:false}\">\u00a0<\/span><\/p>\n<p><span data-contrast=\"auto\">Participar\u00e1n 16 empresas tecnol\u00f3gicas y no tecnol\u00f3gicas, adem\u00e1s de organizaciones, con stands para presentar su oferta de empleabilidad y dialogar de primera mano. El ingreso es gratuito y no se requiere inscripci\u00f3n para asistir.<\/span><span data-ccp-props=\"{&quot;134245417&quot;:false}\">\u00a0<\/span><\/p>\n<p><span data-contrast=\"auto\">A lo largo de la jornada habr\u00e1 cuatro charlas que abordar\u00e1n diferentes tem\u00e1ticas relacionadas a empleabilidad, perfiles de trabajo en TI y videojuegos con el objetivo de conocer las tendencias y los requerimientos del mercado laboral en tecnolog\u00eda.<\/span><span data-ccp-props=\"{&quot;134245417&quot;:false}\">\u00a0<\/span><\/p>\n<p><span data-contrast=\"auto\">Esta iniciativa se presenta como una respuesta necesaria de cara a las demandas cambiantes de perfiles IT en el mercado laboral y ante la necesidad de generar espacios para conectar a empresas con estudiantes vinculados estrechamente a la tecnolog\u00eda, as\u00ed como para generar espacios de vinculaci\u00f3n entre empresas y el Servicio de Intermediaci\u00f3n Laboral de J\u00f3venes a Programar.<\/span><span data-ccp-props=\"{&quot;134245417&quot;:false}\">\u00a0<\/span><\/p>\n<p><strong>Agenda de las charlas:\u00a0<\/strong><\/p>\n<p><span data-contrast=\"auto\">10:30 a 11:15 h: \u201cMercado laboral y marca personal: tips para una b\u00fasqueda de empleo exitosa\u201d, a cargo de B\u00fasquedas IT.<\/span><span data-ccp-props=\"{&quot;134245417&quot;:false}\">\u00a0<\/span><\/p>\n<p><span data-contrast=\"auto\">11:30 a 12:15 h: conversatorio \u201cOportunidades para juniors: primeros pasos en el mundo IT\u201d, a cargo de Globant y TCS.<\/span><span data-ccp-props=\"{&quot;134245417&quot;:false}\">\u00a0<\/span><\/p>\n<p><span data-contrast=\"auto\">14:00 a 14:45 h: conversatorio taller \u201cLa importancia de las competencias transversales en el proceso de b\u00fasqueda de empleo\u201d, a cargo de la Direcci\u00f3n Nacional de Empleo.<\/span><span data-ccp-props=\"{&quot;134245417&quot;:false}\">\u00a0<\/span><\/p>\n<p><span data-contrast=\"auto\">15:30 a 16:15 h: \u201cC\u00f3mo ingresar al mundo de los Videojuegos: Una oportunidad real en una industria sin fronteras\u201d, a cargo de CAVI y Global Consulting 360.<\/span><span data-ccp-props=\"{&quot;134245417&quot;:false}\">\u00a0<\/span><\/p>\n<p><span data-contrast=\"auto\">Esta feria de empleo enfocada en tecnolog\u00eda permitir\u00e1 tender puentes entre j\u00f3venes en b\u00fasqueda de empleo y empresas del sector interesadas en atraer talento valioso para trabajar en sus organizaciones.<\/span><span data-ccp-props=\"{&quot;134245417&quot;:false}\">\u00a0<\/span><\/p>\n","protected":false},"excerpt":{"rendered":"<p>J\u00f3venes a Programar (JaP) es un programa de Ceibal que surge en el 2016 para capacitar y ayudar a insertar laboralmente a j\u00f3venes de 18 a 30 a\u00f1os de todo el pa\u00eds en el \u00e1rea de las tecnolog\u00edas de la informaci\u00f3n.<\/p>\n","protected":false},"author":4,"featured_media":5217,"comment_status":"closed","ping_status":"closed","sticky":false,"template":"","format":"standard","meta":{"footnotes":""},"categories":[5,17],"tags":[],"class_list":["post-5216","post","type-post","status-publish","format-standard","has-post-thumbnail","hentry","category-durazno","category-suplemento-mujer"],"_links":{"self":[{"href":"https:\/\/paginacero.com.uy\/index.php?rest_route=\/wp\/v2\/posts\/5216","targetHints":{"allow":["GET"]}}],"collection":[{"href":"https:\/\/paginacero.com.uy\/index.php?rest_route=\/wp\/v2\/posts"}],"about":[{"href":"https:\/\/paginacero.com.uy\/index.php?rest_route=\/wp\/v2\/types\/post"}],"author":[{"embeddable":true,"href":"https:\/\/paginacero.com.uy\/index.php?rest_route=\/wp\/v2\/users\/4"}],"replies":[{"embeddable":true,"href":"https:\/\/paginacero.com.uy\/index.php?rest_route=%2Fwp%2Fv2%2Fcomments&post=5216"}],"version-history":[{"count":1,"href":"https:\/\/paginacero.com.uy\/index.php?rest_route=\/wp\/v2\/posts\/5216\/revisions"}],"predecessor-version":[{"id":5218,"href":"https:\/\/paginacero.com.uy\/index.php?rest_route=\/wp\/v2\/posts\/5216\/revisions\/5218"}],"wp:featuredmedia":[{"embeddable":true,"href":"https:\/\/paginacero.com.uy\/index.php?rest_route=\/wp\/v2\/media\/5217"}],"wp:attachment":[{"href":"https:\/\/paginacero.com.uy\/index.php?rest_route=%2Fwp%2Fv2%2Fmedia&parent=5216"}],"wp:term":[{"taxonomy":"category","embeddable":true,"href":"https:\/\/paginacero.com.uy\/index.php?rest_route=%2Fwp%2Fv2%2Fcategories&post=5216"},{"taxonomy":"post_tag","embeddable":true,"href":"https:\/\/paginacero.com.uy\/index.php?rest_route=%2Fwp%2Fv2%2Ftags&post=5216"}],"curies":[{"name":"wp","href":"https:\/\/api.w.org\/{rel}","templated":true}]}}