{"id":5213,"date":"2024-07-25T19:47:55","date_gmt":"2024-07-25T22:47:55","guid":{"rendered":"https:\/\/paginacero.com.uy\/?p=5213"},"modified":"2024-07-25T19:47:55","modified_gmt":"2024-07-25T22:47:55","slug":"escuela-industrial-utu-obra-de-vital-importancia","status":"publish","type":"post","link":"https:\/\/paginacero.com.uy\/?p=5213","title":{"rendered":"\u201cESCUELA INDUSTRIAL\u201d, UTU. Obra de vital importancia"},"content":{"rendered":"<p><strong><span class=\"TextRun SCXW141197062 BCX0\" lang=\"ES-MX\" xml:lang=\"ES-MX\" data-contrast=\"auto\"><span class=\"NormalTextRun SCXW141197062 BCX0\">Surge con la finalidad de \u201cdarle al joven un instrumento de trabajo para que pueda desenvolverse en su vida futura\u201d y era considerada una obra de vital importancia para el pueblo y el desarrollo de la zona adyacente.\u00a0<\/span><\/span><\/strong><!--more--><\/p>\n<p>Disman Anchieri<\/p>\n<p><span data-contrast=\"auto\">Corr\u00edan los primeros a\u00f1os de la d\u00e9cada del 70, nuevamente son los vecinos los que impulsan una obra,<\/span> <span data-contrast=\"auto\">la Escuela Industrial del Carmen, conquista de l\u00f3gica importancia comunitaria, que pasa a ser tambi\u00e9n, un valedero hito en el complejo educativo lugare\u00f1o.<\/span><span data-ccp-props=\"{&quot;201341983&quot;:0,&quot;335559739&quot;:200,&quot;335559740&quot;:276}\">\u00a0<\/span><\/p>\n<p><span data-contrast=\"auto\">Nacida en el fervor apasionado de quienes bregan por el progreso de su tierra y de su gente, hay que remontarse\u00a0 hasta el 21 de abril de 1972, para encontrar en los nombres de antiguos vecinos\u00a0 como el Rev. Juan Tress, Ra\u00fal Fern\u00e1ndez, Gladys Santiago de Gonz\u00e1lez, Pedro Javier Gonz\u00e1lez, Sinforoso S\u00e1nchez, Jorge A. Vignoli, Modesto Abella, Rosa Lugo de Guti\u00e9rrez, Bolivar Andrade, Dr. Antonio Quinteros, Dr. Rufino Men\u00e9ndez, Hayd\u00e9e Tachella de Andrade, Elsa Gonz\u00e1lez de Santos, Paulo Rodr\u00edguez, Ana Ma. Rodr\u00edguez, Celso Anzola, Julio Gonz\u00e1lez y Nelly Aguirre a los pioneros iniciales de este Instituto T\u00e9cnico\u00a0 de tan noble y proficua labor. En la hora del recuerdo y haciendo justicia, junto a estos nombres, no dejamos de evocar el importante apoyo brindado por los entonces representantes por el departamento, Diputado e Intendente, las Empresas, las autoridades locales, Policiales, de Primaria y Utu, as\u00ed como vecinos que con su entrega, trabajo y colaboraci\u00f3n an\u00f3nima y beneficiosa fueron dando forma a una instituci\u00f3n y un lugar de devenir incierto, pero desde el inicio orgullo de los carmenses.<\/span><span data-ccp-props=\"{&quot;201341983&quot;:0,&quot;335559739&quot;:200,&quot;335559740&quot;:276}\">\u00a0<\/span><\/p>\n<p><span data-contrast=\"auto\">La historia de la UTU del Carmen, con vicisitudes y dificultades es y ha sido como otras, colectiva, compartida y hermosa, detr\u00e1s de sus logros y fracasos, hubo siempre gestos y trabajos solidarios y desinteresados de muchos ciudadanos e instituciones. Esfuerzos que en forma simult\u00e1nea y con fuerza iniciaban cursos, realizaban beneficios, consegu\u00edan terreno, (donado por Faraut Hnos.), materiales, confecci\u00f3n de plano, tr\u00e1mites, financiaci\u00f3n y construcci\u00f3n a partir de abril de 1974 de su funcional local propio, en un amplio terreno en una esquina frente al Liceo.\u00a0\u00a0\u00a0\u00a0\u00a0\u00a0\u00a0\u00a0\u00a0\u00a0\u00a0\u00a0\u00a0\u00a0\u00a0\u00a0\u00a0\u00a0\u00a0\u00a0\u00a0\u00a0\u00a0\u00a0\u00a0\u00a0\u00a0\u00a0\u00a0\u00a0\u00a0\u00a0\u00a0\u00a0\u00a0\u00a0\u00a0\u00a0\u00a0\u00a0\u00a0\u00a0\u00a0\u00a0\u00a0\u00a0\u00a0\u00a0\u00a0\u00a0\u00a0\u00a0\u00a0\u00a0\u00a0\u00a0\u00a0\u00a0\u00a0\u00a0\u00a0\u00a0 Un edificio conseguido con tes\u00f3n y trabajo incesante.<\/span><span data-ccp-props=\"{&quot;201341983&quot;:0,&quot;335559739&quot;:200,&quot;335559740&quot;:276}\">\u00a0<\/span><\/p>\n<p><span data-contrast=\"auto\">Se coloca la piedra fundamental del edificio\u00a0 el 1 de abril de 1973 y al mismo tiempo se habilitan los primeros\u00a0 cursos de Cester\u00eda y Carpinter\u00eda, que se contin\u00faan con \u00e9xito en los a\u00f1os siguientes con excelentes trabajos logrados, muy motivadores, que llevan a agregar otros, como se hizo en 1976 cuando se incorporan cursos de \u201cHogar Rural\u201d y \u201cCer\u00e1mica\u201d. En 1977 se inician cursos de \u201cTejido y Lana R\u00fastica\u201d, tambi\u00e9n\u00a0 el provechoso y pr\u00e1ctico\u00a0 taller de \u201cInstalaciones El\u00e9ctricas\u201d, que permiti\u00f3 prontamente que alumnos y Profesores se ocuparan de realizar instalaciones en la Plaza de Deportes, en el Bulevar, en comercios y viviendas particulares como aplicaci\u00f3n de los conocimientos adquiridos. Siguieron luego los cursos de \u201cVestimenta\u201d, \u201cCorte y Costura\u201d, \u201cTalabarter\u00eda\u201d, \u201cMec\u00e1nica\u201d, \u201cMotosierras\u201d, \u201cCocina\u201d, \u201cPanader\u00eda\u201d, \u201cReposter\u00eda\u201d entre otros. Todos con muy buena inscripci\u00f3n y aceptaci\u00f3n manifiesta de sus participantes.\u00a0<\/span><span data-ccp-props=\"{&quot;201341983&quot;:0,&quot;335559739&quot;:200,&quot;335559740&quot;:276}\">\u00a0<\/span><\/p>\n<p><span data-contrast=\"auto\">Actualmente la UTU de Ciudad del Carmen, funciona como anexo de la Utu de Sarand\u00ed del Yi, sus clases son vespertinas de 13,15 a 19,30 hs. con grupos de BTP (Bachillerato T\u00e9cnico Profesional) de Carpinter\u00eda y Rumbo de Ed. Media, para alumnos que tienen aqu\u00ed la posibilidad de terminar en menos tiempo el ciclo b\u00e1sico. Cuenta con 40 alumnos y 15 profesores.\u00a0<\/span><span data-ccp-props=\"{&quot;201341983&quot;:0,&quot;335559739&quot;:200,&quot;335559740&quot;:276}\">\u00a0<\/span><\/p>\n","protected":false},"excerpt":{"rendered":"<p>Surge con la finalidad de \u201cdarle al joven un instrumento de trabajo para que pueda desenvolverse en su vida futura\u201d y era considerada una obra de vital importancia para el pueblo y el desarrollo de la zona adyacente.\u00a0<\/p>\n","protected":false},"author":4,"featured_media":5214,"comment_status":"closed","ping_status":"closed","sticky":false,"template":"","format":"standard","meta":{"footnotes":""},"categories":[5],"tags":[],"class_list":["post-5213","post","type-post","status-publish","format-standard","has-post-thumbnail","hentry","category-durazno"],"_links":{"self":[{"href":"https:\/\/paginacero.com.uy\/index.php?rest_route=\/wp\/v2\/posts\/5213","targetHints":{"allow":["GET"]}}],"collection":[{"href":"https:\/\/paginacero.com.uy\/index.php?rest_route=\/wp\/v2\/posts"}],"about":[{"href":"https:\/\/paginacero.com.uy\/index.php?rest_route=\/wp\/v2\/types\/post"}],"author":[{"embeddable":true,"href":"https:\/\/paginacero.com.uy\/index.php?rest_route=\/wp\/v2\/users\/4"}],"replies":[{"embeddable":true,"href":"https:\/\/paginacero.com.uy\/index.php?rest_route=%2Fwp%2Fv2%2Fcomments&post=5213"}],"version-history":[{"count":1,"href":"https:\/\/paginacero.com.uy\/index.php?rest_route=\/wp\/v2\/posts\/5213\/revisions"}],"predecessor-version":[{"id":5215,"href":"https:\/\/paginacero.com.uy\/index.php?rest_route=\/wp\/v2\/posts\/5213\/revisions\/5215"}],"wp:featuredmedia":[{"embeddable":true,"href":"https:\/\/paginacero.com.uy\/index.php?rest_route=\/wp\/v2\/media\/5214"}],"wp:attachment":[{"href":"https:\/\/paginacero.com.uy\/index.php?rest_route=%2Fwp%2Fv2%2Fmedia&parent=5213"}],"wp:term":[{"taxonomy":"category","embeddable":true,"href":"https:\/\/paginacero.com.uy\/index.php?rest_route=%2Fwp%2Fv2%2Fcategories&post=5213"},{"taxonomy":"post_tag","embeddable":true,"href":"https:\/\/paginacero.com.uy\/index.php?rest_route=%2Fwp%2Fv2%2Ftags&post=5213"}],"curies":[{"name":"wp","href":"https:\/\/api.w.org\/{rel}","templated":true}]}}