{"id":5210,"date":"2024-07-25T19:41:50","date_gmt":"2024-07-25T22:41:50","guid":{"rendered":"https:\/\/paginacero.com.uy\/?p=5210"},"modified":"2024-07-25T19:41:50","modified_gmt":"2024-07-25T22:41:50","slug":"maximo-atelier-un-espacio-de-arte-para-los-ninos","status":"publish","type":"post","link":"https:\/\/paginacero.com.uy\/?p=5210","title":{"rendered":"\u201cM\u00e1ximo Atelier\u201d: un espacio de arte para los ni\u00f1os"},"content":{"rendered":"<p><strong><span class=\"TextRun SCXW168947740 BCX0\" lang=\"ES-UY\" xml:lang=\"ES-UY\" data-contrast=\"auto\"><span class=\"NormalTextRun SCXW168947740 BCX0\" data-ccp-parastyle=\"Standard\" data-ccp-parastyle-defn=\"{&quot;ObjectId&quot;:&quot;760afda0-905f-49af-9d69-d6be9c13870b|5&quot;,&quot;ClassId&quot;:1073872969,&quot;Properties&quot;:[469775450,&quot;Standard&quot;,201340122,&quot;2&quot;,134233614,&quot;true&quot;,469778129,&quot;Standard&quot;,335572020,&quot;1&quot;,469777841,&quot;Times New Roman&quot;,469777842,&quot;Arial&quot;,469777843,&quot;SimSun&quot;,469777844,&quot;Times New Roman&quot;,469769226,&quot;Times New Roman,Arial,SimSun&quot;,268442635,&quot;24&quot;,335559704,&quot;1081&quot;,335559705,&quot;2052&quot;,335551547,&quot;14346&quot;,134245417,&quot;false&quot;]}\">Antonella es una joven profesora de comunicaci\u00f3n visual que ha puesto en marcha desde hace algunos a\u00f1os el \u201cM\u00e1ximo Atelier\u201d, inspirado en su hijo y en las ganas de compartir el arte <\/span><span class=\"NormalTextRun SCXW168947740 BCX0\" data-ccp-parastyle=\"Standard\">desde la primera infancia.<\/span><\/span><span class=\"EOP SCXW168947740 BCX0\" data-ccp-props=\"{&quot;134245417&quot;:false}\">\u00a0<\/span><\/strong><!--more--><\/p>\n<p><span data-contrast=\"auto\">\u201cSoy Antonella Rodr\u00edguez Gonz\u00e1lez, tengo 30 a\u00f1os. Nac\u00ed el 8 de julio de 1994 en San Jos\u00e9 de Mayo, viv\u00ed hasta los 13 a\u00f1os en Sarand\u00ed del Y\u00ed, lugar donde vive gran parte de mi familia hasta que en 2007 nos mudamos a la ciudad de Durazno con mi madre y hermanos. Actualmente vivo con mi esposo Iv\u00e1n y mi hijo M\u00e1ximo. Nos casamos en 2018 y en 2021 naci\u00f3 M\u00e1ximo y con \u00e9l mi maternidad\u201d cont\u00f3 present\u00e1ndose.<\/span><span data-ccp-props=\"{&quot;134245417&quot;:false}\">\u00a0<\/span><\/p>\n<p><span data-contrast=\"auto\">\u201cLo que m\u00e1s me gusta es pasar tiempo en familia, con mi hijo, estar en casa, soy muy de la familia y del hogar. Tambi\u00e9n pintar cuadros cuando encuentro alg\u00fan tiempito\u201d agreg\u00f3.<\/span><span data-ccp-props=\"{&quot;134245417&quot;:false}\">\u00a0<\/span><\/p>\n<p><span data-contrast=\"auto\">Antonella tuvo tambi\u00e9n un pasaje por el modelaje, durante algunos a\u00f1os estuvo concurriendo a diferentes eventos y tuvo lo que define \u201ccomo su mejor experiencia\u201d en el \u00e1rea: un viaje a Colombia donde adem\u00e1s de competir y desfilar, conoci\u00f3 mucho de culturas alejadas a la nuestra.<\/span><span data-ccp-props=\"{&quot;134245417&quot;:false}\">\u00a0<\/span><\/p>\n<p><span data-contrast=\"auto\">\u201cEn el 2011, no fue algo que lo planee ni lo hab\u00eda so\u00f1ado de chica, la moda no era algo de lo que yo so\u00f1aba, fue algo que se dio a trav\u00e9s de las circunstancias y me gust\u00f3 mucho la experiencia del modelaje, le di continuidad por algunos a\u00f1os m\u00e1s. Comenc\u00e9 ese a\u00f1o cuando fueron de la Oficina de la Juventud a UTU para incentivar a los j\u00f3venes para anotarse al certamen de Miss Durazno, me anot\u00e9, qued\u00e9 como Primera Princesa, en el 2012 me anot\u00e9 otra vez, donde me eligieron como Miss Durazno, en el 2013 fui Miss Las Ca\u00f1as,\u00a0 me eligieron tambi\u00e9n como Buena Compa\u00f1era, fui elegida como Miss Cultura en un evento que se hizo en Durazno y en 2014 viaj\u00e9 a Colombia, porque no se hizo Miss Uruguay ac\u00e1, me ofrecieron ir a representar a Uruguay en Colombia, fue la experiencia m\u00e1s enriquecedora de todas, adem\u00e1s del crecimiento personal\u201d dijo.<\/span><span data-ccp-props=\"{&quot;134245417&quot;:false}\">\u00a0<\/span><\/p>\n<p><span data-contrast=\"auto\">\u201cEse fue el primer viaje que hice fuera del pa\u00eds, tuve que ir sola porque las posibilidades econ\u00f3micas de mi familia no les permit\u00edan viajar, tuve el apoyo total de ellos, en el certamen all\u00e1 me encontr\u00e9 con muchas chiquilinas de diferentes pa\u00edses, con formaci\u00f3n, estudios en lo del modelaje y yo realmente lo hice porque era algo que me gustaba y como para vivir otra experiencia. En esa ocasi\u00f3n que era la Reina Internacional del Caf\u00e9, hab\u00eda un certamen paralelo de la Polic\u00eda, all\u00ed fui elegida como Miss Polic\u00eda de Manizales y en el reinado Internacional del Caf\u00e9 qued\u00e9 dentro de las cinco finalistas. Esa fue mi mejor experiencia con el modelaje\u201d agreg\u00f3.<\/span><span data-ccp-props=\"{&quot;134245417&quot;:false}\">\u00a0<\/span><\/p>\n<p><span data-contrast=\"auto\">\u201cParticip\u00e9 en otros eventos, en el Raid de Sarand\u00ed Grande donde sal\u00ed reina, fui Primera Princesa de Miss Expo Prado, Primera Princesa en el Certamen de la Vendimia, lo que me dej\u00f3 esto fue la experiencia, lindos momentos, compartir con otras personas que hasta ahora tengo v\u00ednculos y que surgieron en los desfiles, conocer otras culturas, fue como una ayuda para desenvolverme personalmente ya que soy muy t\u00edmida ante los medios, fue algo muy enriquecedor\u201d cont\u00f3.<\/span><span data-ccp-props=\"{&quot;134245417&quot;:false}\">\u00a0<\/span><\/p>\n<p><span data-contrast=\"auto\">Ella es profesora de Comunicaci\u00f3n Visual, una pasi\u00f3n que conoci\u00f3 y ejerce desde hace algunos a\u00f1os y que le ha permitido crear su \u201cM\u00e1ximo Atelier\u201d, un espacio dedicado a la ense\u00f1anza del arte a los m\u00e1s peque\u00f1os.<\/span><span data-ccp-props=\"{&quot;134245417&quot;:false}\">\u00a0<\/span><\/p>\n<p><span data-contrast=\"auto\">\u201cSoy docente de Comunicaci\u00f3n Visual, carrera que es m\u00e1s conocida como profesora de dibujo, me recib\u00ed en el 2021 luego de tener a mi hijo, trabajo generalmente en la UTU, en el Liceo, en la Escuela de Arte hice una suplencia y en realidad lo eleg\u00ed porque supe siempre que quer\u00eda hacer algo relacionado al dibujo, no me di cuenta hasta que me fui a Montevideo para estudiar otra cosa y all\u00ed mi experiencia no fue buena, no quer\u00eda irme de Durazno y al otro a\u00f1o regres\u00e9 y comenc\u00e9 el profesorado de Comunicaci\u00f3n Visual, ah\u00ed fue que conoc\u00ed el gusto por el arte, el ense\u00f1ar a otros, lo aprend\u00ed durante el desarrollo de la carrera, porque eso se aprende cuando uno comienza a dar clases y me gusta mucho ense\u00f1ar\u201d agreg\u00f3.<\/span><span data-ccp-props=\"{&quot;134245417&quot;:false}\">\u00a0<\/span><\/p>\n<p><span data-contrast=\"auto\">\u201cSi bien el profesorado est\u00e1 orientado hacia los adolescentes, despu\u00e9s de tener a mi hijo y haber elegido el camino de la crianza respetuosa, estudiar mucho sobre las infancias, encontr\u00e9 desde ah\u00ed y en mi experiencia en la Escuela de Arte de Primaria, el gusto de ense\u00f1arle a los m\u00e1s peque\u00f1os. Los ni\u00f1os son sorprendentes, son creativos, tienen todo para explotar y ah\u00ed es que tuve una etapa en la que dej\u00e9 de trabajar, supe siempre que quer\u00eda tener mi propio taller y de a poco fui construyendo eso. Actualmente tengo un taller de ni\u00f1os de cuatro a diez a\u00f1os, ellos vienen a probar su experiencia y me gusta mucho ense\u00f1arles\u201d dijo.<\/span><span data-ccp-props=\"{&quot;134245417&quot;:false}\">\u00a0<\/span><\/p>\n<p><span data-contrast=\"auto\">\u201cEl taller de Arte se llama M\u00e1ximo Atelier, la inspiraci\u00f3n para el nombre del taller y para la instalaci\u00f3n es mi hijo M\u00e1ximo. All\u00ed se aprende desde la experiencia, desde el juego, se manejan lenguajes expresivos, no siempre sobre una hoja, tambi\u00e9n sobre bastidor, cart\u00f3n, yeso, para que ellos puedan experimentar diferentes t\u00e9cnicas, diferentes soportes, diferentes maneras de ver las cosas. Desde una misma actividad surgen infinitos trabajos, ellos tienen una diferente forma de ver las cosas, a veces bailamos, disfrutamos, aprenden alg\u00fan contenido relacionado con el arte, pero tambi\u00e9n es un lugar para que ellos tengan ganas ese d\u00eda, hay un poco m\u00e1s de libertad que en otros talleres de arte, donde la planificaci\u00f3n est\u00e1 primero. Ac\u00e1 ellos pueden elegir lo que quieren trabajar, uso la Pedagog\u00eda Montessori me gusta mucho tanto para la crianza como para la ense\u00f1anza.<\/span><span data-ccp-props=\"{&quot;134245417&quot;:false}\">\u00a0<\/span><\/p>\n<p><span data-contrast=\"auto\">Mar\u00eda Montessori ten\u00eda todos los materiales al alcance de los ni\u00f1os para que ellos pudieran elegir, trato de a poco de incluir algunas cosas\u201d agreg\u00f3.<\/span><span data-ccp-props=\"{&quot;134245417&quot;:false}\">\u00a0<\/span><\/p>\n<p><span data-contrast=\"auto\">El arte es una forma de expresi\u00f3n \u00fanica, Antonella considera que en la infancia es imprescindible darle espacio a su desarrollo.<\/span><span data-ccp-props=\"{&quot;134245417&quot;:false}\">\u00a0<\/span><\/p>\n<p><span data-contrast=\"auto\">\u201cEl arte en la infancia es todo, para expresar, para experimentar, no solo lo que es el arte. En el taller ellos crean v\u00ednculos, aprenden a compartir, a convivir, a trav\u00e9s del arte pueden crear, imaginar, experimentar, es como que despu\u00e9s desarrollan una mirada diferente, en la adolescencia te das mucho cuenta cuando una persona no ha tenido arte en su infancia, les cuesta imaginar, crear, el proceso de practicar actividades para que vayan desarrollando su potencial creativo, sin embargo de los ni\u00f1os surge espont\u00e1neamente, son sorprendentes. Me gustar\u00eda en alg\u00fan momento tener alg\u00fan atelier para grandes, pero no estoy preparada para eso a\u00fan, me faltan estudios en lo que es la parte de pintura, que generalmente es lo que la gente grande quiere. Con los ni\u00f1os ten\u00e9s otras posibilidades, jugar, cantar, expresarse de diferentes maneras siempre desde el arte\u201d finaliz\u00f3.<\/span><span data-ccp-props=\"{&quot;134245417&quot;:false}\">\u00a0<\/span><\/p>\n<p>&nbsp;<\/p>\n","protected":false},"excerpt":{"rendered":"<p>Antonella es una joven profesora de comunicaci\u00f3n visual que ha puesto en marcha desde hace algunos a\u00f1os el \u201cM\u00e1ximo Atelier\u201d, inspirado en su hijo y en las ganas de compartir el arte desde la primera infancia.\u00a0<\/p>\n","protected":false},"author":4,"featured_media":5211,"comment_status":"closed","ping_status":"closed","sticky":false,"template":"","format":"standard","meta":{"footnotes":""},"categories":[5,17],"tags":[],"class_list":["post-5210","post","type-post","status-publish","format-standard","has-post-thumbnail","hentry","category-durazno","category-suplemento-mujer"],"_links":{"self":[{"href":"https:\/\/paginacero.com.uy\/index.php?rest_route=\/wp\/v2\/posts\/5210","targetHints":{"allow":["GET"]}}],"collection":[{"href":"https:\/\/paginacero.com.uy\/index.php?rest_route=\/wp\/v2\/posts"}],"about":[{"href":"https:\/\/paginacero.com.uy\/index.php?rest_route=\/wp\/v2\/types\/post"}],"author":[{"embeddable":true,"href":"https:\/\/paginacero.com.uy\/index.php?rest_route=\/wp\/v2\/users\/4"}],"replies":[{"embeddable":true,"href":"https:\/\/paginacero.com.uy\/index.php?rest_route=%2Fwp%2Fv2%2Fcomments&post=5210"}],"version-history":[{"count":1,"href":"https:\/\/paginacero.com.uy\/index.php?rest_route=\/wp\/v2\/posts\/5210\/revisions"}],"predecessor-version":[{"id":5212,"href":"https:\/\/paginacero.com.uy\/index.php?rest_route=\/wp\/v2\/posts\/5210\/revisions\/5212"}],"wp:featuredmedia":[{"embeddable":true,"href":"https:\/\/paginacero.com.uy\/index.php?rest_route=\/wp\/v2\/media\/5211"}],"wp:attachment":[{"href":"https:\/\/paginacero.com.uy\/index.php?rest_route=%2Fwp%2Fv2%2Fmedia&parent=5210"}],"wp:term":[{"taxonomy":"category","embeddable":true,"href":"https:\/\/paginacero.com.uy\/index.php?rest_route=%2Fwp%2Fv2%2Fcategories&post=5210"},{"taxonomy":"post_tag","embeddable":true,"href":"https:\/\/paginacero.com.uy\/index.php?rest_route=%2Fwp%2Fv2%2Ftags&post=5210"}],"curies":[{"name":"wp","href":"https:\/\/api.w.org\/{rel}","templated":true}]}}