{"id":5196,"date":"2024-07-25T19:03:23","date_gmt":"2024-07-25T22:03:23","guid":{"rendered":"https:\/\/paginacero.com.uy\/?p=5196"},"modified":"2024-07-25T19:03:23","modified_gmt":"2024-07-25T22:03:23","slug":"aca-sigo-de-pie","status":"publish","type":"post","link":"https:\/\/paginacero.com.uy\/?p=5196","title":{"rendered":"\u201cAc\u00e1 sigo de pie\u201d"},"content":{"rendered":"<p><strong><span class=\"TextRun SCXW180206947 BCX0\" lang=\"ES-UY\" xml:lang=\"ES-UY\" data-contrast=\"auto\"><span class=\"NormalTextRun SCXW180206947 BCX0\" data-ccp-parastyle=\"Standard\" data-ccp-parastyle-defn=\"{&quot;ObjectId&quot;:&quot;9076cca8-5dac-411f-aedd-14b291c98742|5&quot;,&quot;ClassId&quot;:1073872969,&quot;Properties&quot;:[469775450,&quot;Standard&quot;,201340122,&quot;2&quot;,134233614,&quot;true&quot;,469778129,&quot;Standard&quot;,335572020,&quot;1&quot;,469777841,&quot;Times New Roman&quot;,469777842,&quot;Arial&quot;,469777843,&quot;SimSun&quot;,469777844,&quot;Times New Roman&quot;,469769226,&quot;Times New Roman,Arial,SimSun&quot;,268442635,&quot;24&quot;,335559704,&quot;1081&quot;,335559705,&quot;2052&quot;,335551547,&quot;14346&quot;,134245417,&quot;false&quot;]}\">Cristina <\/span><span class=\"NormalTextRun SpellingErrorV2Themed SCXW180206947 BCX0\" data-ccp-parastyle=\"Standard\">Gularte<\/span><span class=\"NormalTextRun SCXW180206947 BCX0\" data-ccp-parastyle=\"Standard\"> lleva adelante una din\u00e1mica vida, desde bailarina, peluquera, trabajadora dom\u00e9stica, locutora, modelo y atleta, con much\u00edsima energ\u00eda y buscando seguir adelante, cumpliendo sus sue\u00f1os.<\/span><\/span><span class=\"EOP SCXW180206947 BCX0\" data-ccp-props=\"{&quot;134245417&quot;:false}\">\u00a0<\/span><\/strong><!--more--><\/p>\n<p><span data-contrast=\"auto\">\u201cEn mi familia somos seis hermanos, cinco mujeres y un var\u00f3n. Mi ni\u00f1ez y mi escuela fue en campa\u00f1a, en Caballero, hice hasta 5to de escuela en esa zona, mi padre era polic\u00eda y lo trasladaron a Durazno, entonces me cambi\u00e9 a la Escuela N\u00b0 11, barrio donde viv\u00ed bastante tiempo. Desde ni\u00f1a so\u00f1\u00e9 con modelar, bailar, todas esas cosas que ahora se ven comunes pero antes nuestros padres no nos pod\u00edan mandar a hacer porque sal\u00eda mucho dinero. Tengo muchos hobbies, modelar, bailar, pintar, realmente muchas cosas, de grande pude terminar los estudios y me form\u00e9 en varios oficios, adem\u00e1s de cursar el liceo nocturno\u201d dijo.<\/span><span data-ccp-props=\"{&quot;134245417&quot;:false}\">\u00a0<\/span><\/p>\n<p><span data-contrast=\"auto\">\u201cFuimos una familia muy humilde, mi padre era polic\u00eda, mi mam\u00e1 trabajaba en casa, nos dieron todo lo que pudieron, nos ense\u00f1aron todo lo que pudieron, no pudimos hacer el liceo porque eran otros tiempos y precisabas mucho dinero para seguir estudiando. Empec\u00e9 a trabajar a los 14 a\u00f1os de ni\u00f1era, luego tuve un novio, fui mam\u00e1 joven, tuve mi primer hijo a los 16 a\u00f1os, siendo adolescente. Despu\u00e9s, vino la segunda nena, se llevan tres a\u00f1os entre ellos y despu\u00e9s mi tercer hija, los tuve seguidos, me cri\u00e9 junto con ellos. Los eduqu\u00e9, no baj\u00e9 nunca los brazos si bien me juzgaban por ser mam\u00e1 joven, pero nunca me dio verg\u00fcenza, siempre mir\u00e9 para adelante y segu\u00ed. Creo que me daba m\u00e1s verg\u00fcenza hacerme un aborto que ser madre tan joven, los ni\u00f1os no piden venir al mundo, ellos no tienen por que sufrir, les tenemos que dar lo mejor. Como mam\u00e1, si bien me cost\u00f3 aprender un mont\u00f3n de cosas, crec\u00ed junto con ellos, creo que fue una de las cosas m\u00e1s lindas de la vida, les di todo lo mejor de lo que ten\u00eda\u201d agreg\u00f3.<\/span><span data-ccp-props=\"{&quot;134245417&quot;:false}\">\u00a0<\/span><\/p>\n<p><span data-contrast=\"auto\">\u201cLuego me separ\u00e9 y me qued\u00e9 con mis hijos, los termin\u00e9 de criar, estuve con otra pareja que ellos aceptaron como un padre, se llevaban bien.As\u00ed fueron creciendo, estudiando, terminaron el liceo, hoy por hoy, dos de ellos formaron su familia, tienen su casa, tengo tres nietos hermosos, orgullosa de ser abuela joven, con 53 a\u00f1os que voy a cumplir, feliz de poder verlos grandes e independientes, disfruto mis hijos en cada hora libre que tengo\u201d dijo.<\/span><span data-ccp-props=\"{&quot;134245417&quot;:false}\">\u00a0<\/span><\/p>\n<p><span data-contrast=\"auto\">\u201cAh\u00ed conoc\u00ed el candombe, no bailaba, pero un d\u00eda sali\u00f3 una comparsa a la calle y si bien siempre me gustaba bailar, cantar, sal\u00ed atr\u00e1s de una comparsa y me invitaron a bailar, me gust\u00f3 y empez\u00f3 mi expresi\u00f3n, mi baile por el candombe. Fue en el a\u00f1o 2003, despu\u00e9s mi esposo Gerardo D\u00edaz que ten\u00eda la comparsa Afrocan, fue donde empec\u00e9 a bailar, a ayudar con la comparsa, me encant\u00f3, es una cosa que amo, el candombe en Durazno est\u00e1 muy perdido, me gustar\u00eda que apoyaran m\u00e1s esta cultura, si bien son las Primeras Llamadas del Interior ac\u00e1 el candombe como que no lo defienden\u201d cont\u00f3.<\/span><span data-ccp-props=\"{&quot;134245417&quot;:false}\">\u00a0<\/span><\/p>\n<p><span data-contrast=\"auto\">\u201cCuando mi esposo falleci\u00f3, lo que me sac\u00f3 adelante fue la m\u00fasica, el candombe, empec\u00e9 a ir los fines de semana a Montevideo que me invitaba una amiga y ah\u00ed me met\u00ed en una comparsa, a mirar, a bailar, el candombe me sac\u00f3 adelante, fue lo que me hizo vivir\u201d<\/span><span data-ccp-props=\"{&quot;134245417&quot;:false}\">\u00a0<\/span><\/p>\n<p><span data-contrast=\"auto\">\u201cEmpec\u00e9 a estudiar en Las Piedras y en Montevideo, porque siempre criticaban que no sab\u00eda bailar, me form\u00e9 en el candombe, me perfeccion\u00e9, mi sue\u00f1o ser\u00eda bailar de vedette en Afrocan, comparsa donde no estoy desde hace tres a\u00f1os, no he cumplido ese sue\u00f1o ah\u00ed, pero si en otras comparsas. Mi esposo nunca quiso ponerme porque no quer\u00eda problemas, porque yo era la esposa, pero aqu\u00ed estoy, de pie y sigo\u201d agreg\u00f3.<\/span><span data-ccp-props=\"{&quot;134245417&quot;:false}\">\u00a0<\/span><\/p>\n<p><span data-contrast=\"auto\">\u201cActualmente doy clases de baile en los Cib, en La Amarilla, el Varona, la Higuera, Plaza Uno, a se\u00f1oras grandes que quieren cumplir sus sue\u00f1os y me siento feliz por eso. Hay que cumplir los sue\u00f1os, si se puede, si se quiere y si se debe. Para mi el candombe es todo, comienzan a sonar los tambores y te olvid\u00e1s de todo, bail\u00e1s y te renueva la energ\u00eda, ojal\u00e1 que quienes quieran comenzar en el candombe lo tomen como un relax, como algo bueno para la salud, es como un d\u00eda que vas a bailar y sacarte de adentro todo el dolor, la rabia, largar todo y renovarte, esta cultura tan linda que te hace conocer gente, ocup\u00e1s la mente en cosas sanas, aprend\u00e9s cosas, ayudas a otros, tantas cosas se puede hacer a trav\u00e9s del candombe, en Montevideo se vive distinto, se ve con otra alegr\u00eda, ac\u00e1 lo ven mal, la gente se sienta en la vereda a criticar, tal vez porque no se animan a hacer lo que vos hac\u00e9s, pero no me interesa si me critican o no, yo hago lo que me gusta mientras los dem\u00e1s critican\u201d cont\u00f3.<\/span><span data-ccp-props=\"{&quot;134245417&quot;:false}\">\u00a0<\/span><\/p>\n<p><span data-contrast=\"auto\">\u201cSi bien bail\u00e9 en comparsas en Montevideo, en las Llamadas de Montevideo con la comparsa Malunga, una en la que me gustar\u00eda salir es en La Gozadera, pero aunque me han invitado no me dan los tiempos, trabajo de lunes a viernes como dom\u00e9stica en casas de familia\u201d agreg\u00f3.<\/span><span data-ccp-props=\"{&quot;134245417&quot;:false}\">\u00a0<\/span><\/p>\n<p><span data-contrast=\"auto\">Tambi\u00e9n tiene una preferencia especial por el deporte, la carrera es una de sus pasiones y la sigue practicando habitualmente.<\/span><span data-ccp-props=\"{&quot;134245417&quot;:false}\">\u00a0<\/span><\/p>\n<p><span data-contrast=\"auto\">\u201cComenc\u00e9 con el deporte por un tema de salud, comenc\u00e9 con hipotoiroidismo y estaba muy gorda, me mandaron a caminar y comenc\u00e9 a correr. Me aconsejaron que no, que comenzara a caminar y luego de bajar de peso, iniciara en la corrida, despu\u00e9s que llegu\u00e9 al peso adecuado empec\u00e9 a trotar y ah\u00ed empez\u00f3 a gustarme el deporte, me hace bien para el cuerpo, mi mente, un dia cuando mi esposo se retir\u00f3 de Afrocan segu\u00ed un a\u00f1o m\u00e1s y despu\u00e9s me fui, me invitaron para hacer triatl\u00f3n, comenc\u00e9 en eso y estuve varios a\u00f1os en esa actividad hasta el 2019, cuando lleg\u00f3 la pandemia. Pas\u00e9 muy lindo, compet\u00ed en carreras, en bicicleta, viv\u00ed muchas experiencias lindas, uno de los viajes m\u00e1s lindos fue a una carrera en la monta\u00f1a, una semana donde tuvimos la oportunidad de correr 21 kil\u00f3metros en un lugar muy especial\u201d cont\u00f3.<\/span><span data-ccp-props=\"{&quot;134245417&quot;:false}\">\u00a0<\/span><\/p>\n<p><span data-contrast=\"auto\">Durante la pandemia sigui\u00f3 entrenando en forma individual, al volver a la normalidad sigui\u00f3 con otras actividades, clases de baile, nataci\u00f3n, sin dejar de correr o hacer bicicleta.<\/span><span data-ccp-props=\"{&quot;134245417&quot;:false}\">\u00a0<\/span><\/p>\n<p><span data-contrast=\"auto\">\u201cHace dos a\u00f1os y medio fallece mi esposo y dej\u00e9 todo, se me termin\u00f3 el mundo. Arranqu\u00e9 de a poquito, dejaba, arrancaba de nuevo, un d\u00eda estando en casa sola y en facebook vi un aviso en el que buscaban se\u00f1oras para modelar, le escrib\u00ed y le dej\u00e9 mi n\u00famero. Me llam\u00f3 y me enganch\u00e9 en el modelaje, uno de los sue\u00f1os que ten\u00eda de ni\u00f1a, de desfilar, se cumpli\u00f3 ah\u00ed. Me gust\u00f3 esa actividad, comenc\u00e9 la escuela de modelaje, segu\u00ed con las clases de candombe, el 18 de agosto viaj\u00f3 a Ecuador con la escuela donde estoy para llevar la cultura uruguaya a otro pa\u00eds\u201d dijo.<\/span><span data-ccp-props=\"{&quot;134245417&quot;:false}\">\u00a0<\/span><\/p>\n<p><span data-contrast=\"auto\">\u201cMe gusta la pasarela y mostrarle a las mujeres grandes que se puede hacer, que se animen. Hoy estoy preparando a participantes de Se\u00f1ora de las Cuatro D\u00e9cadas que se hace todos los a\u00f1os en Sarand\u00ed del Y\u00ed, esta vez ser\u00e1 el 4 de agosto, he ido como participante y ha sido una lind\u00edsima experiencia, con participar ya soy una ganadora, en uno de esas competencias fue que gan\u00e9 la Se\u00f1ora Actitud, un premio que no esperaba y me gust\u00f3 much\u00edsimo\u201d cont\u00f3.<\/span><span data-ccp-props=\"{&quot;134245417&quot;:false}\">\u00a0<\/span><\/p>\n<p><span data-contrast=\"auto\">Tambi\u00e9n se ha dedicado al masaje \u201ces algo que naturalmente me sal\u00eda hacer, cuando est\u00e1bamos saliendo de la primer pandemia, una amiga argentina que viene a dar sus masajes y terapias, comenz\u00f3 a hacer cursos de esta t\u00e9cnica y me gust\u00f3 la idea. Aprend\u00ed y actualmente soy masajista, me gusta aliviar a las personas que llegan\u201d cont\u00f3.<\/span><span data-ccp-props=\"{&quot;134245417&quot;:false}\">\u00a0<\/span><\/p>\n<p><span data-contrast=\"auto\">Cristina se ha formado en muchas cosas, cursos de envasados, peluquer\u00eda, costura, pintura decorativa, donde da rienda suelta a su creatividad y energ\u00eda.<\/span><span data-ccp-props=\"{&quot;134245417&quot;:false}\">\u00a0<\/span><\/p>\n<p><span data-contrast=\"auto\">\u201cLas mujeres hoy en d\u00eda tenemos los mismos derechos que los hombres, salimos a la calle a trabajar, tenemos los mismos derechos que ellos, as\u00ed que no digan que no pueden hacer algo, si podemos, podemos todo. El querer es poder\u201d indic\u00f3.<\/span><span data-ccp-props=\"{&quot;134245417&quot;:false}\">\u00a0<\/span><\/p>\n<p><span data-contrast=\"auto\">\u201cOtra sorpresa que me trajo la vida es la posibilidad de hacer un programa de candombe en la FM, \u201cEl candombe es vida\u201d, me encant\u00f3 hacerlo. A partir de ah\u00ed comenc\u00e9 a estudiar locuci\u00f3n, para perfeccionarme, mejorar, ahora hace tres meses estoy haciendo un programa con otras colegas \u201cTres brujas sueltas por la noche de Durazno\u201d y se emite los domingos a la hora 20 en la 104.1 Radio del Pueblo. Cada una de nosotras aporta un bloque distinto al programa, tarot, conocer personas, consejos de medicina natural, recetas b\u00e1sicas y sencillas, con esto sigo descubriendo todo\u00a0 lo que me gusta hacer\u201d finaliz\u00f3.<\/span><span data-ccp-props=\"{&quot;134245417&quot;:false}\">\u00a0<\/span><\/p>\n","protected":false},"excerpt":{"rendered":"<p>Cristina Gularte lleva adelante una din\u00e1mica vida, desde bailarina, peluquera, trabajadora dom\u00e9stica, locutora, modelo y atleta, con much\u00edsima energ\u00eda y buscando seguir adelante, cumpliendo sus sue\u00f1os.\u00a0<\/p>\n","protected":false},"author":4,"featured_media":5197,"comment_status":"closed","ping_status":"closed","sticky":false,"template":"","format":"standard","meta":{"footnotes":""},"categories":[5,17],"tags":[],"class_list":["post-5196","post","type-post","status-publish","format-standard","has-post-thumbnail","hentry","category-durazno","category-suplemento-mujer"],"_links":{"self":[{"href":"https:\/\/paginacero.com.uy\/index.php?rest_route=\/wp\/v2\/posts\/5196","targetHints":{"allow":["GET"]}}],"collection":[{"href":"https:\/\/paginacero.com.uy\/index.php?rest_route=\/wp\/v2\/posts"}],"about":[{"href":"https:\/\/paginacero.com.uy\/index.php?rest_route=\/wp\/v2\/types\/post"}],"author":[{"embeddable":true,"href":"https:\/\/paginacero.com.uy\/index.php?rest_route=\/wp\/v2\/users\/4"}],"replies":[{"embeddable":true,"href":"https:\/\/paginacero.com.uy\/index.php?rest_route=%2Fwp%2Fv2%2Fcomments&post=5196"}],"version-history":[{"count":1,"href":"https:\/\/paginacero.com.uy\/index.php?rest_route=\/wp\/v2\/posts\/5196\/revisions"}],"predecessor-version":[{"id":5198,"href":"https:\/\/paginacero.com.uy\/index.php?rest_route=\/wp\/v2\/posts\/5196\/revisions\/5198"}],"wp:featuredmedia":[{"embeddable":true,"href":"https:\/\/paginacero.com.uy\/index.php?rest_route=\/wp\/v2\/media\/5197"}],"wp:attachment":[{"href":"https:\/\/paginacero.com.uy\/index.php?rest_route=%2Fwp%2Fv2%2Fmedia&parent=5196"}],"wp:term":[{"taxonomy":"category","embeddable":true,"href":"https:\/\/paginacero.com.uy\/index.php?rest_route=%2Fwp%2Fv2%2Fcategories&post=5196"},{"taxonomy":"post_tag","embeddable":true,"href":"https:\/\/paginacero.com.uy\/index.php?rest_route=%2Fwp%2Fv2%2Ftags&post=5196"}],"curies":[{"name":"wp","href":"https:\/\/api.w.org\/{rel}","templated":true}]}}