{"id":5187,"date":"2024-07-25T10:34:28","date_gmt":"2024-07-25T13:34:28","guid":{"rendered":"https:\/\/paginacero.com.uy\/?p=5187"},"modified":"2024-07-25T10:34:28","modified_gmt":"2024-07-25T13:34:28","slug":"fundacion-san-pedro-agenda-para-consultas-gratuitas","status":"publish","type":"post","link":"https:\/\/paginacero.com.uy\/?p=5187","title":{"rendered":"Fundaci\u00f3n San Pedro agenda para consultas gratuitas"},"content":{"rendered":"<p><strong><span class=\"TextRun SCXW145080058 BCX0\" lang=\"ES-UY\" xml:lang=\"ES-UY\" data-contrast=\"auto\"><span class=\"NormalTextRun SCXW145080058 BCX0\" data-ccp-parastyle=\"Standard\" data-ccp-parastyle-defn=\"{&quot;ObjectId&quot;:&quot;7f393336-1868-4b6c-b517-ef9d9c0e18d8|5&quot;,&quot;ClassId&quot;:1073872969,&quot;Properties&quot;:[469775450,&quot;Standard&quot;,201340122,&quot;2&quot;,134233614,&quot;true&quot;,469778129,&quot;Standard&quot;,335572020,&quot;1&quot;,469777841,&quot;Times New Roman&quot;,469777842,&quot;Arial&quot;,469777843,&quot;SimSun&quot;,469777844,&quot;Times New Roman&quot;,469769226,&quot;Times New Roman,Arial,SimSun&quot;,268442635,&quot;24&quot;,335559704,&quot;1081&quot;,335559705,&quot;2052&quot;,335551547,&quot;14346&quot;,134245417,&quot;false&quot;]}\">La Fundaci\u00f3n San Pedro es una organizaci\u00f3n sin fines de lucro que colabora con el conocimiento, el progreso y el bienestar de los ciudadanos de la regi\u00f3n centro norte de nuestro <\/span><span class=\"NormalTextRun SCXW145080058 BCX0\" data-ccp-parastyle=\"Standard\">pa\u00eds, ubicado en Durazno y desarrollando programas basados en t\u00e9cnicas innovadoras, incorporando los \u00faltimo en tecnolog\u00eda para contribuir a un mayor bienestar.<\/span><\/span><span class=\"EOP SCXW145080058 BCX0\" data-ccp-props=\"{&quot;134245417&quot;:false}\">\u00a0<\/span><\/strong><!--more--><\/p>\n<p><span data-contrast=\"auto\">En salud ocular la Fundaci\u00f3n apunta a la elaboraci\u00f3n y la aplicaci\u00f3n de pol\u00edticas y planes nacionales para la prevenci\u00f3n de la discapacidad visual evitable siguen constituyendo la piedra angular de la acci\u00f3n estrat\u00e9gica. Si bien algunos programas de lucha contra las enfermedades oculares han realizado grandes avances en la elaboraci\u00f3n y aplicaci\u00f3n de pol\u00edticas y planes, sigue siendo necesario integrar los programas de control de esas enfermedades en los sistemas generales de prestaci\u00f3n de atenci\u00f3n sanitaria, en todos sus niveles.<\/span><span data-ccp-props=\"{&quot;134245417&quot;:false}\">\u00a0<\/span><\/p>\n<p><span data-contrast=\"auto\">En ese marco, este viernes estar\u00e1 realizando consultas pre-operatorias para cataratas, sin costo para los interesados y con cupos limitados, por lo cual pueden agendarse al 093 664 455.<\/span><span data-ccp-props=\"{&quot;134245417&quot;:false}\">\u00a0<\/span><\/p>\n<p><span data-contrast=\"auto\">\u201cLa elaboraci\u00f3n y la aplicaci\u00f3n de pol\u00edticas y planes nacionales para la prevenci\u00f3n de la discapacidad visual evitable siguen constituyendo la piedra angular de la acci\u00f3n estrat\u00e9gica\u201d se indic\u00f3 desde la Fundaci\u00f3n que est\u00e1 ubicada en 19 de Abril 1012.<\/span><span data-ccp-props=\"{&quot;134245417&quot;:false}\">\u00a0<\/span><\/p>\n<p><span data-contrast=\"auto\">\u201cEsto se aplica en particular al desarrollo de los recursos humanos, las asignaciones financieras y fiscales, la colaboraci\u00f3n eficaz con el sector privado y la iniciativa empresarial con esp\u00edritu social, y la atenci\u00f3n brindada a las comunidades m\u00e1s vulnerables. Cada vez son m\u00e1s los pa\u00edses que adquieren experiencia en el desarrollo y la implantaci\u00f3n efectiva de servicios de atenci\u00f3n oft\u00e1lmica y que incorporan esos servicios a los sistemas generales de salud. Estas experiencias deben documentarse y difundirse mejor para que todos los pa\u00edses puedan beneficiarse de ellas\u201d agregaron.<\/span><span data-ccp-props=\"{&quot;134245417&quot;:false}\">\u00a0<\/span><\/p>\n<p><span data-contrast=\"auto\">\u201cLos gobiernos y sus asociados deben invertir en la reducci\u00f3n de la discapacidad visual evitable a trav\u00e9s de intervenciones costoeficaces, as\u00ed como en el apoyo a las personas con discapacidad visual irreversible para ayudarlas a superar los obst\u00e1culos que afrontan para acceder a los servicios de atenci\u00f3n sanitaria, rehabilitaci\u00f3n, apoyo y asistencia, a sus entornos, a la educaci\u00f3n y al empleo.<\/span><span data-ccp-props=\"{&quot;134245417&quot;:false}\">\u00a0<\/span><\/p>\n<p><span data-contrast=\"auto\">Si bien existen otras prioridades para invertir en la atenci\u00f3n sanitaria, las intervenciones que suelen utilizarse en la cirug\u00eda de cataratas y la correcci\u00f3n de los errores de refracci\u00f3n, que son las dos causas principales de la discapacidad visual evitable, son sumamente eficaces en funci\u00f3n de los costos\u201d indicaron.<\/span><span data-ccp-props=\"{&quot;134245417&quot;:false}\">\u00a0<\/span><\/p>\n<p><span data-contrast=\"auto\">\u201cExisten muchos ejemplos de prestaci\u00f3n satisfactoria de servicios de atenci\u00f3n oft\u00e1lmica a trav\u00e9s de iniciativas verticales, especialmente en los entornos de bajos ingresos. Es importante que esos servicios se integren plenamente en la prestaci\u00f3n de un servicio integral de atenci\u00f3n oft\u00e1lmica en el marco de los servicios y sistemas generales de salud\u201d dijeron.<\/span><span data-ccp-props=\"{&quot;134245417&quot;:false}\">\u00a0<\/span><\/p>\n<p><span data-contrast=\"auto\">\u201cSe puede potenciar la movilizaci\u00f3n de recursos financieros suficientes, previsibles y sostenibles incluyendo la prevenci\u00f3n de la discapacidad visual evitable en los programas e iniciativas m\u00e1s amplios de cooperaci\u00f3n para el desarrollo. En los \u00faltimos a\u00f1os, se viene examinando con creciente intensidad la obtenci\u00f3n de recursos adicionales para la salud a trav\u00e9s de iniciativas de financiaci\u00f3n innovadoras, pero las inversiones en la reducci\u00f3n de las enfermedades oculares m\u00e1s prevalentes han estado relativamente ausentes del debate sobre la financiaci\u00f3n innovadora y de las inversiones financieras importantes en el campo de la salud\u201d manifestaron, acotando que \u201ces necesario seguir trabajando en el an\u00e1lisis de los costos y los beneficios de la prevenci\u00f3n de la discapacidad visual evitable y la rehabilitaci\u00f3n para maximizar el uso de los recursos que ya est\u00e1n disponibles\u201d.<\/span><span data-ccp-props=\"{&quot;134245417&quot;:false}\">\u00a0<\/span><\/p>\n","protected":false},"excerpt":{"rendered":"<p>La Fundaci\u00f3n San Pedro es una organizaci\u00f3n sin fines de lucro que colabora con el conocimiento, el progreso y el bienestar de los ciudadanos de la regi\u00f3n centro norte de nuestro pa\u00eds, ubicado en Durazno y desarrollando programas basados en t\u00e9cnicas innovadoras, incorporando los \u00faltimo en tecnolog\u00eda para contribuir a un mayor bienestar.\u00a0<\/p>\n","protected":false},"author":4,"featured_media":5188,"comment_status":"closed","ping_status":"closed","sticky":false,"template":"","format":"standard","meta":{"footnotes":""},"categories":[5],"tags":[],"class_list":["post-5187","post","type-post","status-publish","format-standard","has-post-thumbnail","hentry","category-durazno"],"_links":{"self":[{"href":"https:\/\/paginacero.com.uy\/index.php?rest_route=\/wp\/v2\/posts\/5187","targetHints":{"allow":["GET"]}}],"collection":[{"href":"https:\/\/paginacero.com.uy\/index.php?rest_route=\/wp\/v2\/posts"}],"about":[{"href":"https:\/\/paginacero.com.uy\/index.php?rest_route=\/wp\/v2\/types\/post"}],"author":[{"embeddable":true,"href":"https:\/\/paginacero.com.uy\/index.php?rest_route=\/wp\/v2\/users\/4"}],"replies":[{"embeddable":true,"href":"https:\/\/paginacero.com.uy\/index.php?rest_route=%2Fwp%2Fv2%2Fcomments&post=5187"}],"version-history":[{"count":1,"href":"https:\/\/paginacero.com.uy\/index.php?rest_route=\/wp\/v2\/posts\/5187\/revisions"}],"predecessor-version":[{"id":5189,"href":"https:\/\/paginacero.com.uy\/index.php?rest_route=\/wp\/v2\/posts\/5187\/revisions\/5189"}],"wp:featuredmedia":[{"embeddable":true,"href":"https:\/\/paginacero.com.uy\/index.php?rest_route=\/wp\/v2\/media\/5188"}],"wp:attachment":[{"href":"https:\/\/paginacero.com.uy\/index.php?rest_route=%2Fwp%2Fv2%2Fmedia&parent=5187"}],"wp:term":[{"taxonomy":"category","embeddable":true,"href":"https:\/\/paginacero.com.uy\/index.php?rest_route=%2Fwp%2Fv2%2Fcategories&post=5187"},{"taxonomy":"post_tag","embeddable":true,"href":"https:\/\/paginacero.com.uy\/index.php?rest_route=%2Fwp%2Fv2%2Ftags&post=5187"}],"curies":[{"name":"wp","href":"https:\/\/api.w.org\/{rel}","templated":true}]}}