{"id":5184,"date":"2024-07-25T10:26:09","date_gmt":"2024-07-25T13:26:09","guid":{"rendered":"https:\/\/paginacero.com.uy\/?p=5184"},"modified":"2024-07-25T10:26:09","modified_gmt":"2024-07-25T13:26:09","slug":"sembrando-arte-abrio-su-convocatoria-para-su-segunda-edicion","status":"publish","type":"post","link":"https:\/\/paginacero.com.uy\/?p=5184","title":{"rendered":"\u201cSembrando arte\u201d abri\u00f3 su convocatoria para su segunda edici\u00f3n"},"content":{"rendered":"<p><strong><span class=\"TextRun SCXW64110931 BCX0\" lang=\"ES-UY\" xml:lang=\"ES-UY\" data-contrast=\"auto\"><span class=\"NormalTextRun SCXW64110931 BCX0\" data-ccp-parastyle=\"Standard\" data-ccp-parastyle-defn=\"{&quot;ObjectId&quot;:&quot;356b6071-56a4-41d6-ae8b-f96fcda33df1|5&quot;,&quot;ClassId&quot;:1073872969,&quot;Properties&quot;:[469775450,&quot;Standard&quot;,201340122,&quot;2&quot;,134233614,&quot;true&quot;,469778129,&quot;Standard&quot;,335572020,&quot;1&quot;,469777841,&quot;Times New Roman&quot;,469777842,&quot;Arial&quot;,469777843,&quot;SimSun&quot;,469777844,&quot;Times New Roman&quot;,469769226,&quot;Times New Roman,Arial,SimSun&quot;,268442635,&quot;24&quot;,335559704,&quot;1081&quot;,335559705,&quot;2052&quot;,335551547,&quot;14346&quot;,134245417,&quot;false&quot;]}\">Tras el \u00e9xito de la primera edici\u00f3n y con el objetivo de seguir impulsando a artistas amateurs del Uruguay, el Concurso Sembrando Arte se repite por segundo a\u00f1o <\/span><span class=\"NormalTextRun SCXW64110931 BCX0\" data-ccp-parastyle=\"Standard\">consecutivo con el apoyo de <\/span><span class=\"NormalTextRun SpellingErrorV2Themed SCXW64110931 BCX0\" data-ccp-parastyle=\"Standard\">Katoen<\/span> <span class=\"NormalTextRun SpellingErrorV2Themed SCXW64110931 BCX0\" data-ccp-parastyle=\"Standard\">Natie<\/span><span class=\"NormalTextRun SCXW64110931 BCX0\" data-ccp-parastyle=\"Standard\"> y Codere. En el primer Concurso el ganador fue un duraznense que tuvo la oportunidad de encabezar el listado de destacados.<\/span><\/span><span class=\"EOP SCXW64110931 BCX0\" data-ccp-props=\"{&quot;134245417&quot;:false}\">\u00a0<\/span><\/strong><!--more--><\/p>\n<p><span data-contrast=\"auto\">La din\u00e1mica ser\u00e1 la misma que en la primera edici\u00f3n. Podr\u00e1n postularse al concurso artistas amateurs, no profesionales, de nacionalidad uruguaya o residentes en el Uruguay mayores de 18 a\u00f1os. La tem\u00e1tica ser\u00e1 costumbrista nacional y de paisajes del Uruguay, es decir que podr\u00e1n representar, por ejemplo: r\u00edos, montes nativos, costas, playas, puertos, campo, fauna, construcciones tradicionales, personajes folcl\u00f3ricos o lo que consideren representativo de Uruguay o del departamento\/pueblo\/ciudad de donde son oriundos o residen.<\/span><span data-ccp-props=\"{&quot;134245417&quot;:false}\">\u00a0<\/span><\/p>\n<p><span data-contrast=\"auto\">La convocatoria es a artistas uruguayos o residentes, mayores de 18 a\u00f1os, que habiten dentro del territorio nacional y sean pintores amateurs no profesionales, sin experiencia previa en exposiciones profesionales de arte. Deber\u00e1n presentar pinturas originales e in\u00e9ditas en \u00f3leo o acr\u00edlico, sin marco, realizadas sobre lienzo en bastidor de madera de 50 x 40 cm, de altura y base respectivamente y una profundidad de 2 cm aproximadamente. La tem\u00e1tica deber\u00e1 ser costumbrista nacional y paisajes de Uruguay. El jurado estar\u00e1 integrado en esta oportunidad por Adolfo Sayago y Philip Davies y la curadora ser\u00e1 Mar\u00eda Berriel.<\/span><span data-ccp-props=\"{&quot;134245417&quot;:false}\">\u00a0<\/span><\/p>\n<p><span data-contrast=\"auto\">Del total de inscriptos la curadora del concurso, Maria Berriel, realizar\u00e1 una preselecci\u00f3n y el jurado integrado por Philip Davies y Adolfo Sayago seleccionar\u00e1 19 obras (una por departamento) las cuales ser\u00e1n parte de tres exposiciones: Hotel Casino Carrasco &#8211; Sofitel: 3\u00b0 de octubre al 23 de octubre, Hall de World Trade Center Torre 3: 24 de octubre al 13 de noviembre, Pasaje de la Democracia Palacio Legislativo: 14 de noviembre al 8 de diciembre.<\/span><span data-ccp-props=\"{&quot;134245417&quot;:false}\">\u00a0<\/span><\/p>\n<p><span data-contrast=\"auto\">Adem\u00e1s, en el marco de la inauguraci\u00f3n de la primera exposici\u00f3n, se realizar\u00e1 una ceremonia donde se entregar\u00e1 un diploma al representante de cada uno de los 19 departamentos del pa\u00eds y se har\u00e1 entrega de tres premios econ\u00f3micos (a tres artistas seleccionados por el jurado): Primer Premio Katoen Natie: USD 1000 (mil d\u00f3lares americanos), Menci\u00f3n Especial Codere: USD 500 (quinientos d\u00f3lares americanos), Menci\u00f3n Especial Sembrando: USD 500 (quinientos d\u00f3lares americanos)<\/span><span data-ccp-props=\"{&quot;134245417&quot;:false}\">\u00a0<\/span><\/p>\n<p><span data-contrast=\"auto\">La fecha l\u00edmite de postulaci\u00f3n es el domingo 25 de agosto.<\/span><span data-ccp-props=\"{&quot;134245417&quot;:false}\">\u00a0<\/span><\/p>\n<p><span data-contrast=\"auto\">En la primer edici\u00f3n realizada el a\u00f1o pasado, el duraznense, Andr\u00e9s Gonz\u00e1lez Nin, fue el ganador del concurso Sembrando Arte, dirigido a artistas amateurs de todo el pa\u00eds. Los artistas representantes de los departamentos de Rivera y Colonia, Enzo Medina y Oscar Cayr\u00fas obtuvieron las menciones especiales de la Embajada de B\u00e9lgica, mientras que la representante del departamento de Cerro Largo, Karen Rodriguez, recibi\u00f3 la menci\u00f3n especial de CODERE<\/span><span data-ccp-props=\"{&quot;134245417&quot;:false}\">\u00a0<\/span><\/p>\n<p><span data-contrast=\"auto\">De entre las 19 obras de todo el pa\u00eds, el jurado eligi\u00f3el a\u00f1o pasado la obra \u00d1and\u00fas en la pradera del duraznense Andr\u00e9s Gonz\u00e1lez Nin como la ganadora nacional del Concurso Sembrando Arte 2023 \u2013 premio Katoen Natie (USD 1000). Las obras de los artistas Enzo Medina (Rivera) y Oscar Cayr\u00fas (Colonia) fueron seleccionadas por Sayago y Davies como las merecedoras de las dos menciones Embajada de B\u00e9lgica (USD 500 cada una) y la de Karen Rodriguez (Cerro Largo) como menci\u00f3n CODERE (USD 500). El total de las 19 obras seleccionadas a trav\u00e9s del concurso se expusieron en tres espacios diferentes y la gesti\u00f3n cultural del concurso estuvo a cargo de Teresa Cabo quien tambi\u00e9n llev\u00f3 adelante el montaje de las tres instancias de exposici\u00f3n.\u00a0\u00a0<\/span><span data-ccp-props=\"{&quot;134245417&quot;:false}\">\u00a0<\/span><\/p>\n<p><span data-contrast=\"auto\">Para participar del llamado deben inscribirse en https:\/\/bit.ly\/SembrandoArte2024<\/span><span data-ccp-props=\"{&quot;134245417&quot;:false}\">\u00a0<\/span><\/p>\n","protected":false},"excerpt":{"rendered":"<p>Tras el \u00e9xito de la primera edici\u00f3n y con el objetivo de seguir impulsando a artistas amateurs del Uruguay, el Concurso Sembrando Arte se repite por segundo a\u00f1o consecutivo con el apoyo de Katoen Natie y Codere. En el primer Concurso el ganador fue un duraznense que tuvo la oportunidad de encabezar el listado de [&hellip;]<\/p>\n","protected":false},"author":4,"featured_media":5185,"comment_status":"closed","ping_status":"closed","sticky":false,"template":"","format":"standard","meta":{"footnotes":""},"categories":[5],"tags":[],"class_list":["post-5184","post","type-post","status-publish","format-standard","has-post-thumbnail","hentry","category-durazno"],"_links":{"self":[{"href":"https:\/\/paginacero.com.uy\/index.php?rest_route=\/wp\/v2\/posts\/5184","targetHints":{"allow":["GET"]}}],"collection":[{"href":"https:\/\/paginacero.com.uy\/index.php?rest_route=\/wp\/v2\/posts"}],"about":[{"href":"https:\/\/paginacero.com.uy\/index.php?rest_route=\/wp\/v2\/types\/post"}],"author":[{"embeddable":true,"href":"https:\/\/paginacero.com.uy\/index.php?rest_route=\/wp\/v2\/users\/4"}],"replies":[{"embeddable":true,"href":"https:\/\/paginacero.com.uy\/index.php?rest_route=%2Fwp%2Fv2%2Fcomments&post=5184"}],"version-history":[{"count":1,"href":"https:\/\/paginacero.com.uy\/index.php?rest_route=\/wp\/v2\/posts\/5184\/revisions"}],"predecessor-version":[{"id":5186,"href":"https:\/\/paginacero.com.uy\/index.php?rest_route=\/wp\/v2\/posts\/5184\/revisions\/5186"}],"wp:featuredmedia":[{"embeddable":true,"href":"https:\/\/paginacero.com.uy\/index.php?rest_route=\/wp\/v2\/media\/5185"}],"wp:attachment":[{"href":"https:\/\/paginacero.com.uy\/index.php?rest_route=%2Fwp%2Fv2%2Fmedia&parent=5184"}],"wp:term":[{"taxonomy":"category","embeddable":true,"href":"https:\/\/paginacero.com.uy\/index.php?rest_route=%2Fwp%2Fv2%2Fcategories&post=5184"},{"taxonomy":"post_tag","embeddable":true,"href":"https:\/\/paginacero.com.uy\/index.php?rest_route=%2Fwp%2Fv2%2Ftags&post=5184"}],"curies":[{"name":"wp","href":"https:\/\/api.w.org\/{rel}","templated":true}]}}