{"id":5177,"date":"2024-07-23T17:18:42","date_gmt":"2024-07-23T20:18:42","guid":{"rendered":"https:\/\/paginacero.com.uy\/?p=5177"},"modified":"2024-07-23T17:18:42","modified_gmt":"2024-07-23T20:18:42","slug":"cib-plaza-uno-realiza-taller-para-despertar-el-voluntariado-en-la-comunidad","status":"publish","type":"post","link":"https:\/\/paginacero.com.uy\/?p=5177","title":{"rendered":"CIB Plaza Uno realiza taller para despertar el voluntariado en la comunidad"},"content":{"rendered":"<p><strong><span class=\"TextRun SCXW38440116 BCX0\" lang=\"ES-UY\" xml:lang=\"ES-UY\" data-contrast=\"auto\"><span class=\"NormalTextRun SCXW38440116 BCX0\" data-ccp-parastyle=\"Standard\" data-ccp-parastyle-defn=\"{&quot;ObjectId&quot;:&quot;b310549f-3165-4357-b139-5c70d3e4a795|5&quot;,&quot;ClassId&quot;:1073872969,&quot;Properties&quot;:[469775450,&quot;Standard&quot;,201340122,&quot;2&quot;,134233614,&quot;true&quot;,469778129,&quot;Standard&quot;,335572020,&quot;1&quot;,469777841,&quot;Times New Roman&quot;,469777842,&quot;Arial&quot;,469777843,&quot;SimSun&quot;,469777844,&quot;Times New Roman&quot;,469769226,&quot;Times New Roman,Arial,SimSun&quot;,268442635,&quot;24&quot;,335559704,&quot;1081&quot;,335559705,&quot;2052&quot;,335551547,&quot;14346&quot;,134245417,&quot;false&quot;]}\">El jueves a la hora 10.00 se realizar\u00e1 un taller titulado \u201cDespierta el gen altruista: se voluntario\u201d en el CIB de Plaza Uno, coordinado por la Dra. Lorena <\/span><span class=\"NormalTextRun SCXW38440116 BCX0\" data-ccp-parastyle=\"Standard\">Pereda y el Prof. Fernando <\/span><span class=\"NormalTextRun SpellingErrorV2Themed SCXW38440116 BCX0\" data-ccp-parastyle=\"Standard\">Henig<\/span><span class=\"NormalTextRun SCXW38440116 BCX0\" data-ccp-parastyle=\"Standard\">.<\/span><\/span><span class=\"EOP SCXW38440116 BCX0\" data-ccp-props=\"{&quot;134245417&quot;:false}\">\u00a0<\/span><\/strong><!--more--><\/p>\n<p><span data-contrast=\"auto\">Estar\u00e1n participando Enedur, el Liceo Rubino y el Instituto de Formaci\u00f3n Docente, instituciones cercanas al Cib, pero es abierto a todo p\u00fablico.<\/span><span data-ccp-props=\"{&quot;134245417&quot;:false}\">\u00a0<\/span><\/p>\n<p><span data-contrast=\"auto\">\u201cHace un tiempo con la Dra. Lorena Pereda, que est\u00e1 encargada de coordinar los enfermos en Cuidados Paliativos y con un grupo que se llama Granito de Arena de la Plaza de Deportes, donde hacemos desde hace muchos a\u00f1os abordajes al hogar de Ancianos, jardines, magia, teatro, pero m\u00e1s que nada nos hemos focalizado \u00faltimamente en el Hogar de Ancianos donde vamos todos los d\u00edas de la semana, algunas veces dos veces al d\u00eda.<\/span><span data-ccp-props=\"{&quot;134245417&quot;:false}\">\u00a0<\/span><\/p>\n<p><span data-contrast=\"auto\">En virtud de eso dimos una charla, porque cuando nos organizamos, para despertar el gen altruista, argumentando que los sistemas tanto educativos como sociales, inclusive de salud, colapsan y no pueden abarcar determinadas cosas, por eso en otros pa\u00edses se est\u00e1 estimulando much\u00edsimo el tema del voluntariado\u201d dijo Fernando Henig, uno de los organizadores del taller.<\/span><span data-ccp-props=\"{&quot;134245417&quot;:false}\">\u00a0<\/span><\/p>\n<p><span data-contrast=\"auto\">\u201cAparte de generar eso, de ayudar, de estar interesado en los dem\u00e1s, esto del gen altruista es para todo ser viviente y sintiente, abarca todo lo que es la naturaleza, los animales, los seres humanos, pero es para todo aquel que sienta. El cuidado de la naturaleza es otro \u00edcono grand\u00edsimo que si no se despiertan los voluntariados, la parte p\u00fablica no va a hacer mella alguna en las situaciones. Esto ser\u00eda como despertar este gen que seg\u00fan un autor que escribi\u00f3 este libro \u201cEl gen altruista\u201d, est\u00e1 latente en el ser humano, pero despu\u00e9s seg\u00fan el tiempo que tengamos, como usamos el tiempo libre, se desarrolla. Estar atento a una llamada, una visita cuando una persona est\u00e9 mal, acompa\u00f1ar a hacer los mandados, sacar a pasear una mascota, hay muchas cosas que se pueden hacer y solamente con estar atentos podemos colaborar a la sociedad entera, estando o no en un grupo, es un tema tambi\u00e9n familiar\u201d agreg\u00f3.<\/span><span data-ccp-props=\"{&quot;134245417&quot;:false}\">\u00a0<\/span><\/p>\n<p><span data-contrast=\"auto\">\u201cHablamos de la tecnolog\u00eda que no solamente los j\u00f3venes pasan muchas horas con el celular, enchufados en la tecnolog\u00eda, ser\u00eda bueno que se puede disponer de ese horario para cosas que nos generen relaciones humanas mejores, se potencien, nutran habilidades, se use mejor el tiempo libre, se vaya encontrado la bocci\u00f3n y una cosa muy importante, es que la neurociencia hoy por hoy atribuye a la generosidad, al altruismo y ala filantropia, que son servicios, como un medio para mengar lo que es la depresi\u00f3n y el suicidio, porque cuando la persona sale de ese entorno y sirve a otros, se relaciona, se generan un mont\u00f3n de endorfinas, serotonina, oxitocina, que muchas veces est\u00e1n desequilibradas en las personas depresivas\u201d manifest\u00f3.<\/span><span data-ccp-props=\"{&quot;134245417&quot;:false}\">\u00a0<\/span><\/p>\n<p><span data-contrast=\"auto\">El taller al que se est\u00e1 invitando, es para fortalecer la red de voluntarios de la ciudad.<\/span><span data-ccp-props=\"{&quot;134245417&quot;:false}\">\u00a0<\/span><\/p>\n<p><span data-contrast=\"auto\">\u201cEste taller tienen como objetivo anotar a la gente para tener un grupo de voluntarios y destinarlos a diferentes lugares, hay muchas cosas que se pueden hacer, con las personas con discapacidad, estamos viendo ir paso a paso, abordando el tema no en forma conceptual sino a trav\u00e9s de las emociones, la empat\u00eda. Para eso usamos una obra de teatro, juegos que son bastante movilizadores y basados cient\u00edficamente para despertar el altruismo, la m\u00fasica, la narraci\u00f3n de un cuento y una obra pl\u00e1stica, es algo casi vivencial para que la persona vaya y piense luego que puede fomentar este gen\u201d dijo.<\/span><span data-ccp-props=\"{&quot;134245417&quot;:false}\">\u00a0<\/span><\/p>\n<p><span data-contrast=\"auto\">\u201cEl taller est\u00e1 abierto para todos quienes se sientan llamados a participar, hay una sobrecarga por ejemplo en el tema del cuidado de los animales que se deber\u00eda abordar, en el tema de la naturaleza, vemos que es uno de los pocos pa\u00edses del mundo que no tiene voluntariado sobre esta \u00e1rea, en otros pa\u00edses el voluntariado es casi obligatorio en alg\u00fan momento, es algo que suma a lo curricular. En el tema del adulto mayor, mucha gente que tiene depresi\u00f3n, al acompa\u00f1ar a las personas pueden mejorar su situaci\u00f3n al hacer voluntariado, para eso se necesitan personas que quieran sumarse. Hay muchas \u00e1reas donde el voluntariado es necesario y puede aplicarse, por eso queremos nutrir a este grupo para poder tener acciones concretas en la sociedad\u201d agreg\u00f3.<\/span><span data-ccp-props=\"{&quot;134245417&quot;:false}\">\u00a0<\/span><\/p>\n<p><span data-contrast=\"auto\">Ser voluntario o voluntaria es mucho m\u00e1s que vincularnos a un proyecto e invertir nuestro tiempo libre en \u00e9l. Lo m\u00e1s importante no son las horas que se dedican a esta pr\u00e1ctica, sino la contribuci\u00f3n que realizan. Es decir, no es un hobbie ni una forma de entretenimiento.<\/span><span data-ccp-props=\"{&quot;134245417&quot;:false}\">\u00a0<\/span><\/p>\n<p><span data-contrast=\"auto\">\u201cTambi\u00e9n ayudar a las personas que atienden a personas en atenci\u00f3n de Cuidados Paliativos, en las personas con Trastorno del Espectro Autista es fundamental el voluntariado, los voluntarios para\u00a0 otras actividades, estamos haciendo con la Fundaci\u00f3n Impacto una propuesta de convivencia, pero eso no va a remediar el tema de fondo, no pueden porque la cantidad de gente que hace voluntariado no es suficiente. La sociedad tienen que ponerse la mochila de estar en el engranaje de los cambios y no esperar que alguna agrupaci\u00f3n o sistema p\u00fablico cambie, se trata de despertar este gen que adem\u00e1s nos indica que todos podemos cambiar cosas, no quedarnos en el banco de la queja, sino en el de la acci\u00f3n\u201d finaliz\u00f3.<\/span><span data-ccp-props=\"{&quot;134245417&quot;:false}\">\u00a0<\/span><\/p>\n<p><span data-contrast=\"auto\">Ser voluntario es un estilo de vida. Hay muchas personas que practican el voluntariado sin saberlo: tienden una mano desinteresadamente en los lugares donde es necesario y lo adoptan como una actitud cotidiana. Los valores que mueven a un voluntario o una voluntaria son esencialmente dos: la empat\u00eda y la solidaridad. Estos dos conceptos son la base de cualquier acci\u00f3n que pretendamos llevar a cabo en un proyecto de este tipo.<\/span><span data-ccp-props=\"{&quot;134245417&quot;:false}\">\u00a0<\/span><\/p>\n<p><span data-contrast=\"auto\">Cualquier persona puede practicar el voluntariado, pero para ello es preciso que antes tenga un grado de conciencia social alto y haya definido previamente cu\u00e1l es el aporte que est\u00e1 en capacidad de realizar en un contexto determinado. Adem\u00e1s, ser un voluntario o voluntaria tambi\u00e9n es sin\u00f3nimo de entrega, compromiso, continuidad, ayuda humanitaria, liderazgo, capacidad de transformaci\u00f3n o emprendimiento, entre otros valores sociales.<\/span><span data-ccp-props=\"{&quot;134245417&quot;:false}\">\u00a0<\/span><\/p>\n<p><span data-contrast=\"auto\">Seguramente todos tienen algo para aportar seg\u00fan sus conocimientos, experiencia y tiempo, elementos fundamentales para transformar la sociedad y construir un mundo mejor. El voluntariado conlleva un importante grado de desarrollo social que hace posible la participaci\u00f3n ciudadana, defiende los intereses de personas y grupos en desventaja social, contribuye a la mejora de la calidad de vida de la sociedad, ayuda a fomentar el tejido social, promueve valores fundamentales como la justicia, el respeto, la cooperaci\u00f3n, la entrega y, a la vez, otorga otra visi\u00f3n de la vida.<\/span><span data-ccp-props=\"{&quot;134245417&quot;:false}\">\u00a0<\/span><\/p>\n","protected":false},"excerpt":{"rendered":"<p>El jueves a la hora 10.00 se realizar\u00e1 un taller titulado \u201cDespierta el gen altruista: se voluntario\u201d en el CIB de Plaza Uno, coordinado por la Dra. Lorena Pereda y el Prof. Fernando Henig.\u00a0<\/p>\n","protected":false},"author":4,"featured_media":5178,"comment_status":"closed","ping_status":"closed","sticky":false,"template":"","format":"standard","meta":{"footnotes":""},"categories":[5],"tags":[],"class_list":["post-5177","post","type-post","status-publish","format-standard","has-post-thumbnail","hentry","category-durazno"],"_links":{"self":[{"href":"https:\/\/paginacero.com.uy\/index.php?rest_route=\/wp\/v2\/posts\/5177","targetHints":{"allow":["GET"]}}],"collection":[{"href":"https:\/\/paginacero.com.uy\/index.php?rest_route=\/wp\/v2\/posts"}],"about":[{"href":"https:\/\/paginacero.com.uy\/index.php?rest_route=\/wp\/v2\/types\/post"}],"author":[{"embeddable":true,"href":"https:\/\/paginacero.com.uy\/index.php?rest_route=\/wp\/v2\/users\/4"}],"replies":[{"embeddable":true,"href":"https:\/\/paginacero.com.uy\/index.php?rest_route=%2Fwp%2Fv2%2Fcomments&post=5177"}],"version-history":[{"count":1,"href":"https:\/\/paginacero.com.uy\/index.php?rest_route=\/wp\/v2\/posts\/5177\/revisions"}],"predecessor-version":[{"id":5179,"href":"https:\/\/paginacero.com.uy\/index.php?rest_route=\/wp\/v2\/posts\/5177\/revisions\/5179"}],"wp:featuredmedia":[{"embeddable":true,"href":"https:\/\/paginacero.com.uy\/index.php?rest_route=\/wp\/v2\/media\/5178"}],"wp:attachment":[{"href":"https:\/\/paginacero.com.uy\/index.php?rest_route=%2Fwp%2Fv2%2Fmedia&parent=5177"}],"wp:term":[{"taxonomy":"category","embeddable":true,"href":"https:\/\/paginacero.com.uy\/index.php?rest_route=%2Fwp%2Fv2%2Fcategories&post=5177"},{"taxonomy":"post_tag","embeddable":true,"href":"https:\/\/paginacero.com.uy\/index.php?rest_route=%2Fwp%2Fv2%2Ftags&post=5177"}],"curies":[{"name":"wp","href":"https:\/\/api.w.org\/{rel}","templated":true}]}}