{"id":5174,"date":"2024-07-23T17:14:17","date_gmt":"2024-07-23T20:14:17","guid":{"rendered":"https:\/\/paginacero.com.uy\/?p=5174"},"modified":"2024-07-23T17:14:17","modified_gmt":"2024-07-23T20:14:17","slug":"adolescentes-del-centro-juvenil-re-creo-de-inau-estuvieron-en-taller-ni-silencio-ni-tabu","status":"publish","type":"post","link":"https:\/\/paginacero.com.uy\/?p=5174","title":{"rendered":"Adolescentes del Centro Juvenil Re-Creo de INAU estuvieron en taller \u201cNi Silencio Ni Tab\u00fa\u201d"},"content":{"rendered":"<p><strong><span class=\"TextRun SCXW46709923 BCX0\" lang=\"ES-UY\" xml:lang=\"ES-UY\" data-contrast=\"auto\"><span class=\"NormalTextRun SCXW46709923 BCX0\" data-ccp-parastyle=\"Standard\">En el d\u00eda de hoy se realiz\u00f3 en el FPB (Formaci\u00f3n Profesional B\u00e1sica) del Centro Juvenil Re-Creo, un nuevo taller destinado a <\/span><span class=\"NormalTextRun SpellingErrorV2Themed SCXW46709923 BCX0\" data-ccp-parastyle=\"Standard\">j\u00f3venes,en<\/span><span class=\"NormalTextRun SCXW46709923 BCX0\" data-ccp-parastyle=\"Standard\"> el <\/span><span class=\"NormalTextRun SCXW46709923 BCX0\" data-ccp-parastyle=\"Standard\">marco de la propuesta que vienen impulsando de forma conjunta la Intendencia de Durazno, a trav\u00e9s de la Oficina de la Juventud y el Instituto Nacional de la Juventud (INJU) del Ministerio de Desarrollo Social (Mides).<\/span><\/span><\/strong><span class=\"LineBreakBlob BlobObject DragDrop SCXW46709923 BCX0\"><strong><span class=\"SCXW46709923 BCX0\">\u00a0<\/span><\/strong><br class=\"SCXW46709923 BCX0\" \/><\/span><!--more--><\/p>\n<p><span data-contrast=\"auto\">El taller est\u00e1 referido a la tem\u00e1tica de la salud mental, denominado \u201cNi Silencio ni Tab\u00fa\u201d y se cumpli\u00f3 en INAU, atendiendo a los adolescentes de esta franja insertos en el sistema educativo.<\/span><span data-ccp-props=\"{&quot;134245417&quot;:false}\">\u00a0<\/span><\/p>\n<p><span data-contrast=\"auto\">\u201cEn el marco de esta campa\u00f1a ya se han realizado acciones similares en otras instituciones educativas, como la Escuela Agraria de Carlos Reyles, la de Durazno, entre otras\u201d indic\u00f3 el Coordinador de la Oficina de la Juventud Mat\u00edas Luj\u00e1n.<\/span><span data-ccp-props=\"{&quot;134245417&quot;:false}\">\u00a0<\/span><\/p>\n<p><span data-contrast=\"auto\">\u201cLuego de realizado el taller vimos que la juventud est\u00e1 en conocimiento de lo que est\u00e1 pasando en el departamento, hoy nos enfocamos en lo que viene sucediendo \u00faltimamente en la ciudad y en el pa\u00eds, con gente desaparecida que no terminan bien las cosas. Ellos mismos manifiestan que son importante estos talleres a pesar de ser un momento para hablar de\u00a0 otras cosas, tambi\u00e9n pueden expresar ah\u00ed momentos o trasmitir situaciones que est\u00e1n pasando en el grupo y entre ellos. Con las situaciones que se plantean a trav\u00e9s del taller, con las cartas que tiene el programa, los j\u00f3venes pueden expresarse. Este kit tiene situaciones para que puedan analizar en grupo diferentes situaciones. Vemos que los j\u00f3venes precisan tener m\u00e1s seguido instancias de este tipo, me gustar\u00eda que esto estuviera en la curr\u00edcula, con talleres m\u00e1s seguidos, para poder hablar de estos temas. Es necesario m\u00e1s instancias con los j\u00f3venes para que ellos puedan expresar lo que sienten y viven permanentemente estas situaciones\u201d dijo.<\/span><span data-ccp-props=\"{&quot;134245417&quot;:false}\">\u00a0<\/span><\/p>\n<p><span data-contrast=\"auto\">El programa sigue avanzando en sus actividades y tiene prevista una vasta agenda de propuestas durante el a\u00f1o.<\/span><span data-ccp-props=\"{&quot;134245417&quot;:false}\">\u00a0<\/span><\/p>\n<p><span data-contrast=\"auto\">\u201cLa meta es seguir visitando instituciones, hoy nos reunimos en el Liceo 1 para hablar sobre esto que ha pasado \u00faltimamente con el objetivo de armar un equipo dentro del Liceo que est\u00e9 preparado para recibir inquietudes de los j\u00f3venes ante este tema, salud mental, emociones y ser un punto de atenci\u00f3n primaria, es lo que vemos que debe haber alguien que escuche lo que le est\u00e1 pasando a un compa\u00f1ero o compa\u00f1era, poder ir a hablar con alguien es fundamental\u201d agreg\u00f3.<\/span><span data-ccp-props=\"{&quot;134245417&quot;:false}\">\u00a0<\/span><\/p>\n<p><span data-contrast=\"auto\">#NiSilencioNiTab\u00fa est\u00e1 dirigido a adolescentes y j\u00f3venes en todo el pa\u00eds, con el apoyo de un kit de materiales con din\u00e1micas y propuestas desarrollados por profesionales de la salud mental, con el apoyo de UNICEF. Este despliegue en territorio busca sensibilizar a los j\u00f3venes en el tema de la campa\u00f1a, para que act\u00faen como agentes de cambio en sus comunidades, y as\u00ed poder visibilizar la importancia de hablar sobre salud mental y bienestar socioemocional.<\/span><span data-ccp-props=\"{&quot;134245417&quot;:false}\">\u00a0<\/span><\/p>\n<p><span data-contrast=\"auto\">El p\u00fablico primario de la campa\u00f1a son adolescentes de 14 a 19 a\u00f1os; y el p\u00fablico secundario: j\u00f3venes, educadores, docentes, referentes adultos, familias.<\/span><span data-ccp-props=\"{&quot;134245417&quot;:false}\">\u00a0<\/span><\/p>\n<p><span data-contrast=\"auto\">\u201cLa idea es tener un equipo que est\u00e9 funcionando y brinde un alerta ante situaciones que sean detectado por pares, por docentes, por el equipo del Liceo y atienda de alguna forma el tema\u201d finaliz\u00f3 \u201ces un proyecto que est\u00e1 habl\u00e1ndose y que esperemos pueda replicarse en otras instituciones educativas\u201d.<\/span><span data-ccp-props=\"{&quot;134245417&quot;:false}\">\u00a0<\/span><\/p>\n<p><span data-contrast=\"auto\">El programa tiene acciones en territorio: despliegue de actividades dirigidas a adolescentes y j\u00f3venes, identificaci\u00f3n de adolescentes y j\u00f3venes voceros, articulaci\u00f3n interinstitucional a nivel local; colocar el tema en agenda p\u00fablica, realizaci\u00f3n de campa\u00f1a audiovisual para plataformas digitales (redes sociales, p\u00e1ginas web); sitio de soporte de contenidos para adolescentes y j\u00f3venes, docentes y referentes adultos, y familiares. Cuenta con la participaci\u00f3n de instituciones claves para lograr los objetivos, que adhieren y colaboran con la campa\u00f1a: Administraci\u00f3n de los Servicios de Salud del Estado (ASSE), Administraci\u00f3n Nacional de Educaci\u00f3n P\u00fablica (ANEP), Ministerio de Educaci\u00f3n y Cultura (MEC), Instituto del Ni\u00f1o y del Adolescente del Uruguay (INAU), Instituto Nacional de Inclusi\u00f3n Adolescente\u00a0 (INISA), Ministerio de Desarrollo Social (MIDES) a trav\u00e9s de la participaci\u00f3n de Enlace Educativo, INMUJERES y el Departamento de Salud Mental, Secretar\u00eda Nacional del Deporte (SND), Agencia de Gobierno Electr\u00f3nico y Sociedad de la Informaci\u00f3n y el Conocimiento (AGESIC), Medios P\u00fablicos, la Junta Nacional de Drogas (JND) y Secretar\u00edas y Direcciones de Juventud de los gobiernos departamentales de todo el pa\u00eds. Asimismo,\u00a0 la Comisi\u00f3n Honoraria de Prevenci\u00f3n del Suicidio (CHOPS) y sus estructuras territoriales acompa\u00f1an la implementaci\u00f3n de la Campa\u00f1a. Por \u00faltimo, es de destacar la participaci\u00f3n de adolescentes y j\u00f3venes que aportan propuestas e iniciativas para la construcci\u00f3n de la campa\u00f1a.<\/span><span data-ccp-props=\"{&quot;134245417&quot;:false}\">\u00a0<\/span><\/p>\n<p><span data-contrast=\"auto\">A nivel mundial, uno de cada siete j\u00f3venes de 10 a 19 a\u00f1os padece alg\u00fan trastorno mental (OMS, 2021). La depresi\u00f3n, la ansiedad y los trastornos del comportamiento se encuentran entre las principales causas de enfermedad y discapacidad entre los adolescentes. El suicidio es la cuarta causa de muerte en el mundo entre los j\u00f3venes de 15 a 19 a\u00f1os. En Uruguay, de acuerdo a la Encuesta Nacional de Adolescencia y Juventud de 2018, el 14,4% de los adolescentes y j\u00f3venes se han sentido tan tristes o desesperados que dejaron de hacer sus actividades habituales por dos semanas seguidas o m\u00e1s tiempo. Esa proporci\u00f3n representa aproximadamente a 132.000 j\u00f3venes, de los cuales la mitad tienen entre 18 a 24 a\u00f1os. El hecho de no ocuparse de los trastornos de salud mental de los adolescentes y j\u00f3venes tiene consecuencias que pueden extenderse a lo largo de toda la vida, perjudicando la salud f\u00edsica y mental de la persona y restringiendo sus posibilidades de llevar una vida plena.<\/span><span data-ccp-props=\"{&quot;134245417&quot;:false}\">\u00a0<\/span><\/p>\n","protected":false},"excerpt":{"rendered":"<p>En el d\u00eda de hoy se realiz\u00f3 en el FPB (Formaci\u00f3n Profesional B\u00e1sica) del Centro Juvenil Re-Creo, un nuevo taller destinado a j\u00f3venes,en el marco de la propuesta que vienen impulsando de forma conjunta la Intendencia de Durazno, a trav\u00e9s de la Oficina de la Juventud y el Instituto Nacional de la Juventud (INJU) del [&hellip;]<\/p>\n","protected":false},"author":4,"featured_media":5175,"comment_status":"closed","ping_status":"closed","sticky":false,"template":"","format":"standard","meta":{"_monsterinsights_skip_tracking":false,"_monsterinsights_sitenote_active":false,"_monsterinsights_sitenote_note":"","_monsterinsights_sitenote_category":0,"footnotes":""},"categories":[5,61],"tags":[],"class_list":["post-5174","post","type-post","status-publish","format-standard","has-post-thumbnail","hentry","category-durazno","category-inau"],"_links":{"self":[{"href":"https:\/\/paginacero.com.uy\/index.php?rest_route=\/wp\/v2\/posts\/5174","targetHints":{"allow":["GET"]}}],"collection":[{"href":"https:\/\/paginacero.com.uy\/index.php?rest_route=\/wp\/v2\/posts"}],"about":[{"href":"https:\/\/paginacero.com.uy\/index.php?rest_route=\/wp\/v2\/types\/post"}],"author":[{"embeddable":true,"href":"https:\/\/paginacero.com.uy\/index.php?rest_route=\/wp\/v2\/users\/4"}],"replies":[{"embeddable":true,"href":"https:\/\/paginacero.com.uy\/index.php?rest_route=%2Fwp%2Fv2%2Fcomments&post=5174"}],"version-history":[{"count":1,"href":"https:\/\/paginacero.com.uy\/index.php?rest_route=\/wp\/v2\/posts\/5174\/revisions"}],"predecessor-version":[{"id":5176,"href":"https:\/\/paginacero.com.uy\/index.php?rest_route=\/wp\/v2\/posts\/5174\/revisions\/5176"}],"wp:featuredmedia":[{"embeddable":true,"href":"https:\/\/paginacero.com.uy\/index.php?rest_route=\/wp\/v2\/media\/5175"}],"wp:attachment":[{"href":"https:\/\/paginacero.com.uy\/index.php?rest_route=%2Fwp%2Fv2%2Fmedia&parent=5174"}],"wp:term":[{"taxonomy":"category","embeddable":true,"href":"https:\/\/paginacero.com.uy\/index.php?rest_route=%2Fwp%2Fv2%2Fcategories&post=5174"},{"taxonomy":"post_tag","embeddable":true,"href":"https:\/\/paginacero.com.uy\/index.php?rest_route=%2Fwp%2Fv2%2Ftags&post=5174"}],"curies":[{"name":"wp","href":"https:\/\/api.w.org\/{rel}","templated":true}]}}