{"id":5171,"date":"2024-07-23T17:09:55","date_gmt":"2024-07-23T20:09:55","guid":{"rendered":"https:\/\/paginacero.com.uy\/?p=5171"},"modified":"2024-07-23T17:09:55","modified_gmt":"2024-07-23T20:09:55","slug":"jornada-abordo-tematica-del-medio-ambiente-y-acciones-que-estan-desarrollando-las-escuelas-de-la-ciudad","status":"publish","type":"post","link":"https:\/\/paginacero.com.uy\/?p=5171","title":{"rendered":"Jornada abord\u00f3 tem\u00e1tica del medio ambiente y acciones que est\u00e1n desarrollando las escuelas de la ciudad"},"content":{"rendered":"<p><strong><span class=\"NormalTextRun AdvancedProofingIssueV2Themed SCXW27453759 BCX0\" data-ccp-parastyle=\"Standard\" data-ccp-parastyle-defn=\"{&quot;ObjectId&quot;:&quot;3c9984e3-a5fe-4730-aef9-7892a2831de9|5&quot;,&quot;ClassId&quot;:1073872969,&quot;Properties&quot;:[469775450,&quot;Standard&quot;,201340122,&quot;2&quot;,134233614,&quot;true&quot;,469778129,&quot;Standard&quot;,335572020,&quot;1&quot;,469777841,&quot;Times New Roman&quot;,469777842,&quot;Arial&quot;,469777843,&quot;SimSun&quot;,469777844,&quot;Times New Roman&quot;,469769226,&quot;Times New Roman,Arial,SimSun&quot;,268442635,&quot;24&quot;,335559704,&quot;1081&quot;,335559705,&quot;2052&quot;,335551547,&quot;14346&quot;,134245417,&quot;false&quot;]}\">Instituciones educativas estuvieron compartiendo las acciones que est\u00e1n realizando para minimizar el impacto en el medio <\/span><span class=\"NormalTextRun AdvancedProofingIssueV2Themed SCXW27453759 BCX0\" data-ccp-parastyle=\"Standard\">ambiente.<\/span><\/strong><!--more--><\/p>\n<p><span data-contrast=\"auto\">All\u00ed concurrieron los representantes del Departamento de Desarrollo de la IDD y la Divisi\u00f3n Medio Ambiente, que ha estado trabajando con estas instituciones desde el 2022 con su proyecto CCR (Compostando, Clasificando y Reciclando), participando en esta ocasi\u00f3n en una puesta en com\u00fan del trabajo realizado.<\/span><br \/>\n<span data-contrast=\"auto\">\u201cLa Escuela N\u00b0 2 ha estado trabajando con pl\u00e1sticos mediante un contenedor que un padre construy\u00f3 para la instituci\u00f3n. Por otro lado, la Escuela N\u00b0 1 se ha enfocado en procesos de compostaje, recolecci\u00f3n de pl\u00e1sticos y el fomento del trabajo con la huerta\u201d, informaron los t\u00e9cnicos, se\u00f1alando que la jornada fue organizada por la Polic\u00eda Comunitaria y cont\u00f3 con la participaci\u00f3n de padres de las instituciones indicadas, y durante el evento, los ni\u00f1os y ni\u00f1as explicaron el trabajo realizado, demostrando el compromiso y los avances en sus proyectos\u202fambientales.<\/span><span data-ccp-props=\"{&quot;134245417&quot;:false}\">\u00a0<\/span><\/p>\n<p><span data-contrast=\"auto\">\u201cTenemos a disposici\u00f3n varias l\u00edneas de acci\u00f3n, entre ellas las de reciclar. Tenemos que tener en cuenta que en la bolsa de residuos que llevamos al contenedor de la cuadra el 85% es reciclable, por eso comenzamos el a\u00f1o pasado con un proyecto que se llama CCR, \u201cCompostando, Clasificando y Reutilizando\u201d que tiene dos l\u00edneas. Una tiene que ver en lo org\u00e1nico, ya tenemos 200 hogares que en la ciudad de Durazno est\u00e1n haciendo compostaje, es decir todo el residuo org\u00e1nico que se genera en el hogar va a una compostera que genera un humus y adem\u00e1s un l\u00edquido que sirve para regar las plantas con un potencial importante, eso descomprime un 50% o m\u00e1s de lo quellevamos en la bolsa de la basura\u201d dijeron desde Divisi\u00f3n Medio Ambiente.<\/span><span data-ccp-props=\"{&quot;134245417&quot;:false}\">\u00a0<\/span><\/p>\n<p><span data-contrast=\"auto\">\u201cDe esa forma estamos retirando lo org\u00e1nico, que genera en los vertederos metano y produce muchas veces incendios y contaminaci\u00f3n. Las doscientas familias que tienen las composteras est\u00e1n muy conformes y vamos a adquirir doscientas m\u00e1s que ser\u00e1n destinadas al interior, las ciudades de Sarand\u00ed del Y\u00ed y Villa del Carmen, pretendemos terminar el quinquenio con m\u00e1s de mil composteras en el departamento. Ojal\u00e1 a\u00f1os despu\u00e9s, todo lo que sea org\u00e1nico no termine en una disposici\u00f3n final, porque es el 50% de lo que tiramos y es altamente reciclable\u201d agregaron.<\/span><span data-ccp-props=\"{&quot;134245417&quot;:false}\">\u00a0<\/span><\/p>\n<p><span data-contrast=\"auto\">\u201cLa otra l\u00ednea esta referida al reciclado del cart\u00f3n y pl\u00e1stico, este a\u00f1o vamos a estar entregando a voluntad de los ciudadanos dos contenedores donde podr\u00e1n clasificar el cart\u00f3n y el pl\u00e1stico, en una casa va a haber una compostera con las que hoy est\u00e1n tratando los residuos org\u00e1nicos y dos contenedores m\u00e1s para depositar los residuos reciclables\u201d agreg\u00f3 \u201cadem\u00e1s de eso, estamos implementando el sistema de circuito limpio en el casco de la ciudad, donde vamos a recoger todo lo potenciamente reciclable, entre pl\u00e1stico y cart\u00f3n, vamos a descomprimir los residuos en el vertedero\u201d indicaron.<\/span><span data-ccp-props=\"{&quot;134245417&quot;:false}\">\u00a0<\/span><\/p>\n<p><span data-contrast=\"auto\">\u201cHay una gran inquietud de la gente por el reciclado, hemos previsto algunos dep\u00f3sitos de este tipo de materiales, un botell\u00f3n donde las personas pueden depositar los pl\u00e1sticos que est\u00e1 en funcionamiento desde hace varios meses. Pensaremos en alg\u00fan momento en tener alg\u00fan centro de acopio y va a haber, porque la C\u00e1mara de Industria por ley tiene que instalar uno, donde las personas llevar\u00e1n sus materiales para reciclar. Esto es un cambio cultural y la gente tiene que estar atr\u00e1s, apoyando y concientiz\u00e1ndose sobre el tema\u201d finalizaron.<\/span><span data-ccp-props=\"{&quot;134245417&quot;:false}\">\u00a0<\/span><\/p>\n<p><span data-contrast=\"auto\">Otras acciones que se han realizado en el marco del proyecto \u201cCompostando, Clasificando y Reciclando\u201d (CCR) que la Intendencia de Durazno impulsa a trav\u00e9s del Departamento de Desarrollo y Medio Ambiente en el Municipio de Sarand\u00ed del Y\u00ed se entregaron composteras a familias interesadas en formar parten de este proyecto que se viene trabajando desde la Divisi\u00f3n Medio Ambiente. Funcionarios y t\u00e9cnicos, brindaron informaci\u00f3n sobre compostaje y recolecci\u00f3n diferenciada de los residuos inorg\u00e1nicos (pl\u00e1sticos, cart\u00f3n, recolecci\u00f3n de tapitas, pilas, eco ladrillos, entre otros). Tanto los alumnos escolares y docentes, como as\u00ed tambi\u00e9n los emprendedores, se mostraron muy interesados en el tema y agradecieron la oportunidad de contar con el mencionado taller a los efectos de poder involucrarse en un tema que debe de tenernos a todos interesados y atentos.<\/span><span data-ccp-props=\"{&quot;134245417&quot;:false}\">\u00a0<\/span><\/p>\n","protected":false},"excerpt":{"rendered":"<p>Instituciones educativas estuvieron compartiendo las acciones que est\u00e1n realizando para minimizar el impacto en el medio ambiente.<\/p>\n","protected":false},"author":4,"featured_media":5172,"comment_status":"closed","ping_status":"closed","sticky":false,"template":"","format":"standard","meta":{"footnotes":""},"categories":[5],"tags":[],"class_list":["post-5171","post","type-post","status-publish","format-standard","has-post-thumbnail","hentry","category-durazno"],"_links":{"self":[{"href":"https:\/\/paginacero.com.uy\/index.php?rest_route=\/wp\/v2\/posts\/5171","targetHints":{"allow":["GET"]}}],"collection":[{"href":"https:\/\/paginacero.com.uy\/index.php?rest_route=\/wp\/v2\/posts"}],"about":[{"href":"https:\/\/paginacero.com.uy\/index.php?rest_route=\/wp\/v2\/types\/post"}],"author":[{"embeddable":true,"href":"https:\/\/paginacero.com.uy\/index.php?rest_route=\/wp\/v2\/users\/4"}],"replies":[{"embeddable":true,"href":"https:\/\/paginacero.com.uy\/index.php?rest_route=%2Fwp%2Fv2%2Fcomments&post=5171"}],"version-history":[{"count":1,"href":"https:\/\/paginacero.com.uy\/index.php?rest_route=\/wp\/v2\/posts\/5171\/revisions"}],"predecessor-version":[{"id":5173,"href":"https:\/\/paginacero.com.uy\/index.php?rest_route=\/wp\/v2\/posts\/5171\/revisions\/5173"}],"wp:featuredmedia":[{"embeddable":true,"href":"https:\/\/paginacero.com.uy\/index.php?rest_route=\/wp\/v2\/media\/5172"}],"wp:attachment":[{"href":"https:\/\/paginacero.com.uy\/index.php?rest_route=%2Fwp%2Fv2%2Fmedia&parent=5171"}],"wp:term":[{"taxonomy":"category","embeddable":true,"href":"https:\/\/paginacero.com.uy\/index.php?rest_route=%2Fwp%2Fv2%2Fcategories&post=5171"},{"taxonomy":"post_tag","embeddable":true,"href":"https:\/\/paginacero.com.uy\/index.php?rest_route=%2Fwp%2Fv2%2Ftags&post=5171"}],"curies":[{"name":"wp","href":"https:\/\/api.w.org\/{rel}","templated":true}]}}