{"id":5168,"date":"2024-07-23T17:05:35","date_gmt":"2024-07-23T20:05:35","guid":{"rendered":"https:\/\/paginacero.com.uy\/?p=5168"},"modified":"2024-07-23T17:05:35","modified_gmt":"2024-07-23T20:05:35","slug":"tercer-campeonato-de-full-contact-de-karate-tuvo-sede-en-durazno","status":"publish","type":"post","link":"https:\/\/paginacero.com.uy\/?p=5168","title":{"rendered":"Tercer Campeonato de Full Contact de Karate tuvo sede en Durazno"},"content":{"rendered":"<p><strong><span class=\"TextRun SCXW107034250 BCX0\" lang=\"ES-UY\" xml:lang=\"ES-UY\" data-contrast=\"auto\"><span class=\"NormalTextRun SCXW107034250 BCX0\" data-ccp-parastyle=\"Standard\" data-ccp-parastyle-defn=\"{&quot;ObjectId&quot;:&quot;246a9e9e-a80c-48b7-9cab-1319eeb8962c|5&quot;,&quot;ClassId&quot;:1073872969,&quot;Properties&quot;:[469775450,&quot;Standard&quot;,201340122,&quot;2&quot;,134233614,&quot;true&quot;,469778129,&quot;Standard&quot;,335572020,&quot;1&quot;,469777841,&quot;Times New Roman&quot;,469777842,&quot;Arial&quot;,469777843,&quot;SimSun&quot;,469777844,&quot;Times New Roman&quot;,469769226,&quot;Times New Roman,Arial,SimSun&quot;,268442635,&quot;24&quot;,335559704,&quot;1081&quot;,335559705,&quot;2052&quot;,335551547,&quot;14346&quot;,134245417,&quot;false&quot;]}\">Eduardo Garc\u00eda es el presidente de la UFKO a nivel nacional y junto con el organizador local <\/span><span class=\"NormalTextRun SpellingErrorV2Themed SCXW107034250 BCX0\" data-ccp-parastyle=\"Standard\">Sensei<\/span><span class=\"NormalTextRun SCXW107034250 BCX0\" data-ccp-parastyle=\"Standard\"> Wilson <\/span><span class=\"NormalTextRun SpellingErrorV2Themed SCXW107034250 BCX0\" data-ccp-parastyle=\"Standard\">Bertiz<\/span><span class=\"NormalTextRun SCXW107034250 BCX0\" data-ccp-parastyle=\"Standard\">, docentes y karatecas estuvieron formando parte del <\/span><span class=\"NormalTextRun SCXW107034250 BCX0\" data-ccp-parastyle=\"Standard\">tercer Campeonato Uruguayo de Full <\/span><span class=\"NormalTextRun SpellingErrorV2Themed SCXW107034250 BCX0\" data-ccp-parastyle=\"Standard\">Contact<\/span><span class=\"NormalTextRun SCXW107034250 BCX0\" data-ccp-parastyle=\"Standard\"> de Karate, clasificatorio al Sudamericano de San Pablo que se realizar\u00e1 en el mes de noviembre y luego al Mundial de la WFKO en Jap\u00f3n el pr\u00f3ximo a\u00f1o.<\/span><\/span><span class=\"EOP SCXW107034250 BCX0\" data-ccp-props=\"{&quot;134245417&quot;:false}\">\u00a0<\/span><\/strong><!--more--><\/p>\n<p><span data-contrast=\"auto\">\u201cEste evento es de bastante trascendencia porque es el Campeonato Selectivo para el pr\u00f3ximo torneo sudamericano que se hace en San Pablo en noviembre, a su vez es ese campeonato es clasificatorio para el Campeonato Mundial que se realizar\u00e1 en Jap\u00f3n en 2025\u201d indic\u00f3 Garc\u00eda.<\/span><span data-ccp-props=\"{&quot;134245417&quot;:false}\">\u00a0<\/span><\/p>\n<p><span data-contrast=\"auto\">\u201cAc\u00e1 hay varias organizaciones que participan, es la caracter\u00edstica de este evento que es organizado por la Confederaci\u00f3n Uruguaya de Karate, con varias organizaciones presentes y que tienen contacto con Jap\u00f3n. Nos nucleamos en una sola organizaci\u00f3n para este Campeonato Mundial. La selecci\u00f3n ser\u00e1 un equipo conformado por tres atletas de cada categor\u00eda, damas y varones, los primeros tres puestos integrar\u00e1n la selecci\u00f3n uruguaya, ser\u00e1 importante con treinta competidores que representar\u00e1n a Uruguay en este Latinoamericano\u201d agreg\u00f3.<\/span><span data-ccp-props=\"{&quot;134245417&quot;:false}\">\u00a0<\/span><\/p>\n<p><span data-contrast=\"auto\">\u201cA nivel regional, en las Am\u00e9ricas, Uruguay est\u00e1 muy bien posicionado. Sudam\u00e9rica en primer lugar, en el resto de las Am\u00e9ricas no hemos tenido competencias, pero tiene muy buen nivel. Luego en los campeonatos mundiales es m\u00e1s dif\u00edcil, pero nunca se deja de hacer buenas presentaciones. Personalmente ya no compito, pero he estado en eventos de mucha importancia. Estar en un mundial es\u00a0 lo que todo atleta anhela, para eso se prepara, es el objetivo principal. Aca en Durazno siempre tenemos muy buenos eventos, el hecho de estar en el centro del pa\u00eds es una buena situaci\u00f3n geogr\u00e1fica y siempre estamos alentando este tipo de actividades\u201d dijo.<\/span><span data-ccp-props=\"{&quot;134245417&quot;:false}\">\u00a0<\/span><\/p>\n<p><span data-contrast=\"auto\">El karate tiene su origen durante el siglo xvi en las artes marciales nativas de las Islas Ryukyu, (hoy d\u00eda Okinawa) caracterizadas por el uso de los pu\u00f1os llamadas (Te \/ T\u014d-te \/ Toudi), adem\u00e1s de t\u00e9cnicas provenientes de la lucha nativa; siendo influenciado por algunos estilos de las artes marciales chinas (kung-fu) y en menor medida por otras disciplinas provenientes de otros pa\u00edses del sureste asi\u00e1tico como Tailandia, Filipinas e Indonesia. En el siglo xx este estilo marcial fue influenciado en un principio por varios conceptos t\u00e9cnicos, t\u00e1cticos y filos\u00f3ficos procedentes de algunas de las artes marciales japonesas modernas, como: el kendo, el judo, y finalmente el aikido. En un principio, El \u00abTe\u00bb siendo el arte antecesor al karate moderno surgi\u00f3 de la necesidad de los guerreros nobles de la isla (los pechin) de proteger al \u00faltimo rey de Okinawa, Sh\u014d Tai, y a s\u00ed mismos de los varios abusos perpetrados por los guerreros con armadura (los samur\u00e1is), quienes hac\u00edan parte de los invasores japoneses pertenecientes al clan Satsuma,2\u200b en el siglo xvii. Poco a poco, el \u00abTe\u00bb fue desarrollado en el reino de Ryukyu, y posteriormente se expandi\u00f3: se ense\u00f1\u00f3 sistem\u00e1ticamente en Jap\u00f3n despu\u00e9s de la era Taisho en el siglo xx, donde fue renombrado como karate-Do, como consecuencia de los intercambios culturales entre los japoneses y los habitantes de las islas Ryukyu. Incorpor\u00e1ndose as\u00ed a la cultura de las artes marciales tradicionales del Jap\u00f3n.<\/span><span data-ccp-props=\"{&quot;134245417&quot;:false}\">\u00a0<\/span><\/p>\n<p><span data-contrast=\"auto\">El karate-Do de hoy en d\u00eda se caracteriza fundamentalmente por el empleo de golpes de pu\u00f1o, bloqueos, patadas y golpes de mano abierta, donde las diferentes t\u00e9cnicas reciben varios nombres, seg\u00fan la zona del cuerpo a defender o atacar. Generalmente, y a diferencia de otras disciplinas, se busca derrotar al adversario mediante un impacto contundente (o unos pocos), preciso y definitivo, buscando ser lo m\u00e1s eficaz posible.<\/span><span data-ccp-props=\"{&quot;134245417&quot;:false}\">\u00a0<\/span><\/p>\n<p><span data-contrast=\"auto\">El full contact es un deporte derivado de las artes marciales tradicionales como el karate o el taekwondo y deportes de contacto como el boxeo; en el cual se busca el espect\u00e1culo puramente deportivo, y verificar la efectividad real de las t\u00e9cnicas contra un oponente entrenado. Las caracter\u00edsticas de esta modalidad deportiva son la continuidad en la ejecutoria, la variedad, y la libertad en el desarrollo de las t\u00e9cnicas y sobre todo; el respeto a la integridad f\u00edsica del deportista. Desde el punto de vista del pateo, el full contact refleja las t\u00e9cnicas penetrantes del karate, y en menor medida, el pateo percutante del taekwondo. La diferencia radica en el uso de las distancias largas, mientras que en el full contact las t\u00e9cnicas y la t\u00e1ctica se desarrollan desde una posici\u00f3n m\u00e1s corta y m\u00e1s pr\u00f3xima al oponente. Por ejemplo, las patadas con giro circular y la patada de empuje, son propias del taekwondo, mientras que las patadas circulares y laterales provienen del karate; siendo muy utilizadas en el full contact. Tambi\u00e9n algunas combinaciones de pasos tienen cierta similitud con los empleados en el taekwondo. Asimismo los barridos son derivados del karate. Por otro lado, las t\u00e9cnicas de pu\u00f1o y de bloqueo, derivan en su mayor\u00eda del boxeo y de algunas t\u00e9cnicas del karate.<\/span><span data-ccp-props=\"{&quot;134245417&quot;:false}\">\u00a0<\/span><\/p>\n","protected":false},"excerpt":{"rendered":"<p>Eduardo Garc\u00eda es el presidente de la UFKO a nivel nacional y junto con el organizador local Sensei Wilson Bertiz, docentes y karatecas estuvieron formando parte del tercer Campeonato Uruguayo de Full Contact de Karate, clasificatorio al Sudamericano de San Pablo que se realizar\u00e1 en el mes de noviembre y luego al Mundial de la [&hellip;]<\/p>\n","protected":false},"author":4,"featured_media":5169,"comment_status":"closed","ping_status":"closed","sticky":false,"template":"","format":"standard","meta":{"footnotes":""},"categories":[12,5],"tags":[],"class_list":["post-5168","post","type-post","status-publish","format-standard","has-post-thumbnail","hentry","category-deporte","category-durazno"],"_links":{"self":[{"href":"https:\/\/paginacero.com.uy\/index.php?rest_route=\/wp\/v2\/posts\/5168","targetHints":{"allow":["GET"]}}],"collection":[{"href":"https:\/\/paginacero.com.uy\/index.php?rest_route=\/wp\/v2\/posts"}],"about":[{"href":"https:\/\/paginacero.com.uy\/index.php?rest_route=\/wp\/v2\/types\/post"}],"author":[{"embeddable":true,"href":"https:\/\/paginacero.com.uy\/index.php?rest_route=\/wp\/v2\/users\/4"}],"replies":[{"embeddable":true,"href":"https:\/\/paginacero.com.uy\/index.php?rest_route=%2Fwp%2Fv2%2Fcomments&post=5168"}],"version-history":[{"count":1,"href":"https:\/\/paginacero.com.uy\/index.php?rest_route=\/wp\/v2\/posts\/5168\/revisions"}],"predecessor-version":[{"id":5170,"href":"https:\/\/paginacero.com.uy\/index.php?rest_route=\/wp\/v2\/posts\/5168\/revisions\/5170"}],"wp:featuredmedia":[{"embeddable":true,"href":"https:\/\/paginacero.com.uy\/index.php?rest_route=\/wp\/v2\/media\/5169"}],"wp:attachment":[{"href":"https:\/\/paginacero.com.uy\/index.php?rest_route=%2Fwp%2Fv2%2Fmedia&parent=5168"}],"wp:term":[{"taxonomy":"category","embeddable":true,"href":"https:\/\/paginacero.com.uy\/index.php?rest_route=%2Fwp%2Fv2%2Fcategories&post=5168"},{"taxonomy":"post_tag","embeddable":true,"href":"https:\/\/paginacero.com.uy\/index.php?rest_route=%2Fwp%2Fv2%2Ftags&post=5168"}],"curies":[{"name":"wp","href":"https:\/\/api.w.org\/{rel}","templated":true}]}}