{"id":5146,"date":"2024-07-23T10:57:48","date_gmt":"2024-07-23T13:57:48","guid":{"rendered":"https:\/\/paginacero.com.uy\/?p=5146"},"modified":"2024-07-23T10:57:48","modified_gmt":"2024-07-23T13:57:48","slug":"obras-en-el-estadio-landoni-comenzo-montaje-de-la-tribuna-norte","status":"publish","type":"post","link":"https:\/\/paginacero.com.uy\/?p=5146","title":{"rendered":"Obras en el estadio Landoni: comenz\u00f3 montaje de la tribuna Norte"},"content":{"rendered":"<p><strong>A muy buen ritmo contin\u00faa el desarrollo de mejoras generales de la infraestructura del estadio de f\u00fatbol \u201cSilvestre Octavio Landoni\u201d.<\/strong><!--more--><\/p>\n<div dir=\"auto\">La semana pasada la empresa que tiene a su cargo la tarea, comenz\u00f3 con el montaje definitivo de la tribuna que se construye desde \u201ccero\u201d en el tramo Norte, conocida usualmente como \u201ctribuna de pasto\u201d.<\/div>\n<div dir=\"auto\">Luego de realizados los correspondientes movimientos de tierra y nivelaciones, se dio inicio a la colocaci\u00f3n del material prefabricado, de hormig\u00f3n, que se transformar\u00e1 en la cuarta tribuna y que conectar\u00e1 con la principal, denominada \u201cTribuna de los Campeones Jos\u00e9 Guillermo Vera\u201d (que fue tambi\u00e9n objeto de trabajos de continuaci\u00f3n de la l\u00edneas de escalinatas) y la que lleva el nombre: \u201cAntonio Alzamendi Casas\u201d.<\/div>\n<p>Adem\u00e1s en el extremo Sur del estadio, avanza la extensi\u00f3n y nivelaci\u00f3n de la tribuna \u201cAlfredo \u201cChuco\u201d Zarza\u201d, y en ese mismo tramo, el cerramiento del per\u00edmetro que delimita la citada tribuna, con los contenedores que son oficinas y dem\u00e1s instalaciones de la Secretar\u00eda Nacional del Deporte (Senade), \u00a0inform\u00f3 el Arq. Santiago Carbajal, Director de tales obras.<\/p>\n","protected":false},"excerpt":{"rendered":"<p>A muy buen ritmo contin\u00faa el desarrollo de mejoras generales de la infraestructura del estadio de f\u00fatbol \u201cSilvestre Octavio Landoni\u201d.<\/p>\n","protected":false},"author":4,"featured_media":5147,"comment_status":"closed","ping_status":"closed","sticky":false,"template":"","format":"standard","meta":{"footnotes":""},"categories":[12,5],"tags":[],"class_list":["post-5146","post","type-post","status-publish","format-standard","has-post-thumbnail","hentry","category-deporte","category-durazno"],"_links":{"self":[{"href":"https:\/\/paginacero.com.uy\/index.php?rest_route=\/wp\/v2\/posts\/5146","targetHints":{"allow":["GET"]}}],"collection":[{"href":"https:\/\/paginacero.com.uy\/index.php?rest_route=\/wp\/v2\/posts"}],"about":[{"href":"https:\/\/paginacero.com.uy\/index.php?rest_route=\/wp\/v2\/types\/post"}],"author":[{"embeddable":true,"href":"https:\/\/paginacero.com.uy\/index.php?rest_route=\/wp\/v2\/users\/4"}],"replies":[{"embeddable":true,"href":"https:\/\/paginacero.com.uy\/index.php?rest_route=%2Fwp%2Fv2%2Fcomments&post=5146"}],"version-history":[{"count":1,"href":"https:\/\/paginacero.com.uy\/index.php?rest_route=\/wp\/v2\/posts\/5146\/revisions"}],"predecessor-version":[{"id":5148,"href":"https:\/\/paginacero.com.uy\/index.php?rest_route=\/wp\/v2\/posts\/5146\/revisions\/5148"}],"wp:featuredmedia":[{"embeddable":true,"href":"https:\/\/paginacero.com.uy\/index.php?rest_route=\/wp\/v2\/media\/5147"}],"wp:attachment":[{"href":"https:\/\/paginacero.com.uy\/index.php?rest_route=%2Fwp%2Fv2%2Fmedia&parent=5146"}],"wp:term":[{"taxonomy":"category","embeddable":true,"href":"https:\/\/paginacero.com.uy\/index.php?rest_route=%2Fwp%2Fv2%2Fcategories&post=5146"},{"taxonomy":"post_tag","embeddable":true,"href":"https:\/\/paginacero.com.uy\/index.php?rest_route=%2Fwp%2Fv2%2Ftags&post=5146"}],"curies":[{"name":"wp","href":"https:\/\/api.w.org\/{rel}","templated":true}]}}