{"id":5142,"date":"2024-07-22T10:46:35","date_gmt":"2024-07-22T13:46:35","guid":{"rendered":"https:\/\/paginacero.com.uy\/?p=5142"},"modified":"2024-07-22T10:46:35","modified_gmt":"2024-07-22T13:46:35","slug":"la-dama-del-candombe","status":"publish","type":"post","link":"https:\/\/paginacero.com.uy\/?p=5142","title":{"rendered":"\u201cLA DAMA DEL CANDOMBE\u201d"},"content":{"rendered":"<p><strong>La Intendencia de Durazno y el Instituto Nacional de M\u00fasica celebrar\u00e1n en Durazno el cent\u00e9simo aniversario del nacimiento de L\u00e1grima R\u00edos, que se cumple el pr\u00f3ximo 26 de setiembre.<\/strong><!--more--><\/p>\n<p>Por Sa\u00fal Mois\u00e9s Pi\u00f1a<\/p>\n<p>El programa destaca actividades culturales y una exposici\u00f3n alusiva a la trascendente vida art\u00edstica de esta particular figura, cuya fama trascendi\u00f3 a nivel internacional.<\/p>\n<p>En Durazno existe una muy rica historia de actividades de carnaval, surgiendo personajes muy originales de esta fiesta estrechamente vinculada con el pueblo.<\/p>\n<p>Tenemos hoy el privilegio de ser la \u201cCapital del Interior de las Llamadas\u201d, un fen\u00f3meno que adquiri\u00f3 gran desarrollo y marcado prestigio, que le otorg\u00f3 trascendencia nacional a nuestro departamento.<\/p>\n<p>La fiesta del Rey Momo ha tenido cambios ,pero lo que no ha variado es la vigencia en el recuerdo, de figuras que dejaron profundas huellas en el alma delos vecinos, que recuerdan con nostalgia, que fue un tiempo mejor.<\/p>\n<p>L\u00e1grima R\u00edos fue una duraznense, que si bien no particip\u00f3 directamente de la Fiesta de Momo en nuestra ciudad, su actividad tuvo trascendencia nacional e incluso fuera del pa\u00eds. Nos referimos a L\u00e1grima R\u00edos. Su verdadero nombre era: Lida Melba Benavidez Tab\u00e1rez, conocida como \u201cLa Dama del Candombe\u201d o \u201cLa Perla Negra del Tango\u201d. Tuvo el privilegio de ser la primera cantora profesional morena en interpretar tangos. Los especialistas en el tema afirmaban, que su voz, representaba la m\u00e1s noble esencia del canto mestizo y negro. L\u00e1grima naci\u00f3 en nuestra ciudad, el 26 de setiembre de 1924, en una finca ubicada en la hoy calle Baltasar Brum. Su madre ten\u00eda 15 a\u00f1os cuando la dio a luz y su abuela que proced\u00eda de un grupo de esclavos fugados de Brasil, ayudo en su crianza, enfrentando graves dificultades econ\u00f3micas. Se mudaron a Montevideo en b\u00fasqueda de nuevos horizontes, su abuela le ense\u00f1aba pasos de bailes a grupos de negros, en t\u00e9cnicas tales como:\u201dEscobilleros\u201d<\/p>\n<p>\u201cMama Vieja \u201cy de toques de tamboril. L\u00e1grima recogi\u00f3 esta experiencia y muy joven, acompa\u00f1\u00f3 un guitarrista, logrando gran inter\u00e9s por la potencia y tono de su voz, al punto de que el conocido Maestro Alberto Mastra la integr\u00f3 a su tr\u00edo, ingresando as\u00ed escenario profesional.<\/p>\n<p>Sobre las caracter\u00edsticas de su voz, L\u00e1grima dec\u00eda que los negros tienen las cuerdas vocales una pinta m\u00e1s gruesa que los blancos y que adem\u00e1s, ella ten\u00eda una conformaci\u00f3n \u00f3sea tor\u00e1cica muy particular, que ampliaba su caja de resonancia.<\/p>\n<p>.Comparti\u00f3 varios grupos, con presentaciones en Madrid, Londres y Francia, siendo la primera cantora uruguaya que tuvo el elevado privilegio de cantar en \u201cLa Sorbona \u201c, la hist\u00f3rica y venerable universidad de Paris, heredera de un legendario contenido profundamente humanista. Esta duraznense grab\u00f3 exitosos discos, actuando incluso en algunas pel\u00edculas relacionadas con el tango y el afro, que obtuvieron valiosos lauros.<\/p>\n<p>L\u00e1grima nacida en ese barrio crisol de muchos valores, como es el \u201cPuerto de los Barriles\u201d, dec\u00eda en una nota period\u00edstica:\u201d Soy una mujer a quien Dios le quit\u00f3 muchas cosas, pero tambi\u00e9n le dio una garganta, que a trav\u00e9s de los a\u00f1os fue manteniendo su pureza frente al p\u00fablico y recibir el aplauso no solo de mi pa\u00eds sino tambi\u00e9n fuera de \u00e9l. Soy una mujer agradecida a Dios, pero estrella no\u201d.<\/p>\n<p>Ser\u00eda una buena iniciativa contar en Durazno con un \u201cMuseo del Carnaval\u201d, para tributar el homenaje a queridos personajes, grupos y artistas de tablado, que dejaron su grata huella en la historia del carnaval de Durazno, en el cual deber\u00e1 ocupar un espacio de privilegio L\u00e1grima R\u00edos.<\/p>\n","protected":false},"excerpt":{"rendered":"<p>La Intendencia de Durazno y el Instituto Nacional de M\u00fasica celebrar\u00e1n en Durazno el cent\u00e9simo aniversario del nacimiento de L\u00e1grima R\u00edos, que se cumple el pr\u00f3ximo 26 de setiembre.<\/p>\n","protected":false},"author":4,"featured_media":5143,"comment_status":"closed","ping_status":"closed","sticky":false,"template":"","format":"standard","meta":{"footnotes":""},"categories":[5],"tags":[],"class_list":["post-5142","post","type-post","status-publish","format-standard","has-post-thumbnail","hentry","category-durazno"],"_links":{"self":[{"href":"https:\/\/paginacero.com.uy\/index.php?rest_route=\/wp\/v2\/posts\/5142","targetHints":{"allow":["GET"]}}],"collection":[{"href":"https:\/\/paginacero.com.uy\/index.php?rest_route=\/wp\/v2\/posts"}],"about":[{"href":"https:\/\/paginacero.com.uy\/index.php?rest_route=\/wp\/v2\/types\/post"}],"author":[{"embeddable":true,"href":"https:\/\/paginacero.com.uy\/index.php?rest_route=\/wp\/v2\/users\/4"}],"replies":[{"embeddable":true,"href":"https:\/\/paginacero.com.uy\/index.php?rest_route=%2Fwp%2Fv2%2Fcomments&post=5142"}],"version-history":[{"count":1,"href":"https:\/\/paginacero.com.uy\/index.php?rest_route=\/wp\/v2\/posts\/5142\/revisions"}],"predecessor-version":[{"id":5144,"href":"https:\/\/paginacero.com.uy\/index.php?rest_route=\/wp\/v2\/posts\/5142\/revisions\/5144"}],"wp:featuredmedia":[{"embeddable":true,"href":"https:\/\/paginacero.com.uy\/index.php?rest_route=\/wp\/v2\/media\/5143"}],"wp:attachment":[{"href":"https:\/\/paginacero.com.uy\/index.php?rest_route=%2Fwp%2Fv2%2Fmedia&parent=5142"}],"wp:term":[{"taxonomy":"category","embeddable":true,"href":"https:\/\/paginacero.com.uy\/index.php?rest_route=%2Fwp%2Fv2%2Fcategories&post=5142"},{"taxonomy":"post_tag","embeddable":true,"href":"https:\/\/paginacero.com.uy\/index.php?rest_route=%2Fwp%2Fv2%2Ftags&post=5142"}],"curies":[{"name":"wp","href":"https:\/\/api.w.org\/{rel}","templated":true}]}}