{"id":5132,"date":"2024-07-19T10:24:28","date_gmt":"2024-07-19T13:24:28","guid":{"rendered":"https:\/\/paginacero.com.uy\/?p=5132"},"modified":"2024-07-19T10:24:28","modified_gmt":"2024-07-19T13:24:28","slug":"vivo-el-canto-con-todo-el-entusiasmo","status":"publish","type":"post","link":"https:\/\/paginacero.com.uy\/?p=5132","title":{"rendered":"\u201cVivo el canto con todo el entusiasmo\u201d"},"content":{"rendered":"<p><strong>Alejandra Tarigo Peluffo vive la m\u00fasica desde ni\u00f1a, perfeccion\u00e1ndose y form\u00e1ndose para desarrollar un arte que comparte con sus estudiantes, la familia y todos quienes quieran acercarse.\u00a0<\/strong><!--more--><\/p>\n<p><span data-contrast=\"auto\">\u201cSiempre digo que la m\u00fasica es algo innato en m\u00ed, nac\u00ed con la m\u00fasica, nac\u00ed en una familia de m\u00fasicos y sin duda mi vida vino direccionada hacia eso. La m\u00fasica es mi pasi\u00f3n si bien es mi profesi\u00f3n a la cual eleg\u00ed, para la cual me prepar\u00e9 y la cual vivo d\u00eda a d\u00eda con mucho entusiasmo\u201d cont\u00f3 present\u00e1ndose.<\/span><span data-ccp-props=\"{&quot;134245417&quot;:false}\">\u00a0<\/span><\/p>\n<p><span data-contrast=\"auto\">\u201cPero la m\u00fasica vino predeterminada a dedicarme a esto, mi abuelo es m\u00fasico, por la rama de mi mam\u00e1 tambi\u00e9n hay m\u00fasicos, algunos familiares, mi padre es reconocido sobre todo como docente y director coral, me gui\u00f3 desde muy chica. El camino lo quise emprender estudiando diferentes cuestiones que ten\u00edan que ver con la m\u00fasica, empec\u00e9 a los seis a\u00f1os a estudiar solfeo en el Conservatorio, piano y flauta dulce, luego el Conservatorio cerr\u00f3 y continu\u00e9 en el Instituto Schumann donde me recib\u00ed de profesora de solfeo y profesora de piano. Mi carrera continu\u00f3 ingresando al IPA, estudiando, en el a\u00f1o 2001 present\u00e1ndome por Durazno para un llamado y fui seleccionada para concurrir todas las semanas durante cuatro a\u00f1os al Taller de Formador de Formadores que pertenec\u00eda al Ministerio de Educaci\u00f3n y Cultura, cuatro a\u00f1os de los cuales sal\u00ed titulada como Directora de Coros especializada en Armon\u00eda y Contrapunto, en T\u00e9cnicas Vocales\u201d agreg\u00f3.<\/span><span data-ccp-props=\"{&quot;134245417&quot;:false}\">\u00a0<\/span><\/p>\n<p><span data-contrast=\"auto\">A lo largo de su vida, la m\u00fasica siempre ha estado presente y son muchas las actividades que ha desarrollado.<\/span><span data-ccp-props=\"{&quot;134245417&quot;:false}\">\u00a0<\/span><\/p>\n<p><span data-contrast=\"auto\">\u201cForm\u00e9 parte del Coro Departamental de Durazno cuando lo dirig\u00eda mi pap\u00e1 Roberto Tarigo, viaj\u00e9 muchos a\u00f1os a Paso de los Toros donde fui directora del coro de esa ciudad, he recorrido un mont\u00f3n de lugares gracias a la m\u00fasica y estoy agradecida a este arte maravilloso que la vida me dio la oportunidad de nacer en un lugar donde se me sembr\u00f3 la semillita, que me la hizo ir germinando y que a\u00f1o a a\u00f1o trato de ir autoregando con conocimientos nuevos y con muchas ganas de siempre continuar desarroll\u00e1ndome\u201d cont\u00f3.<\/span><span data-ccp-props=\"{&quot;134245417&quot;:false}\">\u00a0<\/span><\/p>\n<p><span data-contrast=\"auto\">\u201cTrabajo en Educaci\u00f3n Primaria, en Educaci\u00f3n Secundaria, he sido directora de coros de diferentes edades y actualmente me dedico a los coros de ni\u00f1os espec\u00edficamente. Soy docente de la C\u00e1tedra de Canto del Conservatorio Departamental, hace ya diez a\u00f1os, he concursado en Primaria obteniendo el cargo de efectividad que actualmente desempe\u00f1o y tambi\u00e9n he estudiado el Diplomado en Gesti\u00f3n Cultural y actualmente estoy cursando una Maestr\u00eda Internacional en Musicoterapia\u201d dijo.<\/span><span data-ccp-props=\"{&quot;134245417&quot;:false}\">\u00a0<\/span><\/p>\n<p><span data-contrast=\"auto\">La familia es el pilar fundamental para Alejandra, que considera el tiempo compartido con ella, el mejor de la vida.<\/span><span data-ccp-props=\"{&quot;134245417&quot;:false}\">\u00a0<\/span><\/p>\n<p><span data-contrast=\"auto\">\u201cMi familia est\u00e1 formada por mi pap\u00e1 y mi mam\u00e1, que son mis pilares, una hermana que adoro, un sobrino, mi cu\u00f1ado al cual considero un hermano y una hija maravillosa que me dio la vida y con la cual compartimos el maravilloso mundo del arte, adem\u00e1s de que ella tiene otros gustos, pero tambi\u00e9n compartimos m\u00fasica. Como hobby realmente, siempre digo que vivo de lo que me gusta, por lo tanto considero que permanentemente estoy haciendo tambi\u00e9n es un hobby, lo que la gente muchas veces toma como terapia, la m\u00fasica, los beneficios que tiene, estoy inmersa en esa terapia y para m\u00ed ese es el hobby. Pero si tengo que elegir algo, elijo estar en familia, estar en casa y con mis seres queridos es lo m\u00e1ximo que me gusta hacer. No soy de salir, pero si me gusta compartir mucho en familia\u201d cont\u00f3.<\/span><span data-ccp-props=\"{&quot;134245417&quot;:false}\">\u00a0<\/span><\/p>\n<p><span data-contrast=\"auto\">El martes pr\u00f3ximo tendr\u00e1 lugar una de las actividades programada desde su C\u00e1tedra de Canto, llamada enCanto, con el objetivo de convocar a otros coros y tambi\u00e9n al p\u00fablico, a participar de la experiencia.<\/span><span data-ccp-props=\"{&quot;134245417&quot;:false}\">\u00a0<\/span><\/p>\n<p><span data-contrast=\"auto\">\u201cEste a\u00f1o me propuse desde la C\u00e1tedra de Canto del Conservatorio\u00a0 realizar una actividad que fuera bastante sacada, por as\u00ed decirlo, de las cuatro paredes donde uno diariamente da sus clases. Una actividad que se llamara enCanto y que tuviera cada mes un ciclo, la llamo participativa, educativa y demostrativa. Educativa porque hablo un poco sobre lo que es la voz y el funcionamiento, para que la gente que concurre pueda conocer un poquito m\u00e1s de lo que cada uno tenemos, a veces hablamos, respiramos, mec\u00e1nicamente, pero est\u00e1 bueno tomar conciencia de eso tan importante que es el don de poder respirar y emitir sonidos, ya sea para hablar, para cantar, pero tomar conciencia de eso\u201d dijo.<\/span><span data-ccp-props=\"{&quot;134245417&quot;:false}\">\u00a0<\/span><\/p>\n<p><span data-contrast=\"auto\">\u201cTambi\u00e9n es demostrativa porque participan estudiantes de la C\u00e1tedra de Canto e invitados especiales y participativa porque quise hacer un ciclo donde el p\u00fablico puede ir a apreciar lo que se est\u00e1 dando en el momento, tambi\u00e9n puede ser parte del ciclo. Me gusta que la gente tambi\u00e9n cante junto a nosotros, se saque esas verg\u00fcenza que el ser humano generalmente tiene porque se dice que la voz desnuda el alma, entonces tambi\u00e9n que el p\u00fablico participe es bueno\u201d agreg\u00f3.<\/span><span data-ccp-props=\"{&quot;134245417&quot;:false}\">\u00a0<\/span><\/p>\n<p><span data-contrast=\"auto\">\u201cEste mes cumplimos la cuarta etapa del ciclo, comenzamos en abril, estrenando en el sal\u00f3n de eventos del Espacio Cultural, luego en la Biblioteca de Cobusu pensando en descentralizar y recorrer los barrios, en junio fue en el hall del Museo Casa de Rivera homenajeando a los abuelos e invitando a talleres de canto de la tercera edad para poder compartir con ellos esto tan lindo que es la m\u00fasica y ahora en julio ser\u00e1 en el hall del Centro Cultural Teatro Espa\u00f1ol el martes a las 19 horas, donde como invitado especial estar\u00e1 el coro del Colegio San Luis que lo dirijo tambi\u00e9n, estudiantes de la C\u00e1tedra de Canto y el Taller de Canto de Ni\u00f1os, haciendo un cierre cantando todos juntos con el p\u00fablico presente\u201d indic\u00f3.<\/span><span data-ccp-props=\"{&quot;134245417&quot;:false}\">\u00a0<\/span><\/p>\n<p><span data-contrast=\"auto\">La m\u00fasica ha sido vida para Alejandra, pero tambi\u00e9n una estrategia para volcar el arte.<\/span><span data-ccp-props=\"{&quot;134245417&quot;:false}\">\u00a0<\/span><\/p>\n<p><span data-contrast=\"auto\">\u201cEn cuanto a la reflexi\u00f3n sobre la m\u00fasica, no lo digo solo yo, la m\u00fasica sana, la m\u00fasica cura, te permite expresar, transmite emociones, te hace re\u00edr, te hace llorar, te hace viajar mentalmente hacia lugares remotos que muchas veces ser\u00eda imposible llegar, pero sobre todo une, logra que las personas puedan unirse, no necesariamente tienen que dedicarse a esto, pero la m\u00fasica tiene ese don que es el de unir, creo que es fundamental sobre todo en el mundo de hoy, un mundo tan loco, tan apurado, tan tecnol\u00f3gico, est\u00e1 bueno que la m\u00fasica sea tomada como un punto que en determinado momento nos tenga en un mismo lugar a todos juntos, disfrutando de algo, de un canto, de un ejercicio de respiraci\u00f3n y relax que son necesarios para la preparaci\u00f3n del cantar, compartir un momento con los dem\u00e1s, pero que ese momento el fin sea hacer m\u00fasica y en este caso en lo que a mi me ata\u00f1e que es el cantar\u201d dijo.<\/span><span data-ccp-props=\"{&quot;134245417&quot;:false}\">\u00a0<\/span><\/p>\n<p><span data-contrast=\"auto\">\u201cLa m\u00fasica tiene que estar presente, ha estado presente desde los comienzos mismos del hombre, lo ha acompa\u00f1ado en su evoluci\u00f3n as\u00ed que sin lugar a dudas eso es lo que demuestra que la m\u00fasica es algo que no debe faltar en la vida de nadie, no solo para el ser humano sino para los seres vivos, porque se ha demostrado que es ben\u00e9fica para las plantas, para los animales\u201d finaliz\u00f3.<\/span><span data-ccp-props=\"{&quot;134245417&quot;:false}\">\u00a0<\/span><\/p>\n","protected":false},"excerpt":{"rendered":"<p>Alejandra Tarigo Peluffo vive la m\u00fasica desde ni\u00f1a, perfeccion\u00e1ndose y form\u00e1ndose para desarrollar un arte que comparte con sus estudiantes, la familia y todos quienes quieran acercarse.\u00a0<\/p>\n","protected":false},"author":4,"featured_media":5133,"comment_status":"closed","ping_status":"closed","sticky":false,"template":"","format":"standard","meta":{"footnotes":""},"categories":[5,17],"tags":[],"class_list":["post-5132","post","type-post","status-publish","format-standard","has-post-thumbnail","hentry","category-durazno","category-suplemento-mujer"],"_links":{"self":[{"href":"https:\/\/paginacero.com.uy\/index.php?rest_route=\/wp\/v2\/posts\/5132","targetHints":{"allow":["GET"]}}],"collection":[{"href":"https:\/\/paginacero.com.uy\/index.php?rest_route=\/wp\/v2\/posts"}],"about":[{"href":"https:\/\/paginacero.com.uy\/index.php?rest_route=\/wp\/v2\/types\/post"}],"author":[{"embeddable":true,"href":"https:\/\/paginacero.com.uy\/index.php?rest_route=\/wp\/v2\/users\/4"}],"replies":[{"embeddable":true,"href":"https:\/\/paginacero.com.uy\/index.php?rest_route=%2Fwp%2Fv2%2Fcomments&post=5132"}],"version-history":[{"count":1,"href":"https:\/\/paginacero.com.uy\/index.php?rest_route=\/wp\/v2\/posts\/5132\/revisions"}],"predecessor-version":[{"id":5134,"href":"https:\/\/paginacero.com.uy\/index.php?rest_route=\/wp\/v2\/posts\/5132\/revisions\/5134"}],"wp:featuredmedia":[{"embeddable":true,"href":"https:\/\/paginacero.com.uy\/index.php?rest_route=\/wp\/v2\/media\/5133"}],"wp:attachment":[{"href":"https:\/\/paginacero.com.uy\/index.php?rest_route=%2Fwp%2Fv2%2Fmedia&parent=5132"}],"wp:term":[{"taxonomy":"category","embeddable":true,"href":"https:\/\/paginacero.com.uy\/index.php?rest_route=%2Fwp%2Fv2%2Fcategories&post=5132"},{"taxonomy":"post_tag","embeddable":true,"href":"https:\/\/paginacero.com.uy\/index.php?rest_route=%2Fwp%2Fv2%2Ftags&post=5132"}],"curies":[{"name":"wp","href":"https:\/\/api.w.org\/{rel}","templated":true}]}}