{"id":5123,"date":"2024-07-17T10:12:04","date_gmt":"2024-07-17T13:12:04","guid":{"rendered":"https:\/\/paginacero.com.uy\/?p=5123"},"modified":"2024-07-17T10:12:04","modified_gmt":"2024-07-17T13:12:04","slug":"la-movida-del-barrio-llega-al-cib-moroni","status":"publish","type":"post","link":"https:\/\/paginacero.com.uy\/?p=5123","title":{"rendered":"\u201cLa Movida del Barrio\u201d llega al CIB Moroni"},"content":{"rendered":"<p><strong><span class=\"TextRun SCXW116991870 BCX0\" lang=\"ES-UY\" xml:lang=\"ES-UY\" data-contrast=\"auto\"><span class=\"NormalTextRun SCXW116991870 BCX0\" data-ccp-parastyle=\"Standard\" data-ccp-parastyle-defn=\"{&quot;ObjectId&quot;:&quot;5dd3f58f-ae30-4fd8-b656-808b31033336|5&quot;,&quot;ClassId&quot;:1073872969,&quot;Properties&quot;:[469775450,&quot;Standard&quot;,201340122,&quot;2&quot;,134233614,&quot;true&quot;,469778129,&quot;Standard&quot;,335572020,&quot;1&quot;,469777841,&quot;Times New Roman&quot;,469777842,&quot;Arial&quot;,469777843,&quot;SimSun&quot;,469777844,&quot;Times New Roman&quot;,469769226,&quot;Times New Roman,Arial,SimSun&quot;,268442635,&quot;24&quot;,335559704,&quot;1081&quot;,335559705,&quot;2052&quot;,335551547,&quot;14346&quot;,134245417,&quot;false&quot;]}\">La Movida del barrio es una propuesta que est\u00e1 llegando a su tercera edici\u00f3n, con una propuesta <\/span><span class=\"NormalTextRun ContextualSpellingAndGrammarErrorV2Themed SCXW116991870 BCX0\" data-ccp-parastyle=\"Standard\">l\u00fadico deportiva<\/span><span class=\"NormalTextRun SCXW116991870 BCX0\" data-ccp-parastyle=\"Standard\"> y recreativa, que de forma gratuita est\u00e1 dirigida a edades infantiles y <\/span><span class=\"NormalTextRun SCXW116991870 BCX0\" data-ccp-parastyle=\"Standard\">adolescentes.<\/span><\/span><\/strong><span class=\"LineBreakBlob BlobObject DragDrop SCXW116991870 BCX0\"><strong><span class=\"SCXW116991870 BCX0\">\u00a0<\/span><\/strong><br class=\"SCXW116991870 BCX0\" \/><\/span><!--more--><\/p>\n<p><span data-contrast=\"auto\">\u201cLa Movida del barrio est\u00e1 organizada por la Oficina de la Juventud de la Intendencia, INJU del Mides y el Area de Deportes, estas actividades se realizan una vez al mes en diferentes centros barriales\u201d dijo Mat\u00edas Luj\u00e1n, coordinador de la Oficina de la Juventud.<\/span><span data-ccp-props=\"{&quot;134245417&quot;:false}\">\u00a0<\/span><\/p>\n<p><span data-contrast=\"auto\">\u201cLa idea es que ni\u00f1os, ni\u00f1as, j\u00f3venes puedan asistir al centro de integraci\u00f3n barrial de su zona para tener parte de dos horas de actividades deportivas, recreativas, intercambio con otros pares de sus barrios. En su momento los j\u00f3venes podr\u00e1n visitar otros centros barriales, aquellos que les guste la idea podr\u00e1n hacer ese recorrido a otros centros y participar de las actividades\u201d agreg\u00f3.<\/span><span data-ccp-props=\"{&quot;134245417&quot;:false}\">\u00a0<\/span><\/p>\n<p><span data-contrast=\"auto\">\u201cEl objetivo es poder desconectar de las pantallas, la televisi\u00f3n, el celular y tener una actividad marcada por mes para poder disfrutar del aire libre, de otras actividades que tambi\u00e9n nos va a venir bien para interactuar con otros j\u00f3venes, conectarse con el barrio, los vecinos y con otros barrios. Queremos potenciar la propuesta y tener m\u00e1s fines de semana en cada barrio, pero para comenzar con este plan piloto consideramos que la respuesta ha sido muy linda en cada centro que hemos visitado, esto nos permite contar con varios j\u00f3venes interesados en cada CIB y que puedan disfrutar, apropiarse de la actividad\u201d dijo.<\/span><span data-ccp-props=\"{&quot;134245417&quot;:false}\">\u00a0<\/span><\/p>\n<p><span data-contrast=\"auto\">La alianza entre la Oficina de la Juventud y el Inju ha permitido llevar varias actividades en la comunidad, sensibilizando sobre diferentes temas, entre ellos la campa\u00f1a \u201cNi silencio ni tab\u00fa\u201d que tambi\u00e9n est\u00e1 avanzando en varios centros educativos de la ciudad y el interior.<\/span><span data-ccp-props=\"{&quot;134245417&quot;:false}\">\u00a0<\/span><\/p>\n<p><span data-contrast=\"auto\">\u201cNiSilencioNiTab\u00fa es una campa\u00f1a nacional de sensibilizaci\u00f3n sobre salud mental y bienestar psicosocial dirigida a adolescentes y j\u00f3venes que busca promover su involucramiento y participaci\u00f3n en la tem\u00e1tica, haciendo visible lo que piensan, lo que sienten y lo que proponen. Llega a adolescentes y j\u00f3venes en todo el pa\u00eds, con el apoyo de un kit de materiales con din\u00e1micas y propuestas desarrollados por profesionales de la salud mental, con el apoyo de UNICEF. Este despliegue en territorio busca sensibilizar a los j\u00f3venes en el tema de la campa\u00f1a, para que act\u00faen como agentes de cambio en sus comunidades, y as\u00ed poder visibilizar la importancia de hablar sobre salud mental y bienestar socioemocional\u201d indicaron desde la organizaci\u00f3n.<\/span><span data-ccp-props=\"{&quot;134245417&quot;:false}\">\u00a0<\/span><\/p>\n<p><span data-contrast=\"auto\">Es una iniciativa orientada a sensibilizar acerca de la salud mental y el bienestar psicosocial de j\u00f3venes en todo el pa\u00eds. Desde su origen, en 2022, unos 30.000 j\u00f3venes y 1.600 adultos participaron de actividades y capacitaciones, es un programa desarrollado conjuntamente por el INJU, el Ministerio de Salud P\u00fablica (MSP), INAU y Unicef, con el apoyo de las Intendencias municipales.<\/span><span data-ccp-props=\"{&quot;134245417&quot;:false}\">\u00a0<\/span><\/p>\n<p><span data-contrast=\"auto\">Dentro de las l\u00edneas estrat\u00e9gicas previstas para el a\u00f1o en curso, el director del INJU resalt\u00f3 la continuidad de la labor coordinada a fin de recopilar datos, como apoyo para orientar las acciones. Este a\u00f1o, en una iniciativa conjunta entre el organismo y el Instituto Nacional de Estad\u00edstica (INE), se realizar\u00e1 una nueva encuesta nacional de adolescencia y juventud, con un cap\u00edtulo exclusivo sobre salud mental.<\/span><span data-ccp-props=\"{&quot;134245417&quot;:false}\">\u00a0<\/span><\/p>\n<p><span data-contrast=\"auto\">Un tercer eje de trabajo implica la formaci\u00f3n de adultos referentes para los que se proporcionar\u00e1 una capacitaci\u00f3n en l\u00ednea, con un segundo m\u00f3dulo que profundizar\u00e1 instancias previas de aprendizaje en la tem\u00e1tica.<\/span><span data-ccp-props=\"{&quot;134245417&quot;:false}\">\u00a0<\/span><\/p>\n<p><span data-contrast=\"auto\">En los pr\u00f3ximos meses, y en articulaci\u00f3n con Unicef, se presentar\u00e1n siete centros de atenci\u00f3n directa en promoci\u00f3n y prevenci\u00f3n en salud mental para adolescentes y j\u00f3venes que brindar\u00e1n contenci\u00f3n terap\u00e9utica a personas de entre 14 y 24 a\u00f1os, con la estimaci\u00f3n de alcanzar 35.000 j\u00f3venes tras un a\u00f1o de funcionamiento.<\/span><span data-ccp-props=\"{&quot;134245417&quot;:false}\">\u00a0<\/span><\/p>\n<p><span data-contrast=\"auto\">Desde la organizaci\u00f3n se resalt\u00f3 la importancia de la detecci\u00f3n precoz y la intervenci\u00f3n a tiempo, como parte de promover la salud mental y conductual y adem\u00e1s que se transforme en una pol\u00edtica de Estado, lo que da una perspectiva de futuro y de avance mucho mayor.<\/span><span data-ccp-props=\"{&quot;134245417&quot;:false}\">\u00a0<\/span><\/p>\n","protected":false},"excerpt":{"rendered":"<p>La Movida del barrio es una propuesta que est\u00e1 llegando a su tercera edici\u00f3n, con una propuesta l\u00fadico deportiva y recreativa, que de forma gratuita est\u00e1 dirigida a edades infantiles y adolescentes.\u00a0<\/p>\n","protected":false},"author":4,"featured_media":5124,"comment_status":"closed","ping_status":"closed","sticky":false,"template":"","format":"standard","meta":{"footnotes":""},"categories":[5],"tags":[],"class_list":["post-5123","post","type-post","status-publish","format-standard","has-post-thumbnail","hentry","category-durazno"],"_links":{"self":[{"href":"https:\/\/paginacero.com.uy\/index.php?rest_route=\/wp\/v2\/posts\/5123","targetHints":{"allow":["GET"]}}],"collection":[{"href":"https:\/\/paginacero.com.uy\/index.php?rest_route=\/wp\/v2\/posts"}],"about":[{"href":"https:\/\/paginacero.com.uy\/index.php?rest_route=\/wp\/v2\/types\/post"}],"author":[{"embeddable":true,"href":"https:\/\/paginacero.com.uy\/index.php?rest_route=\/wp\/v2\/users\/4"}],"replies":[{"embeddable":true,"href":"https:\/\/paginacero.com.uy\/index.php?rest_route=%2Fwp%2Fv2%2Fcomments&post=5123"}],"version-history":[{"count":1,"href":"https:\/\/paginacero.com.uy\/index.php?rest_route=\/wp\/v2\/posts\/5123\/revisions"}],"predecessor-version":[{"id":5125,"href":"https:\/\/paginacero.com.uy\/index.php?rest_route=\/wp\/v2\/posts\/5123\/revisions\/5125"}],"wp:featuredmedia":[{"embeddable":true,"href":"https:\/\/paginacero.com.uy\/index.php?rest_route=\/wp\/v2\/media\/5124"}],"wp:attachment":[{"href":"https:\/\/paginacero.com.uy\/index.php?rest_route=%2Fwp%2Fv2%2Fmedia&parent=5123"}],"wp:term":[{"taxonomy":"category","embeddable":true,"href":"https:\/\/paginacero.com.uy\/index.php?rest_route=%2Fwp%2Fv2%2Fcategories&post=5123"},{"taxonomy":"post_tag","embeddable":true,"href":"https:\/\/paginacero.com.uy\/index.php?rest_route=%2Fwp%2Fv2%2Ftags&post=5123"}],"curies":[{"name":"wp","href":"https:\/\/api.w.org\/{rel}","templated":true}]}}