{"id":5120,"date":"2024-07-15T17:49:58","date_gmt":"2024-07-15T20:49:58","guid":{"rendered":"https:\/\/paginacero.com.uy\/?p=5120"},"modified":"2024-07-15T17:49:58","modified_gmt":"2024-07-15T20:49:58","slug":"doloroso-desenlace-hallan-cuerpo-de-evelyn-en-el-rio-yi","status":"publish","type":"post","link":"https:\/\/paginacero.com.uy\/?p=5120","title":{"rendered":"Doloroso desenlace: hallan cuerpo de Evelyn en el r\u00edo Y\u00ed"},"content":{"rendered":"<p>esta tarde fue encontrado el cuerpo sin vida de Evelyn Vargas Abelda\u00f1o, la adolescente de 16 a\u00f1os que hab\u00eda sido reportada como desaparecida el pasado mi\u00e9rcoles por la noche. La denuncia fue presentada por sus familiares, quienes alertaron a las autoridades sobre su ausencia.<!--more--><\/p>\n<p>informacion de https:\/\/www.duraznodigital.uy\/<\/p>\n<p>La Polic\u00eda y Bomberos llevaron a cabo un intenso rastrillaje en la zona del Puerto de los Barriles, el \u00faltimo lugar donde se tuvo una se\u00f1al del celular de la joven.<\/p>\n<p>La sub jefa de Polic\u00eda, Crio. Andrea Corujo, inform\u00f3 a DURAZNO DIGITAL que Evelyn Priscila Vargas Abelda\u00f1o fue encontrada a las 16:00 horas, a 200 metros del Puente Nuevo. Un perro del grupo K9 de la Guardia Republicana localiz\u00f3 el cuerpo sumergido en el agua.<\/p>\n","protected":false},"excerpt":{"rendered":"<p>esta tarde fue encontrado el cuerpo sin vida de Evelyn Vargas Abelda\u00f1o, la adolescente de 16 a\u00f1os que hab\u00eda sido reportada como desaparecida el pasado mi\u00e9rcoles por la noche. La denuncia fue presentada por sus familiares, quienes alertaron a las autoridades sobre su ausencia.<\/p>\n","protected":false},"author":4,"featured_media":5121,"comment_status":"closed","ping_status":"closed","sticky":false,"template":"","format":"standard","meta":{"footnotes":""},"categories":[5],"tags":[],"class_list":["post-5120","post","type-post","status-publish","format-standard","has-post-thumbnail","hentry","category-durazno"],"_links":{"self":[{"href":"https:\/\/paginacero.com.uy\/index.php?rest_route=\/wp\/v2\/posts\/5120","targetHints":{"allow":["GET"]}}],"collection":[{"href":"https:\/\/paginacero.com.uy\/index.php?rest_route=\/wp\/v2\/posts"}],"about":[{"href":"https:\/\/paginacero.com.uy\/index.php?rest_route=\/wp\/v2\/types\/post"}],"author":[{"embeddable":true,"href":"https:\/\/paginacero.com.uy\/index.php?rest_route=\/wp\/v2\/users\/4"}],"replies":[{"embeddable":true,"href":"https:\/\/paginacero.com.uy\/index.php?rest_route=%2Fwp%2Fv2%2Fcomments&post=5120"}],"version-history":[{"count":1,"href":"https:\/\/paginacero.com.uy\/index.php?rest_route=\/wp\/v2\/posts\/5120\/revisions"}],"predecessor-version":[{"id":5122,"href":"https:\/\/paginacero.com.uy\/index.php?rest_route=\/wp\/v2\/posts\/5120\/revisions\/5122"}],"wp:featuredmedia":[{"embeddable":true,"href":"https:\/\/paginacero.com.uy\/index.php?rest_route=\/wp\/v2\/media\/5121"}],"wp:attachment":[{"href":"https:\/\/paginacero.com.uy\/index.php?rest_route=%2Fwp%2Fv2%2Fmedia&parent=5120"}],"wp:term":[{"taxonomy":"category","embeddable":true,"href":"https:\/\/paginacero.com.uy\/index.php?rest_route=%2Fwp%2Fv2%2Fcategories&post=5120"},{"taxonomy":"post_tag","embeddable":true,"href":"https:\/\/paginacero.com.uy\/index.php?rest_route=%2Fwp%2Fv2%2Ftags&post=5120"}],"curies":[{"name":"wp","href":"https:\/\/api.w.org\/{rel}","templated":true}]}}