{"id":5113,"date":"2024-07-15T12:05:40","date_gmt":"2024-07-15T15:05:40","guid":{"rendered":"https:\/\/paginacero.com.uy\/?p=5113"},"modified":"2024-07-15T12:05:40","modified_gmt":"2024-07-15T15:05:40","slug":"ceres-lanza-hoy-el-programa-uruguay-apuntando-hacia-las-elecciones-de-mayo","status":"publish","type":"post","link":"https:\/\/paginacero.com.uy\/?p=5113","title":{"rendered":"CERES lanza hoy el programa +Uruguay apuntando hacia las elecciones de mayo"},"content":{"rendered":"<p><strong><span class=\"TextRun SCXW209616379 BCX0\" lang=\"ES-UY\" xml:lang=\"ES-UY\" data-contrast=\"auto\"><span class=\"NormalTextRun SCXW209616379 BCX0\" data-ccp-parastyle=\"Standard\" data-ccp-parastyle-defn=\"{&quot;ObjectId&quot;:&quot;42129499-4118-4321-ad51-3b8765679180|5&quot;,&quot;ClassId&quot;:1073872969,&quot;Properties&quot;:[469775450,&quot;Standard&quot;,201340122,&quot;2&quot;,134233614,&quot;true&quot;,469778129,&quot;Standard&quot;,335572020,&quot;1&quot;,469777841,&quot;Times New Roman&quot;,469777842,&quot;Arial&quot;,469777843,&quot;SimSun&quot;,469777844,&quot;Times New Roman&quot;,469769226,&quot;Times New Roman,Arial,SimSun&quot;,268442635,&quot;24&quot;,335559704,&quot;1081&quot;,335559705,&quot;2052&quot;,335551547,&quot;14346&quot;,134245417,&quot;false&quot;]}\">El Centro de Estudios de la Realidad Econ\u00f3mica y Social (Ceres) realizar\u00e1 hoy el lanzamiento del programa +Uruguay, enfocado en fortalecer la <\/span><span class=\"NormalTextRun SCXW209616379 BCX0\" data-ccp-parastyle=\"Standard\">institucionalidad y la democracia en el pa\u00eds, una iniciativa orientada a formar l\u00edderes con vocaci\u00f3n de servicio y capacitados para generar un impacto positivo en la sociedad. La presentaci\u00f3n ser\u00e1 hoy lunes a la hora 15.00 en la sala de conferencias de la Intendencia.<\/span><\/span><span class=\"EOP SCXW209616379 BCX0\" data-ccp-props=\"{&quot;134245417&quot;:false}\">\u00a0<\/span><\/strong><!--more--><\/p>\n<p><span data-contrast=\"auto\">El objetivo del programa es preparar a aspirantes a cargos estrat\u00e9gicos para las elecciones departamentales y municipales del 11 de mayo de 2025, donde se elegir\u00e1n\u00a0 aproximadamente 1.300 cargos p\u00fablicos entre\u00a0 alcaldes, concejales,\u00a0 intendentes y\u00a0 ediles por cinco a\u00f1os. Est\u00e1 prevista adem\u00e1s la realizaci\u00f3n de un taller dirigido a quienes efectivamente resulten electos y asuman los cargos el 9 de julio de 2025.<\/span><span data-ccp-props=\"{&quot;134245417&quot;:false}\">\u00a0<\/span><\/p>\n<p><span data-contrast=\"auto\">A trav\u00e9s de herramientas concretas y casos pr\u00e1cticos +Uruguay aspira a potenciar el desarrollo regional y aprovechar las oportunidades de inversi\u00f3n y empleo que puedan beneficiar a la comunidad. El programa que nace con una convocatoria amplia de interesados en la que, tras un proceso de selecci\u00f3n, participar\u00e1n en principio 80 personas, y luego se ir\u00e1 escalando,\u00a0 es ofrecido por Ceres en car\u00e1cter de beca total.<\/span><span data-ccp-props=\"{&quot;134245417&quot;:false}\">\u00a0<\/span><\/p>\n<p><span data-contrast=\"auto\">El director ejecutivo de Ceres, Ignacio Munyo, adelant\u00f3 que el programa consiste en\u00a0 60\u00a0 sesiones interactivas basadas en casos reales, donde se abordar\u00e1n temas tales como\u00a0 gesti\u00f3n democr\u00e1tica, liderazgo para el desarrollo, comunicaci\u00f3n estrat\u00e9gica, transparencia y rendici\u00f3n de cuentas.<\/span><span data-ccp-props=\"{&quot;134245417&quot;:false}\">\u00a0<\/span><\/p>\n<p><span data-contrast=\"auto\">Actualmente no existe una formaci\u00f3n espec\u00edfica en esta materia, por lo que la iniciativa es respaldada por las principales figuras pol\u00edticas del pa\u00eds, de todos los partidos, seg\u00fan destac\u00f3 Munyo . \u201cHay que aumentar la institucionalizaci\u00f3n y el di\u00e1logo virtuoso\u201d, remarc\u00f3 a la vez que indic\u00f3 que los profesores o facilitadores que dirigir\u00e1n las sesiones ser\u00e1n expertos con gran diversidad ideol\u00f3gica.<\/span><span data-ccp-props=\"{&quot;134245417&quot;:false}\">\u00a0<\/span><\/p>\n<p><span data-contrast=\"auto\">La convocatoria se realiza a figuras pol\u00edticas tanto como a ciudadanos interesados en el servicio p\u00fablico, sin importar su afiliaci\u00f3n partidaria o edad, siendo el periodo de inscripci\u00f3n a lo largo de todo el mes de Julio, a trav\u00e9s de la p\u00e1gina www + Uruguay.org.<\/span><span data-ccp-props=\"{&quot;134245417&quot;:false}\">\u00a0<\/span><\/p>\n<p><span data-contrast=\"auto\">Desde la instituci\u00f3n se coment\u00f3 sobre el convencimiento del impacto positivo que tendr\u00e1 la iniciativa, en beneficio de la construcci\u00f3n de pol\u00edticas p\u00fablicas, generando beneficios polifac\u00e9ticos para toda la sociedad. Como centro de investigaci\u00f3n, Ceres lleva cuatro a\u00f1os realizando proyectos centrados en la democracia, un activo valioso para el pa\u00eds tanto en la comparaci\u00f3n regional como en el resto del mundo.<\/span><span data-ccp-props=\"{&quot;134245417&quot;:false}\">\u00a0<\/span><\/p>\n<p><span data-contrast=\"auto\">En ese tiempo han realizado un acto de homenaje a la democracia en el Palacio Legislativo; una exposici\u00f3n fotogr\u00e1fica alusiva al tema desde el retorno a la democracia en la Plaza Independencia que recorri\u00f3 diferentes departamentos del interior; el documental \u2018Pueblo Soberano\u2019, presentado en el pa\u00eds y en Espa\u00f1a (Madrid) con la participaci\u00f3n de Enrique Iglesias y el expresidente espa\u00f1ol Felipe Gonz\u00e1lez; dos publicaciones; y cursos de formaci\u00f3n dirigido a j\u00f3venes de todos los partidos pol\u00edticos con representaci\u00f3n parlamentaria.<\/span><span data-ccp-props=\"{&quot;134245417&quot;:false}\">\u00a0<\/span><\/p>\n<p><span data-contrast=\"auto\">El Centro manifest\u00f3 su preocupaci\u00f3n por la democracia: El 85% de la poblaci\u00f3n apoya a la democracia, pero solo el 59% est\u00e1 satisfecha de ella, seg\u00fan surge del Latinobar\u00f3metro de 2023. Por otro lado, 86% de los funcionarios p\u00fablicos declara sentirse orgulloso de su funci\u00f3n, pero solo el 39% cree que puede desarrollar todo el potencial como empleado del Estado, recoge una encuesta del Banco Mundial de 2022.<\/span><span data-ccp-props=\"{&quot;134245417&quot;:false}\">\u00a0<\/span><\/p>\n<p><span data-contrast=\"auto\">A trav\u00e9s de +Uruguay, Ceres se compromete a la formaci\u00f3n de l\u00edderes locales con una visi\u00f3n global, como una herramienta para fortalecer la democracia y mejorar el desempe\u00f1o de la gesti\u00f3n p\u00fablica. El prop\u00f3sito es impulsar y desarrollar liderazgos p\u00fablicos consustanciados con la democracia y una aut\u00e9ntica vocaci\u00f3n de servicio. +Uruguay forma parte de Democracia+, una plataforma colaborativa que empodera a organizaciones locales, independientes y multipartidistas. Esta red inspira y desarrolla liderazgos pol\u00edticos emergentes a lo largo del espectro ideol\u00f3gico, con el objetivo de promover democracias representativas y efectivas en Am\u00e9rica Latina.<\/span><span data-ccp-props=\"{&quot;134245417&quot;:false}\">\u00a0<\/span><\/p>\n<p><span data-contrast=\"auto\">Actualmente, Democracia+ est\u00e1 presente en cuatro pa\u00edses, y con esta iniciativa, Uruguay se convertir\u00e1 en el quinto pa\u00eds en formar parte de ella. Es una organizaci\u00f3n que fomenta la pluralidad mediante el di\u00e1logo con organizaciones de la sociedad civil y partidos pol\u00edticos. Esta actitud es fundamental para la democracia, ya que su desarrollo depende de la experiencia vivida por la ciudadan\u00eda. La democracia act\u00faa como un resguardo de la civilizaci\u00f3n en la medida en que impulsa el bienestar y lo comunica adecuadamente, tal como bien explica el economista Daron Acemo\u011flu. Estos principios son los basamentos de este programa de formaci\u00f3n.<\/span><span data-ccp-props=\"{&quot;134245417&quot;:false}\">\u00a0<\/span><\/p>\n","protected":false},"excerpt":{"rendered":"<p>El Centro de Estudios de la Realidad Econ\u00f3mica y Social (Ceres) realizar\u00e1 hoy el lanzamiento del programa +Uruguay, enfocado en fortalecer la institucionalidad y la democracia en el pa\u00eds, una iniciativa orientada a formar l\u00edderes con vocaci\u00f3n de servicio y capacitados para generar un impacto positivo en la sociedad. La presentaci\u00f3n ser\u00e1 hoy lunes a [&hellip;]<\/p>\n","protected":false},"author":4,"featured_media":5114,"comment_status":"closed","ping_status":"closed","sticky":false,"template":"","format":"standard","meta":{"footnotes":""},"categories":[5],"tags":[],"class_list":["post-5113","post","type-post","status-publish","format-standard","has-post-thumbnail","hentry","category-durazno"],"_links":{"self":[{"href":"https:\/\/paginacero.com.uy\/index.php?rest_route=\/wp\/v2\/posts\/5113","targetHints":{"allow":["GET"]}}],"collection":[{"href":"https:\/\/paginacero.com.uy\/index.php?rest_route=\/wp\/v2\/posts"}],"about":[{"href":"https:\/\/paginacero.com.uy\/index.php?rest_route=\/wp\/v2\/types\/post"}],"author":[{"embeddable":true,"href":"https:\/\/paginacero.com.uy\/index.php?rest_route=\/wp\/v2\/users\/4"}],"replies":[{"embeddable":true,"href":"https:\/\/paginacero.com.uy\/index.php?rest_route=%2Fwp%2Fv2%2Fcomments&post=5113"}],"version-history":[{"count":1,"href":"https:\/\/paginacero.com.uy\/index.php?rest_route=\/wp\/v2\/posts\/5113\/revisions"}],"predecessor-version":[{"id":5115,"href":"https:\/\/paginacero.com.uy\/index.php?rest_route=\/wp\/v2\/posts\/5113\/revisions\/5115"}],"wp:featuredmedia":[{"embeddable":true,"href":"https:\/\/paginacero.com.uy\/index.php?rest_route=\/wp\/v2\/media\/5114"}],"wp:attachment":[{"href":"https:\/\/paginacero.com.uy\/index.php?rest_route=%2Fwp%2Fv2%2Fmedia&parent=5113"}],"wp:term":[{"taxonomy":"category","embeddable":true,"href":"https:\/\/paginacero.com.uy\/index.php?rest_route=%2Fwp%2Fv2%2Fcategories&post=5113"},{"taxonomy":"post_tag","embeddable":true,"href":"https:\/\/paginacero.com.uy\/index.php?rest_route=%2Fwp%2Fv2%2Ftags&post=5113"}],"curies":[{"name":"wp","href":"https:\/\/api.w.org\/{rel}","templated":true}]}}