{"id":5110,"date":"2024-07-15T12:03:15","date_gmt":"2024-07-15T15:03:15","guid":{"rendered":"https:\/\/paginacero.com.uy\/?p=5110"},"modified":"2024-07-15T12:03:15","modified_gmt":"2024-07-15T15:03:15","slug":"ideas-que-transforman-manana-habra-encuentro-en-utec","status":"publish","type":"post","link":"https:\/\/paginacero.com.uy\/?p=5110","title":{"rendered":"Ideas que transforman: ma\u00f1ana habr\u00e1 encuentro en UTEC"},"content":{"rendered":"<p><strong><span class=\"NormalTextRun SCXW13986566 BCX0\" data-ccp-parastyle=\"Standard\" data-ccp-parastyle-defn=\"{&quot;ObjectId&quot;:&quot;5044c1c4-c69a-498d-947b-694e7c0234b8|5&quot;,&quot;ClassId&quot;:1073872969,&quot;Properties&quot;:[469775450,&quot;Standard&quot;,201340122,&quot;2&quot;,134233614,&quot;true&quot;,469778129,&quot;Standard&quot;,335572020,&quot;1&quot;,469777841,&quot;Times New Roman&quot;,469777842,&quot;Arial&quot;,469777843,&quot;SimSun&quot;,469777844,&quot;Times New Roman&quot;,469769226,&quot;Times New Roman,Arial,SimSun&quot;,268442635,&quot;24&quot;,335559704,&quot;1081&quot;,335559705,&quot;2052&quot;,335551547,&quot;14346&quot;,134245417,&quot;false&quot;]}\">Desde la Universidad Tecnol\u00f3gica se est\u00e1 invitando al encuentro UTEC Futuros: ideas que transforman que se realizar\u00e1 ma\u00f1ana martes de 14 a 18 horas, con una propuesta que est\u00e1 <\/span><span class=\"NormalTextRun SCXW13986566 BCX0\" data-ccp-parastyle=\"Standard\">relacionada con la globalizaci\u00f3n y temas que est\u00e1n relacionados con lo educativo en particular.<\/span><\/strong><!--more--><\/p>\n<p><span data-contrast=\"auto\">En el encuentro se va a dialogar, explorar y debatir sobre algunas transformaciones globales como son el cambio clim\u00e1tico, la inteligencia artificial, el futuro de la educaci\u00f3n y, los cambios demogr\u00e1ficos y geopol\u00edticos.<\/span><span data-ccp-props=\"{&quot;134245417&quot;:false}\">\u00a0<\/span><\/p>\n<p><span data-contrast=\"auto\">Para la actividad se contar\u00e1 con referentes internacionales como Dale Johnson, director de Innovaci\u00f3n Digital, University Design Institute, Arizona State University (ASU), Elianne Elbaum Lab Manager of MICROSOFT AI Co-Innovation Lab Uruguay, Shane Walker, director del Centro de Recursos H\u00eddricos en la Universidad Tecnol\u00f3gica de Texas, Diego Pereira Consultor Senior en Finanzas Sostenibles.<\/span><span data-ccp-props=\"{&quot;134245417&quot;:false}\">\u00a0<\/span><\/p>\n<p><span data-contrast=\"auto\">UTEC Futuros es una jornada para conocer ideas que transforman, de reflexi\u00f3n y debate, que reunir\u00e1 a mentes curiosas y visionarias para abordar las transformaciones globales que est\u00e1n moldeando nuestro mundo. Las tem\u00e1ticas que se abordar\u00e1n ser\u00e1n cambio clim\u00e1tico, inteligencia artificial, el futuro de la educaci\u00f3n, cambios demogr\u00e1ficos y geopol\u00edticos globales. Es un evento gratuito dirigido a todo p\u00fablico interesado en las transformaciones globales y su impacto en Uruguay.<\/span><span data-ccp-props=\"{&quot;134245417&quot;:false}\">\u00a0<\/span><\/p>\n<p><span data-contrast=\"auto\">Dale Johnson es un l\u00edder reconocido en la educaci\u00f3n adaptativa y su trabajo ha transformado la forma en que las universidades abordan el aprendizaje personalizado. Ha sido galardonado con el Premio IMS Global Learning. Posee un m\u00e1ster en pol\u00edticas p\u00fablicas de la Universidad de Harvard, combinando sus intereses en dise\u00f1o, ingenier\u00eda y pol\u00edticas educativas. Ha contribuido a la transformaci\u00f3n de su universidad, la Universidad Estatal de Arizona (ASU), en la instituci\u00f3n m\u00e1s innovadora de los EEUU, clasificada como n\u00famero 1 en innovaci\u00f3n por U.S. News &amp; World Report, n\u00famero 1 en sostenibilidad por la AASHE, y reconocida por su excelencia en el uso de tecnolog\u00edas educativas para mejorar el \u00e9xito estudiantil.<\/span><span data-ccp-props=\"{&quot;134245417&quot;:false}\">\u00a0<\/span><\/p>\n<p><span data-contrast=\"auto\">Elianne Elbaum tiene una maestr\u00eda en estudios diplom\u00e1ticos por la Universidad de Oxford, Reino Unido. Actualmente est\u00e1 terminando su doctorado en pol\u00edticas p\u00fablicas y tecnolog\u00eda en la Universidad Polit\u00e9cnica de Valencia. Fue diplom\u00e1tica de Uruguay de 2011 a 2016, incluyendo C\u00f3nsul de Uruguay en Sao Paulo. Fue Directora del Centro de Vinculaci\u00f3n Global de la UTEC. Actualmente es Gerente General del Microsoft AI CO-Innovation Lab, centro regional con sede en Uruguay, y profesora adjunta de la Universidad ORT.<\/span><span data-ccp-props=\"{&quot;134245417&quot;:false}\">\u00a0<\/span><\/p>\n<p><span data-contrast=\"auto\">Shane Walker ha sido reconocido por sus contribuciones a la ingenier\u00eda del agua y ha colaborado en proyectos innovadores para mejorar la eficiencia energ\u00e9tica y la sostenibilidad de los sistemas de tratamiento de agua. Se ha especializado en el tratamiento de agua potable, desalinizaci\u00f3n y procesos de tratamiento f\u00edsico-qu\u00edmico. Adem\u00e1s, ha contribuido a comprender c\u00f3mo el cambio clim\u00e1tico afecta la disponibilidad de agua, buscando formas pr\u00e1cticas y accesibles para adaptar y proteger nuestros recursos h\u00eddricos en el futuro.<\/span><span data-ccp-props=\"{&quot;134245417&quot;:false}\">\u00a0<\/span><\/p>\n<p><span data-contrast=\"auto\">Diego Pereira es consultor y especialista en el centro regional de UNDP Sustainable Finance Hub. Es docente de Econom\u00eda del Uruguay en la Universidad de la Rep\u00fablica. Su experiencia abarca el sector p\u00fablico, privado y organizaciones sociales, desempe\u00f1\u00e1ndose en BBVA y la ONG IPRU, donde ha integrado estrategias financieras con impacto social. Fue Director Ejecutivo de Banca \u00c9tica Uruguay promoviendo pr\u00e1cticas financieras responsables que fomentan el desarrollo sostenible.<\/span><span data-ccp-props=\"{&quot;134245417&quot;:false}\">\u00a0<\/span><\/p>\n<p><span data-contrast=\"auto\">Para participar en la actividad, que tiene cupos limitados, se debe llenar el siguiente formulario https:\/\/n9.cl\/jx1rh<\/span><br \/>\n<span data-ccp-props=\"{&quot;134245417&quot;:false}\">\u00a0<\/span><\/p>\n","protected":false},"excerpt":{"rendered":"<p>Desde la Universidad Tecnol\u00f3gica se est\u00e1 invitando al encuentro UTEC Futuros: ideas que transforman que se realizar\u00e1 ma\u00f1ana martes de 14 a 18 horas, con una propuesta que est\u00e1 relacionada con la globalizaci\u00f3n y temas que est\u00e1n relacionados con lo educativo en particular.<\/p>\n","protected":false},"author":4,"featured_media":5111,"comment_status":"closed","ping_status":"closed","sticky":false,"template":"","format":"standard","meta":{"footnotes":""},"categories":[5],"tags":[],"class_list":["post-5110","post","type-post","status-publish","format-standard","has-post-thumbnail","hentry","category-durazno"],"_links":{"self":[{"href":"https:\/\/paginacero.com.uy\/index.php?rest_route=\/wp\/v2\/posts\/5110","targetHints":{"allow":["GET"]}}],"collection":[{"href":"https:\/\/paginacero.com.uy\/index.php?rest_route=\/wp\/v2\/posts"}],"about":[{"href":"https:\/\/paginacero.com.uy\/index.php?rest_route=\/wp\/v2\/types\/post"}],"author":[{"embeddable":true,"href":"https:\/\/paginacero.com.uy\/index.php?rest_route=\/wp\/v2\/users\/4"}],"replies":[{"embeddable":true,"href":"https:\/\/paginacero.com.uy\/index.php?rest_route=%2Fwp%2Fv2%2Fcomments&post=5110"}],"version-history":[{"count":1,"href":"https:\/\/paginacero.com.uy\/index.php?rest_route=\/wp\/v2\/posts\/5110\/revisions"}],"predecessor-version":[{"id":5112,"href":"https:\/\/paginacero.com.uy\/index.php?rest_route=\/wp\/v2\/posts\/5110\/revisions\/5112"}],"wp:featuredmedia":[{"embeddable":true,"href":"https:\/\/paginacero.com.uy\/index.php?rest_route=\/wp\/v2\/media\/5111"}],"wp:attachment":[{"href":"https:\/\/paginacero.com.uy\/index.php?rest_route=%2Fwp%2Fv2%2Fmedia&parent=5110"}],"wp:term":[{"taxonomy":"category","embeddable":true,"href":"https:\/\/paginacero.com.uy\/index.php?rest_route=%2Fwp%2Fv2%2Fcategories&post=5110"},{"taxonomy":"post_tag","embeddable":true,"href":"https:\/\/paginacero.com.uy\/index.php?rest_route=%2Fwp%2Fv2%2Ftags&post=5110"}],"curies":[{"name":"wp","href":"https:\/\/api.w.org\/{rel}","templated":true}]}}