{"id":5107,"date":"2024-07-15T11:56:49","date_gmt":"2024-07-15T14:56:49","guid":{"rendered":"https:\/\/paginacero.com.uy\/?p=5107"},"modified":"2024-07-15T11:56:49","modified_gmt":"2024-07-15T14:56:49","slug":"intensifican-la-busqueda-de-una-adolescente-de-16-anos-que-desaparecio-en-durazno","status":"publish","type":"post","link":"https:\/\/paginacero.com.uy\/?p=5107","title":{"rendered":"Intensifican la b\u00fasqueda de una adolescente de 16 a\u00f1os  que desapareci\u00f3 en Durazno"},"content":{"rendered":"<p><strong>C\u00e1maras que est\u00e1n cerca del R\u00edo Y\u00ed registraron a Evelyn Vargas en la zona, por lo que la Polic\u00eda buscar\u00e1 por mar y tierra.<\/strong><!--more--><\/p>\n<p style=\"font-weight: 400;\">La Polic\u00eda de Durazno busca desde el pasado 10 de julio a una joven de 16 a\u00f1os que desapareci\u00f3 en la capital departamental. De acuerdo con la informaci\u00f3n policial, su familia radic\u00f3 la denuncia la semana pasada y desde entonces las autoridades no tienen mayores indicios.<\/p>\n<p style=\"font-weight: 400;\">En las \u00faltimas horas, sin embargo, las c\u00e1maras de videovigilancias del Ministerio del Interior registraron a Evelyn Vargas en las inmediaciones del R\u00edo Y\u00ed, precisamente en la zona del puente nuevo.<\/p>\n<p style=\"font-weight: 400;\">Ante esto, la Polic\u00eda intensific\u00f3 la b\u00fasqueda de la joven y los efectivos se desplegar\u00e1n a partir de este lunes por mar y tierra para dar con el paradero de la adolescente.<\/p>\n","protected":false},"excerpt":{"rendered":"<p>C\u00e1maras que est\u00e1n cerca del R\u00edo Y\u00ed registraron a Evelyn Vargas en la zona, por lo que la Polic\u00eda buscar\u00e1 por mar y tierra.<\/p>\n","protected":false},"author":4,"featured_media":5108,"comment_status":"closed","ping_status":"closed","sticky":false,"template":"","format":"standard","meta":{"footnotes":""},"categories":[5],"tags":[],"class_list":["post-5107","post","type-post","status-publish","format-standard","has-post-thumbnail","hentry","category-durazno"],"_links":{"self":[{"href":"https:\/\/paginacero.com.uy\/index.php?rest_route=\/wp\/v2\/posts\/5107","targetHints":{"allow":["GET"]}}],"collection":[{"href":"https:\/\/paginacero.com.uy\/index.php?rest_route=\/wp\/v2\/posts"}],"about":[{"href":"https:\/\/paginacero.com.uy\/index.php?rest_route=\/wp\/v2\/types\/post"}],"author":[{"embeddable":true,"href":"https:\/\/paginacero.com.uy\/index.php?rest_route=\/wp\/v2\/users\/4"}],"replies":[{"embeddable":true,"href":"https:\/\/paginacero.com.uy\/index.php?rest_route=%2Fwp%2Fv2%2Fcomments&post=5107"}],"version-history":[{"count":1,"href":"https:\/\/paginacero.com.uy\/index.php?rest_route=\/wp\/v2\/posts\/5107\/revisions"}],"predecessor-version":[{"id":5109,"href":"https:\/\/paginacero.com.uy\/index.php?rest_route=\/wp\/v2\/posts\/5107\/revisions\/5109"}],"wp:featuredmedia":[{"embeddable":true,"href":"https:\/\/paginacero.com.uy\/index.php?rest_route=\/wp\/v2\/media\/5108"}],"wp:attachment":[{"href":"https:\/\/paginacero.com.uy\/index.php?rest_route=%2Fwp%2Fv2%2Fmedia&parent=5107"}],"wp:term":[{"taxonomy":"category","embeddable":true,"href":"https:\/\/paginacero.com.uy\/index.php?rest_route=%2Fwp%2Fv2%2Fcategories&post=5107"},{"taxonomy":"post_tag","embeddable":true,"href":"https:\/\/paginacero.com.uy\/index.php?rest_route=%2Fwp%2Fv2%2Ftags&post=5107"}],"curies":[{"name":"wp","href":"https:\/\/api.w.org\/{rel}","templated":true}]}}